    
{"id":67785,"date":"2023-06-22T10:33:16","date_gmt":"2023-06-22T08:33:16","guid":{"rendered":"https:\/\/www.praha7.cz\/?p=67785"},"modified":"2023-07-21T10:44:18","modified_gmt":"2023-07-21T08:44:18","slug":"anketa-tridite-odpad","status":"publish","type":"post","link":"https:\/\/www.praha7.cz\/anketa-tridite-odpad\/","title":{"rendered":"Anketa: T\u0159\u00edd\u00edte odpad?"},"content":{"rendered":"<p>[perex]<\/p>\r\n<p>T\u0159\u00edd\u00edte odpad? Co by v\u00e1m t\u0159\u00edd\u011bn\u00ed usnadnilo? A&nbsp;m\u011bli byste z\u00e1jem t\u0159eba o&nbsp;kompost\u00e9r? Vytvo\u0159ili jsme pro v\u00e1s <a href=\"https:\/\/www.praha7.cz\/anketa-web\/odpady\" target=\"_blank\" rel=\"noopener\">kr\u00e1tk\u00fd dotazn\u00edk<\/a>, budeme r\u00e1di za vypln\u011bn\u00ed a&nbsp;va\u0161e podn\u011bty.<\/p>\r\n<p>[\/perex]<\/p>\r\n<p><strong>Anketu o&nbsp;odpadech m\u016f\u017eete vyplnit <a href=\"https:\/\/www.praha7.cz\/anketa-web\/odpady\" target=\"_blank\" rel=\"noopener\">tady<\/a>.<\/strong><\/p>\r\n<p>V\u0161e o&nbsp;odpadech na Sedmi\u010dce najdete <a href=\"https:\/\/www.praha7.cz\/temata\/odpad\/\">zde<\/a>.<\/p>\r\n<p>V\u00edce o&nbsp;dom\u00e1c\u00edch stanovi\u0161t\u00edch t\u0159\u00edd\u011bn\u00e9ho odpadu se dozv\u00edte <a href=\"https:\/\/www.praha7.cz\/temata\/odpad\/trideny-odpad\/kontejnery-do-domu\/\">tady<\/a>.<\/p>\r\n<p>M\u00e1te dotazy k&nbsp;nakl\u00e1d\u00e1n\u00ed s&nbsp;odpady? Pi\u0161te pros\u00edm na: <a href=\"mailto:odpady@praha7.cz\">odpady@praha7.cz<\/a><\/p>","protected":false},"excerpt":{"rendered":"[perex] T\u0159\u00edd\u00edte odpad? Co by v\u00e1m t\u0159\u00edd\u011bn\u00ed usnadnilo? A&nbsp;m\u011bli byste z\u00e1jem t\u0159eba o&nbsp;kompost\u00e9r? Vytvo\u0159ili jsme pro v\u00e1s kr\u00e1tk\u00fd dotazn\u00edk, budeme r\u00e1di za vypln\u011bn\u00ed a&nbsp;va\u0161e podn\u011bty. [\/perex] Anketu o&nbsp;odpadech m\u016f\u017eete vyplnit tady. V\u0161e o&nbsp;odpadech na Sedmi\u010dce najdete zde. V\u00edce o&nbsp;dom\u00e1c\u00edch stanovi\u0161t\u00edch t\u0159\u00edd\u011bn\u00e9ho odpadu se dozv\u00edte tady. M\u00e1te dotazy k&nbsp;nakl\u00e1d\u00e1n\u00ed s&nbsp;odpady? Pi\u0161te pros\u00edm na: odpady@praha7.cz","protected":false},"author":251,"featured_media":67786,"comment_status":"closed","ping_status":"open","sticky":false,"template":"","format":"standard","meta":[],"categories":[34],"tags":[],"_links":{"self":[{"href":"https:\/\/www.praha7.cz\/api\/wp\/v2\/posts\/67785"}],"collection":[{"href":"https:\/\/www.praha7.cz\/api\/wp\/v2\/posts"}],"about":[{"href":"https:\/\/www.praha7.cz\/api\/wp\/v2\/types\/post"}],"author":[{"embeddable":true,"href":"https:\/\/www.praha7.cz\/api\/wp\/v2\/users\/251"}],"replies":[{"embeddable":true,"href":"https:\/\/www.praha7.cz\/api\/wp\/v2\/comments?post=67785"}],"version-history":[{"count":2,"href":"https:\/\/www.praha7.cz\/api\/wp\/v2\/posts\/67785\/revisions"}],"predecessor-version":[{"id":67830,"href":"https:\/\/www.praha7.cz\/api\/wp\/v2\/posts\/67785\/revisions\/67830"}],"wp:featuredmedia":[{"embeddable":true,"href":"https:\/\/www.praha7.cz\/api\/wp\/v2\/media\/67786"}],"wp:attachment":[{"href":"https:\/\/www.praha7.cz\/api\/wp\/v2\/media?parent=67785"}],"wp:term":[{"taxonomy":"category","embeddable":true,"href":"https:\/\/www.praha7.cz\/api\/wp\/v2\/categories?post=67785"},{"taxonomy":"post_tag","embeddable":true,"href":"https:\/\/www.praha7.cz\/api\/wp\/v2\/tags?post=67785"}],"curies":[{"name":"wp","href":"https:\/\/api.w.org\/{rel}","templated":true}]}}