    
{"id":67738,"date":"2023-06-21T11:07:51","date_gmt":"2023-06-21T09:07:51","guid":{"rendered":"https:\/\/www.praha7.cz\/?p=67738"},"modified":"2023-06-27T10:40:58","modified_gmt":"2023-06-27T08:40:58","slug":"den-pamatky-obeti-komunistickeho-rezimu-3","status":"publish","type":"post","link":"https:\/\/www.praha7.cz\/den-pamatky-obeti-komunistickeho-rezimu-3\/","title":{"rendered":"Den pam\u00e1tky ob\u011bt\u00ed komunistick\u00e9ho re\u017eimu"},"content":{"rendered":"<p>[perex]<\/p>\r\n<p>M\u010c Praha&nbsp;7 v\u00e1s u&nbsp;p\u0159\u00edle\u017eitosti Dne pam\u00e1tky ob\u011bt\u00ed komunistick\u00e9ho re\u017eimu zve na pietn\u00ed vzpom\u00ednkovou akci, kter\u00e1 se uskute\u010dn\u00ed v&nbsp;\u00fater\u00fd 27.&nbsp;\u010dervna 2023 v&nbsp;9 hodin u&nbsp;pam\u011btn\u00ed desky JUDr. Milady Hor\u00e1kov\u00e9 v&nbsp;ulici Milady Hor\u00e1kov\u00e9 2.<\/p>\r\n<p>[\/perex]<\/p>","protected":false},"excerpt":{"rendered":"[perex] M\u010c Praha&nbsp;7 v\u00e1s u&nbsp;p\u0159\u00edle\u017eitosti Dne pam\u00e1tky ob\u011bt\u00ed komunistick\u00e9ho re\u017eimu zve na pietn\u00ed vzpom\u00ednkovou akci, kter\u00e1 se uskute\u010dn\u00ed v&nbsp;\u00fater\u00fd 27.&nbsp;\u010dervna 2023 v&nbsp;9 hodin u&nbsp;pam\u011btn\u00ed desky JUDr. Milady Hor\u00e1kov\u00e9 v&nbsp;ulici Milady Hor\u00e1kov\u00e9 2. [\/perex]","protected":false},"author":5,"featured_media":67739,"comment_status":"closed","ping_status":"open","sticky":false,"template":"","format":"standard","meta":[],"categories":[34],"tags":[],"_links":{"self":[{"href":"https:\/\/www.praha7.cz\/api\/wp\/v2\/posts\/67738"}],"collection":[{"href":"https:\/\/www.praha7.cz\/api\/wp\/v2\/posts"}],"about":[{"href":"https:\/\/www.praha7.cz\/api\/wp\/v2\/types\/post"}],"author":[{"embeddable":true,"href":"https:\/\/www.praha7.cz\/api\/wp\/v2\/users\/5"}],"replies":[{"embeddable":true,"href":"https:\/\/www.praha7.cz\/api\/wp\/v2\/comments?post=67738"}],"version-history":[{"count":1,"href":"https:\/\/www.praha7.cz\/api\/wp\/v2\/posts\/67738\/revisions"}],"predecessor-version":[{"id":67740,"href":"https:\/\/www.praha7.cz\/api\/wp\/v2\/posts\/67738\/revisions\/67740"}],"wp:featuredmedia":[{"embeddable":true,"href":"https:\/\/www.praha7.cz\/api\/wp\/v2\/media\/67739"}],"wp:attachment":[{"href":"https:\/\/www.praha7.cz\/api\/wp\/v2\/media?parent=67738"}],"wp:term":[{"taxonomy":"category","embeddable":true,"href":"https:\/\/www.praha7.cz\/api\/wp\/v2\/categories?post=67738"},{"taxonomy":"post_tag","embeddable":true,"href":"https:\/\/www.praha7.cz\/api\/wp\/v2\/tags?post=67738"}],"curies":[{"name":"wp","href":"https:\/\/api.w.org\/{rel}","templated":true}]}}