    
{"id":67703,"date":"2023-06-20T11:58:00","date_gmt":"2023-06-20T09:58:00","guid":{"rendered":"https:\/\/www.praha7.cz\/?p=67703"},"modified":"2023-10-11T15:13:21","modified_gmt":"2023-10-11T13:13:21","slug":"v-praze-7-vznika-novy-park-na-brehu-vltavy","status":"publish","type":"post","link":"https:\/\/www.praha7.cz\/v-praze-7-vznika-novy-park-na-brehu-vltavy\/","title":{"rendered":"V Praze 7 vznik\u00e1 nov\u00fd park na b\u0159ehu Vltavy"},"content":{"rendered":"<p>[perex]<\/p>\r\n<p>M\u011bstsk\u00e1 \u010d\u00e1st Praha\u00a07 za\u010d\u00edn\u00e1 budovat nov\u00fd park U\u00a0Vody na b\u0159ehu Vltavy mezi hole\u0161ovick\u00fdm p\u0159\u00edstavem a\u00a0mostem Barik\u00e1dn\u00edk\u016f. Park byl p\u0159ipravov\u00e1n spole\u010dn\u011b s\u00a0obyvateli Sedmi\u010dky a&nbsp;jeho podoba vze\u0161la z&nbsp;urbanisticko-krajin\u00e1\u0159sk\u00e9 sout\u011b\u017ee. Hole\u0161ovice tak p\u0159\u00ed\u0161t\u00ed rok dostanou poprv\u00e9 v\u00a0historii sv\u016fj upraven\u00fd m\u011bstsk\u00fd park pro rekreaci, sport \u010di komunitn\u00ed a&nbsp;sousedsk\u00e9 aktivity.<\/p>\r\n<p>[\/perex]<\/p>\r\n<p><em>\u201eNest\u00e1v\u00e1 se p\u0159\u00edli\u0161 \u010dasto, \u017ee se v\u00a0centru m\u011bsta poda\u0159\u00ed vybudovat nov\u00fd park. Jsme proto velmi r\u00e1di, \u017ee se n\u00e1m na Sedmi\u010dce poda\u0159ilo naj\u00edt vhodnou plochu u&nbsp;Vltavy, kter\u00e1 dlouho le\u017eela ladem. Lid\u00e9 ji m\u011bli spojenou sp\u00ed\u0161e s\u00a0odtahov\u00fdm parkovi\u0161t\u011bm, kter\u00e9 zde d\u0159\u00edve b\u00fdvalo, ne\u017e s\u00a0m\u00edstem pro p\u0159\u00edjemn\u00e9 tr\u00e1ven\u00ed voln\u00e9ho \u010dasu. V\u00a0roce 2019 jsme se pustili do pr\u00e1ce, cel\u00fd prostor jsme vy\u010distili, nevzhledn\u00e9 betonov\u00e9 plochy nahradila tr\u00e1va, um\u00edstili jsme sem venkovn\u00ed posilovnu a&nbsp;m\u00edstn\u00ed obyvatel\u00e9 postupn\u011b za\u010dali zji\u0161\u0165ovat, \u017ee maj\u00ed v\u00a0bl\u00edzk\u00e9m sousedstv\u00ed zaj\u00edmav\u00e9 m\u00edsto pro sport a&nbsp;rekreaci. Nyn\u00ed zahajujeme parkov\u00e9 \u00fapravy, po jejich\u017e dokon\u010den\u00ed ji\u017e obyvatel\u00e9 Hole\u0161ovic nebudou muset d\u011blat v\u00fdpravy za zelen\u00ed na Letnou \u010di na \u0160tvanici,\u201c<\/em> uvedl <em><strong>starosta Prahy&nbsp;7 Jan \u010ci\u017einsk\u00fd<\/strong><\/em>.<\/p>\r\n<p><img loading=\"lazy\" src=\"https:\/\/www.praha7.cz\/wp-content\/uploads\/2023\/06\/park-U-Vody-3-1500x1000.jpg\" alt=\"\" width=\"640\" height=\"427\" class=\"alignnone size-large wp-image-67712\" srcset=\"https:\/\/www.praha7.cz\/wp-content\/uploads\/2023\/06\/park-U-Vody-3-1500x1000.jpg 1500w, https:\/\/www.praha7.cz\/wp-content\/uploads\/2023\/06\/park-U-Vody-3-600x400.jpg 600w, https:\/\/www.praha7.cz\/wp-content\/uploads\/2023\/06\/park-U-Vody-3-768x512.jpg 768w, https:\/\/www.praha7.cz\/wp-content\/uploads\/2023\/06\/park-U-Vody-3-1536x1024.jpg 1536w, https:\/\/www.praha7.cz\/wp-content\/uploads\/2023\/06\/park-U-Vody-3-2048x1365.jpg 2048w\" sizes=\"(max-width: 640px) 100vw, 640px\" \/><\/p>\r\n<p>Do p\u0159\u00edpravy projektu nov\u00e9ho parku byli od po\u010d\u00e1tku zapojeni tak\u00e9 obyvatel\u00e9 Prahy&nbsp;7. Prob\u011bhlo n\u011bkolik participativn\u00edch setk\u00e1n\u00ed, park se stal sou\u010d\u00e1st\u00ed aktivit v&nbsp;r\u00e1mci tzv. p\u0159\u00edm\u011bstsk\u00e9ho parku Trojsk\u00e1 kotlina, \u0161kol\u00e1ci se prom\u011bn\u011b m\u00edsta v\u011bnovali v\u00a0r\u00e1mci v\u00fdtvarn\u00fdch sout\u011b\u017e\u00ed a&nbsp;ob\u010dan\u00e9 rozhodli tak\u00e9 o&nbsp;n\u00e1zvu park U&nbsp;Vody. Podn\u011bty z\u00a0ve\u0159ejn\u00fdch projedn\u00e1n\u00ed m\u011bstsk\u00e1 \u010d\u00e1st prom\u00edtla do zad\u00e1n\u00ed urbanisticko-krajin\u00e1\u0159sk\u00e9 sout\u011b\u017ee a&nbsp;n\u00e1sledn\u011b i&nbsp;do samotn\u00e9ho zpracov\u00e1n\u00ed projektu. Sout\u011b\u017e prob\u011bhla na p\u0159elomu let 2020 a&nbsp;2021 a&nbsp;zv\u00edt\u011bzil v&nbsp;n\u00ed n\u00e1vrh ateli\u00e9ru YYYY.<\/p>\r\n<p><img loading=\"lazy\" src=\"https:\/\/www.praha7.cz\/wp-content\/uploads\/2023\/06\/park-U-Vody-vizualizace-YYYY-1419x1000.jpg\" alt=\"\" width=\"640\" height=\"451\" class=\"alignnone size-large wp-image-67709\" srcset=\"https:\/\/www.praha7.cz\/wp-content\/uploads\/2023\/06\/park-U-Vody-vizualizace-YYYY-1419x1000.jpg 1419w, https:\/\/www.praha7.cz\/wp-content\/uploads\/2023\/06\/park-U-Vody-vizualizace-YYYY-568x400.jpg 568w, https:\/\/www.praha7.cz\/wp-content\/uploads\/2023\/06\/park-U-Vody-vizualizace-YYYY-768x541.jpg 768w, https:\/\/www.praha7.cz\/wp-content\/uploads\/2023\/06\/park-U-Vody-vizualizace-YYYY-1536x1083.jpg 1536w, https:\/\/www.praha7.cz\/wp-content\/uploads\/2023\/06\/park-U-Vody-vizualizace-YYYY-2048x1444.jpg 2048w\" sizes=\"(max-width: 640px) 100vw, 640px\" \/><\/p>\r\n<p><em>\u201eNa\u0161\u00edm c\u00edlem bylo v\u00a0\u0159e\u0161en\u00e9m \u00fazem\u00ed vytvo\u0159it funk\u010dn\u00ed ve\u0159ejn\u00fd prostor, kter\u00fd bude schopen dynamicky reagovat na prom\u011b\u0148uj\u00edc\u00ed se zp\u016fsob u\u017e\u00edv\u00e1n\u00ed ze strany obyvatel a\u00a0z\u00e1rove\u0148 bude sou\u010d\u00e1st\u00ed budouc\u00edho \u017eiv\u00e9ho zelen\u00e9ho p\u00e1su n\u00e1b\u0159e\u017e\u00ed kolem cel\u00fdch Hole\u0161ovic. Na z\u00e1klad\u011b\u00a0podn\u011bt\u016f od ob\u010dan\u016f jsme se v\u00a0projektu zam\u011b\u0159ili na obnoven\u00e9 i&nbsp;zcela nov\u00e9 vstupy do vody i&nbsp;vodn\u00ed prvky p\u0159\u00edmo v&nbsp;parku, z\u00e1jem byl tak\u00e9 o&nbsp;prostory pro sousedsk\u00e9 setk\u00e1v\u00e1n\u00ed, jako je komunitn\u00ed zahrada \u010di spole\u010dn\u00e9 ohni\u0161t\u011b. Zachov\u00e1ny budou rovn\u011b\u017e stopy minulosti v&nbsp;podob\u011b industri\u00e1ln\u00edch prvk\u016f, jako jsou v\u00a0prostoru ponechan\u00e9 koleje,\u201c<\/em> \u0159eka <em><strong>m\u00edstostarostka Prahy&nbsp;7 Lenka Burgerov\u00e1<\/strong><\/em>, kter\u00e1 m\u00e1 na starosti \u00fazemn\u00ed rozvoj a&nbsp;participaci.<\/p>\r\n<p><img loading=\"lazy\" src=\"https:\/\/www.praha7.cz\/wp-content\/uploads\/2023\/06\/park-U-Vody-2-1500x1000.jpg\" alt=\"\" width=\"640\" height=\"427\" class=\"alignnone size-large wp-image-67711\" srcset=\"https:\/\/www.praha7.cz\/wp-content\/uploads\/2023\/06\/park-U-Vody-2-1500x1000.jpg 1500w, https:\/\/www.praha7.cz\/wp-content\/uploads\/2023\/06\/park-U-Vody-2-600x400.jpg 600w, https:\/\/www.praha7.cz\/wp-content\/uploads\/2023\/06\/park-U-Vody-2-768x512.jpg 768w, https:\/\/www.praha7.cz\/wp-content\/uploads\/2023\/06\/park-U-Vody-2-1536x1024.jpg 1536w, https:\/\/www.praha7.cz\/wp-content\/uploads\/2023\/06\/park-U-Vody-2-2048x1365.jpg 2048w\" sizes=\"(max-width: 640px) 100vw, 640px\" \/><\/p>\r\n<p>V\u00a0parku budou vytvo\u0159ena m\u00edsta s\u00a0p\u0159\u00edjemn\u00fdm posezen\u00edm a&nbsp;v\u00fdhledem na \u0159eku, s\u00ed\u0165 pohodln\u00fdch cesti\u010dek s\u00a0p\u0159\u00edstupem k\u00a0vod\u011b i&nbsp;netradi\u010dn\u00ed smyslov\u00fd chodn\u00edk, kde se budou n\u00e1v\u0161t\u011bvn\u00edci moci naboso proj\u00edt po r\u016fzn\u00fdch typech povrch\u016f. Chyb\u011bt nebudou ani posilovac\u00ed stroje \u010di venkovn\u00ed studovna.<\/p>\r\n<p><em>\u201eM\u00edsto parku je specifick\u00e9, jeliko\u017e se jedn\u00e1 o&nbsp;aktivn\u00ed z\u00f3nu z\u00e1plavov\u00e9ho \u00fazem\u00ed a&nbsp;nen\u00ed zde mo\u017en\u00e9 um\u00eds\u0165ovat \u017e\u00e1dn\u00e9 stavby trval\u00e9ho charakteru. Proto jsou napl\u00e1nov\u00e1ny p\u0159edev\u0161\u00edm citliv\u00e9 krajin\u00e1\u0159sk\u00e9 \u00fapravy. Po\u010d\u00edt\u00e1 se se zachov\u00e1n\u00edm vegetace p\u0159\u00edrodn\u00edho charakteru, kterou dopln\u00ed v\u00fdsadba p\u0159ipom\u00ednaj\u00edc\u00ed ovocn\u00e9 sady. Dominantou prostoru bude otev\u0159en\u00e1 travnat\u00e1 plocha pro pikniky \u010di sportovn\u00ed vy\u017eit\u00ed,\u201c<\/em> doplnil <em><strong>Ji\u0159\u00ed Knitl, radn\u00ed Prahy&nbsp;7<\/strong><\/em> pro ve\u0159ejn\u00fd prostor a&nbsp;\u017eivotn\u00ed prost\u0159ed\u00ed.<\/p>\r\n<p><img loading=\"lazy\" src=\"https:\/\/www.praha7.cz\/wp-content\/uploads\/2023\/06\/park-U-Vody-5-1500x1000.jpg\" alt=\"\" width=\"640\" height=\"427\" class=\"alignnone size-large wp-image-67705\" srcset=\"https:\/\/www.praha7.cz\/wp-content\/uploads\/2023\/06\/park-U-Vody-5-1500x1000.jpg 1500w, https:\/\/www.praha7.cz\/wp-content\/uploads\/2023\/06\/park-U-Vody-5-600x400.jpg 600w, https:\/\/www.praha7.cz\/wp-content\/uploads\/2023\/06\/park-U-Vody-5-768x512.jpg 768w, https:\/\/www.praha7.cz\/wp-content\/uploads\/2023\/06\/park-U-Vody-5-1536x1024.jpg 1536w, https:\/\/www.praha7.cz\/wp-content\/uploads\/2023\/06\/park-U-Vody-5-2048x1365.jpg 2048w\" sizes=\"(max-width: 640px) 100vw, 640px\" \/><\/p>\r\n<p>Krom\u011b parkov\u00fdch cest budou \u00fazem\u00edm proch\u00e1zet tak\u00e9 dv\u011b stezky, kter\u00e9 realizuje TSK hl. m. Prahy. Trasa pro p\u011b\u0161\u00ed a&nbsp;cyklisty veden\u00e1 nap\u0159\u00ed\u010d parkem navazuje na ji\u017e otev\u0159enou stezku na n\u00e1b\u0159e\u017e\u00ed mezi Trojsk\u00fdm mostem a&nbsp;mostem Barik\u00e1dn\u00edk\u016f. Vznikne tak nov\u00e1 p\u00e1te\u0159n\u00ed levob\u0159e\u017en\u00ed cyklotrasa, kter\u00e1 bude od parku na jedn\u00e9 stran\u011b pokra\u010dovat sm\u011brem ke Stromovce, na stran\u011b druh\u00e9 pak d\u00e1le po ulici Jankovcova sm\u011brem do centra. Trasa veden\u00e1 pod\u00e9l b\u0159ehu v&nbsp;\u00faseku od mostu Barik\u00e1dn\u00edk\u016f k&nbsp;ulici Varhul\u00edkov\u00e9 bude ur\u010den\u00e1 p\u0159edev\u0161\u00edm pro p\u011b\u0161\u00ed u\u017eivatele parku, rodi\u010de s&nbsp;ko\u010d\u00e1rky \u010di osoby s&nbsp;pohybov\u00fdm omezen\u00edm.\u00a0<\/p>\r\n<p>Dokon\u010den\u00ed prac\u00ed v&nbsp;parku U&nbsp;Vody je pl\u00e1nov\u00e1no na\u00a0prvn\u00ed pololet\u00ed roku 2024.<\/p>\r\n<p><img loading=\"lazy\" src=\"https:\/\/www.praha7.cz\/wp-content\/uploads\/2023\/06\/park-U-Vody-1-1500x1000.jpg\" alt=\"\" width=\"640\" height=\"427\" class=\"alignnone size-large wp-image-67710\" srcset=\"https:\/\/www.praha7.cz\/wp-content\/uploads\/2023\/06\/park-U-Vody-1-1500x1000.jpg 1500w, https:\/\/www.praha7.cz\/wp-content\/uploads\/2023\/06\/park-U-Vody-1-600x400.jpg 600w, https:\/\/www.praha7.cz\/wp-content\/uploads\/2023\/06\/park-U-Vody-1-768x512.jpg 768w, https:\/\/www.praha7.cz\/wp-content\/uploads\/2023\/06\/park-U-Vody-1-1536x1024.jpg 1536w, https:\/\/www.praha7.cz\/wp-content\/uploads\/2023\/06\/park-U-Vody-1-2048x1365.jpg 2048w\" sizes=\"(max-width: 640px) 100vw, 640px\" \/><\/p>\r\n<p>Kompletn\u00ed n\u00e1klady na realizaci nov\u00e9ho parku, v\u010detn\u011b urbanisticko-krajin\u00e1\u0159sk\u00e9 sout\u011b\u017ee, projektov\u00fdch prac\u00ed, prov\u00e1d\u011bc\u00ed dokumentace apod., \u010din\u00ed 46,5 mil. K\u010d. Financov\u00e1n\u00ed projektu m\u011bstsk\u00e1 \u010d\u00e1st zaji\u0161\u0165uje z\u00a0extern\u00edch zdroj\u016f. Vybudov\u00e1n\u00ed parku je podpo\u0159eno grantem z&nbsp;Norsk\u00fdch fond\u016f (v&nbsp;r\u00e1mci programu \u017divotn\u00ed prost\u0159ed\u00ed, ekosyst\u00e9my a&nbsp;zm\u011bna klimatu) a&nbsp;za podpory St\u00e1tn\u00edho fondu \u017eivotn\u00edho prost\u0159ed\u00ed ve v\u00fd\u0161i 21 mil. K\u010d. Projekt podpo\u0159ilo tak\u00e9 hlavn\u00ed m\u011bsto Praha dotac\u00ed ve v\u00fd\u0161i 18 mil. K\u010d. Zb\u00fdvaj\u00edc\u00ed n\u00e1klady budou pokryty z\u00a0finan\u010dn\u00ed spolu\u00fa\u010dasti investor\u016f stavebn\u00edch projekt\u016f na rozvoji Prahy&nbsp;7. Nejvy\u0161\u0161\u00edm pod\u00edlem ve v\u00fd\u0161i 3,8 mil. K\u010d na vybudov\u00e1n\u00ed parku p\u0159isp\u011bje spole\u010dnost Skanska.<\/p>\r\n<h3><a href=\"https:\/\/www.praha7.cz\/wp-content\/uploads\/2023\/06\/park-U-Vody-situace-YYYY-scaled.jpg\"><img loading=\"lazy\" src=\"https:\/\/www.praha7.cz\/wp-content\/uploads\/2023\/06\/park-U-Vody-situace-YYYY-1500x524.jpg\" alt=\"\" width=\"640\" height=\"224\" class=\"alignnone size-large wp-image-67708\" srcset=\"https:\/\/www.praha7.cz\/wp-content\/uploads\/2023\/06\/park-U-Vody-situace-YYYY-1500x524.jpg 1500w, https:\/\/www.praha7.cz\/wp-content\/uploads\/2023\/06\/park-U-Vody-situace-YYYY-600x210.jpg 600w, https:\/\/www.praha7.cz\/wp-content\/uploads\/2023\/06\/park-U-Vody-situace-YYYY-768x268.jpg 768w, https:\/\/www.praha7.cz\/wp-content\/uploads\/2023\/06\/park-U-Vody-situace-YYYY-1536x537.jpg 1536w, https:\/\/www.praha7.cz\/wp-content\/uploads\/2023\/06\/park-U-Vody-situace-YYYY-2048x715.jpg 2048w\" sizes=\"(max-width: 640px) 100vw, 640px\" \/><\/a><\/h3>\r\n<h3><\/h3>\r\n<h3><\/h3>\r\n<h3>V\u00edce informac\u00ed o&nbsp;projektu <a href=\"https:\/\/www.praha7.cz\/park-u-vody\/\">ZDE<\/a>.\u00a0<\/h3>","protected":false},"excerpt":{"rendered":"[perex] M\u011bstsk\u00e1 \u010d\u00e1st Praha\u00a07 za\u010d\u00edn\u00e1 budovat nov\u00fd park U\u00a0Vody na b\u0159ehu Vltavy mezi hole\u0161ovick\u00fdm p\u0159\u00edstavem a\u00a0mostem Barik\u00e1dn\u00edk\u016f. Park byl p\u0159ipravov\u00e1n spole\u010dn\u011b s\u00a0obyvateli Sedmi\u010dky a&nbsp;jeho podoba vze\u0161la z&nbsp;urbanisticko-krajin\u00e1\u0159sk\u00e9 sout\u011b\u017ee. Hole\u0161ovice tak p\u0159\u00ed\u0161t\u00ed rok dostanou poprv\u00e9 v\u00a0historii sv\u016fj upraven\u00fd m\u011bstsk\u00fd park pro rekreaci, sport \u010di komunitn\u00ed a&nbsp;sousedsk\u00e9 aktivity. [\/perex] \u201eNest\u00e1v\u00e1 se p\u0159\u00edli\u0161 \u010dasto, \u017ee se v\u00a0centru m\u011bsta [&hellip;]","protected":false},"author":5,"featured_media":67706,"comment_status":"closed","ping_status":"open","sticky":false,"template":"","format":"standard","meta":[],"categories":[34,74],"tags":[],"_links":{"self":[{"href":"https:\/\/www.praha7.cz\/api\/wp\/v2\/posts\/67703"}],"collection":[{"href":"https:\/\/www.praha7.cz\/api\/wp\/v2\/posts"}],"about":[{"href":"https:\/\/www.praha7.cz\/api\/wp\/v2\/types\/post"}],"author":[{"embeddable":true,"href":"https:\/\/www.praha7.cz\/api\/wp\/v2\/users\/5"}],"replies":[{"embeddable":true,"href":"https:\/\/www.praha7.cz\/api\/wp\/v2\/comments?post=67703"}],"version-history":[{"count":5,"href":"https:\/\/www.praha7.cz\/api\/wp\/v2\/posts\/67703\/revisions"}],"predecessor-version":[{"id":70506,"href":"https:\/\/www.praha7.cz\/api\/wp\/v2\/posts\/67703\/revisions\/70506"}],"wp:featuredmedia":[{"embeddable":true,"href":"https:\/\/www.praha7.cz\/api\/wp\/v2\/media\/67706"}],"wp:attachment":[{"href":"https:\/\/www.praha7.cz\/api\/wp\/v2\/media?parent=67703"}],"wp:term":[{"taxonomy":"category","embeddable":true,"href":"https:\/\/www.praha7.cz\/api\/wp\/v2\/categories?post=67703"},{"taxonomy":"post_tag","embeddable":true,"href":"https:\/\/www.praha7.cz\/api\/wp\/v2\/tags?post=67703"}],"curies":[{"name":"wp","href":"https:\/\/api.w.org\/{rel}","templated":true}]}}