    
{"id":67683,"date":"2023-06-19T10:33:04","date_gmt":"2023-06-19T08:33:04","guid":{"rendered":"https:\/\/www.praha7.cz\/?p=67683"},"modified":"2023-06-19T10:33:17","modified_gmt":"2023-06-19T08:33:17","slug":"sedmicka-bodovala-v-soutezi-prazske-plynarenske","status":"publish","type":"post","link":"https:\/\/www.praha7.cz\/sedmicka-bodovala-v-soutezi-prazske-plynarenske\/","title":{"rendered":"Sedmi\u010dka bodovala v&nbsp;sout\u011b\u017ei Pra\u017esk\u00e9 plyn\u00e1rensk\u00e9"},"content":{"rendered":"<p>[perex]<\/p>\r\n<p>Dv\u011b ze t\u0159\u00ed medailov\u00fdch pozic v\u00a0sout\u011b\u017ei spole\u010dnosti Pra\u017esk\u00e1 plyn\u00e1rensk\u00e1 \u201e\u0160et\u0159\u00edme Prahu\u201c obsadily p\u0159\u00edsp\u011bvkov\u00e9 organizace m\u011bstsk\u00e9 \u010d\u00e1sti Praha&nbsp;7. V&nbsp;sout\u011b\u017ei zam\u011b\u0159en\u00e9 na energetick\u00e9 \u00faspory m\u011bstsk\u00fdch \u010d\u00e1st\u00ed, jejich p\u0159\u00edsp\u011bvkov\u00fdch organizac\u00ed a&nbsp;m\u011bstsk\u00fdch firem se na 1.&nbsp;m\u00edst\u011b um\u00edstila M\u010c Praha \u2013 Doln\u00ed Chabry, 2.&nbsp;p\u0159\u00ed\u010dku obsadilo Pe\u010dovatelsk\u00e9 centrum Praha&nbsp;7 a&nbsp;3.&nbsp;m\u00edsto z\u00edskala z\u00e1kladn\u00ed \u0161kola Prahy&nbsp;7 Z\u0160 Fr. Plam\u00ednkov\u00e9.<\/p>\r\n<p>[\/perex]<\/p>\r\n<p><em>\u201e\u0160koly, \u0161kolky, domy s&nbsp;pe\u010dovatelskou slu\u017ebou i&nbsp;dal\u0161\u00ed bytov\u00e9 domy v&nbsp;na\u0161\u00ed spr\u00e1v\u011b proch\u00e1zej\u00ed v&nbsp;posledn\u00edch letech velk\u00fdmi opravami a&nbsp;rekonstrukcemi. Krom\u011b jin\u00e9ho se intenzivn\u011b zam\u011b\u0159ujeme tak\u00e9 na modernizace energetick\u00fdch provoz\u016f. V&nbsp;r\u00e1mci projektu energetick\u00fdch slu\u017eeb se z\u00e1rukou (EPC) loni prob\u011bhla v&nbsp;osmi \u0161kol\u00e1ch a&nbsp;t\u0159ech pe\u010dovatelsk\u00fdch domech v&nbsp;majetku Prahy&nbsp;7 modernizace vyt\u00e1p\u011bn\u00ed, osv\u011btlen\u00ed a&nbsp;dal\u0161\u00ed opat\u0159en\u00ed, kter\u00e1 ji\u017e tuto sez\u00f3nu p\u0159inesla v\u00fdznamn\u00e9 \u00faspory,\u201c<\/em> uvedl <strong>m\u00edstostarosta M\u010c Praha&nbsp;7 Kamil Vav\u0159inec Mare\u0161<\/strong>.<\/p>\r\n<p>C\u00edlem sout\u011b\u017ee \u201e\u0160et\u0159\u00edme Prahu\u201c bylo dosa\u017een\u00ed co nejvy\u0161\u0161\u00ed \u00faspory a&nbsp;sn\u00ed\u017een\u00ed spot\u0159eby zemn\u00edho plynu v&nbsp;topn\u00e9 sez\u00f3n\u011b od 1.&nbsp;11.&nbsp;2022 do 30.&nbsp;4.&nbsp;2023. T\u0159i organizace, kter\u00fdm se poda\u0159ilo dos\u00e1hnout v&nbsp;souladu s&nbsp;pravidly sout\u011b\u017ee nejv\u011bt\u0161\u00edch procentu\u00e1ln\u00edch \u00faspor zemn\u00edho plynu v\u00a0porovn\u00e1n\u00ed s\u00a0p\u0159edchoz\u00edmi p\u011bti lety, z\u00edskaly od spole\u010dnosti Pra\u017esk\u00e1 plyn\u00e1rensk\u00e1 finan\u010dn\u00ed p\u0159\u00edsp\u011bvky na realizaci dal\u0161\u00edch investi\u010dn\u00edch opat\u0159en\u00ed pro dlouhodob\u00e9 sni\u017eov\u00e1n\u00ed spot\u0159eby energie. Pe\u010dovatelsk\u00e9 centrum Praha&nbsp;7 uspo\u0159ilo 41,1&nbsp;% sv\u00e9 dlouhodob\u00e9 spot\u0159eby, spot\u0159eba u&nbsp;Z\u0160 Fr. Plam\u00ednkov\u00e9 klesla o&nbsp;30,7&nbsp;%.<\/p>\r\n<p>K \u00faspor\u00e1m energi\u00ed v\u00a0objektech sedm\u00e9 m\u011bstsk\u00e9 \u010d\u00e1sti a&nbsp;jej\u00edch organizac\u00ed v\u0161ak nedoch\u00e1z\u00ed pouze d\u00edky investic\u00edm do modernizace energetick\u00fdch provoz\u016f. Velkou roli v\u00a0tom sehr\u00e1v\u00e1 tak\u00e9 zodpov\u011bdn\u00fd p\u0159\u00edstup veden\u00ed a&nbsp;pracovn\u00edk\u016f.<\/p>\r\n<p><em>\u201eV na\u0161\u00ed \u0161kole se intenzivn\u011b sna\u017e\u00edme sni\u017eovat spot\u0159ebu energi\u00ed v\u00a0r\u00e1mci cel\u00e9 budovy. Se v\u0161emi zam\u011bstnanci, kte\u0159\u00ed se pod\u00edlej\u00ed na chodu \u0161koly, jsme nastavili celou \u0159adu \u00fasporn\u00fdch opat\u0159en\u00ed, kter\u00e9 se t\u00fdkaj\u00ed sv\u00edcen\u00ed, spot\u0159eby vody, topen\u00ed a&nbsp;dal\u0161\u00edch provozn\u00edch z\u00e1le\u017eitost\u00ed. Za sv\u016fj si tento p\u0159\u00edstup vzali tak\u00e9 u\u010ditel\u00e9, kte\u0159\u00ed d\u00e1le edukuj\u00ed a&nbsp;motivuj\u00ed d\u011bti, aby n\u00e1m v\u00a0\u0161et\u0159en\u00ed energi\u00ed pom\u00e1haly. \u017de se n\u00e1m spole\u010dn\u011b nakonec poda\u0159\u00ed dos\u00e1hnout tak v\u00fdrazn\u00e9 \u00faspory, n\u00e1s velmi p\u0159\u00edjemn\u011b p\u0159ekvapilo a&nbsp;jsme na to n\u00e1le\u017eit\u011b py\u0161n\u00ed,\u201c<\/em> \u0159ekl <strong>\u0159editel Z\u0160 Fr. Plam\u00ednkov\u00e9 Jaroslav Andrle<\/strong>.<\/p>\r\n<p>&nbsp;<\/p>\r\n<p>&nbsp;<\/p>","protected":false},"excerpt":{"rendered":"[perex] Dv\u011b ze t\u0159\u00ed medailov\u00fdch pozic v\u00a0sout\u011b\u017ei spole\u010dnosti Pra\u017esk\u00e1 plyn\u00e1rensk\u00e1 \u201e\u0160et\u0159\u00edme Prahu\u201c obsadily p\u0159\u00edsp\u011bvkov\u00e9 organizace m\u011bstsk\u00e9 \u010d\u00e1sti Praha&nbsp;7. V&nbsp;sout\u011b\u017ei zam\u011b\u0159en\u00e9 na energetick\u00e9 \u00faspory m\u011bstsk\u00fdch \u010d\u00e1st\u00ed, jejich p\u0159\u00edsp\u011bvkov\u00fdch organizac\u00ed a&nbsp;m\u011bstsk\u00fdch firem se na 1.&nbsp;m\u00edst\u011b um\u00edstila M\u010c Praha \u2013 Doln\u00ed Chabry, 2.&nbsp;p\u0159\u00ed\u010dku obsadilo Pe\u010dovatelsk\u00e9 centrum Praha&nbsp;7 a&nbsp;3.&nbsp;m\u00edsto z\u00edskala z\u00e1kladn\u00ed \u0161kola Prahy&nbsp;7 Z\u0160 Fr. Plam\u00ednkov\u00e9. [\/perex] \u201e\u0160koly, \u0161kolky, [&hellip;]","protected":false},"author":251,"featured_media":67685,"comment_status":"closed","ping_status":"open","sticky":false,"template":"","format":"standard","meta":[],"categories":[34,74],"tags":[],"_links":{"self":[{"href":"https:\/\/www.praha7.cz\/api\/wp\/v2\/posts\/67683"}],"collection":[{"href":"https:\/\/www.praha7.cz\/api\/wp\/v2\/posts"}],"about":[{"href":"https:\/\/www.praha7.cz\/api\/wp\/v2\/types\/post"}],"author":[{"embeddable":true,"href":"https:\/\/www.praha7.cz\/api\/wp\/v2\/users\/251"}],"replies":[{"embeddable":true,"href":"https:\/\/www.praha7.cz\/api\/wp\/v2\/comments?post=67683"}],"version-history":[{"count":1,"href":"https:\/\/www.praha7.cz\/api\/wp\/v2\/posts\/67683\/revisions"}],"predecessor-version":[{"id":67686,"href":"https:\/\/www.praha7.cz\/api\/wp\/v2\/posts\/67683\/revisions\/67686"}],"wp:featuredmedia":[{"embeddable":true,"href":"https:\/\/www.praha7.cz\/api\/wp\/v2\/media\/67685"}],"wp:attachment":[{"href":"https:\/\/www.praha7.cz\/api\/wp\/v2\/media?parent=67683"}],"wp:term":[{"taxonomy":"category","embeddable":true,"href":"https:\/\/www.praha7.cz\/api\/wp\/v2\/categories?post=67683"},{"taxonomy":"post_tag","embeddable":true,"href":"https:\/\/www.praha7.cz\/api\/wp\/v2\/tags?post=67683"}],"curies":[{"name":"wp","href":"https:\/\/api.w.org\/{rel}","templated":true}]}}