    
{"id":67633,"date":"2023-06-15T15:32:47","date_gmt":"2023-06-15T13:32:47","guid":{"rendered":"https:\/\/www.praha7.cz\/?p=67633"},"modified":"2023-06-16T10:21:18","modified_gmt":"2023-06-16T08:21:18","slug":"tyden-ve-znameni-ctenarskeho-maratonu","status":"publish","type":"post","link":"https:\/\/www.praha7.cz\/tyden-ve-znameni-ctenarskeho-maratonu\/","title":{"rendered":"T\u00fdden ve znamen\u00ed \u010dten\u00e1\u0159sk\u00e9ho maratonu"},"content":{"rendered":"<p>[perex]<\/p>\r\n<p>U\u017e p\u0159\u00ed\u0161t\u00ed t\u00fdden, od 19.&nbsp;do 23.&nbsp;\u010dervna 2023, Sedmi\u010dku ovl\u00e1dne ji\u017e t\u0159et\u00ed ro\u010dn\u00edk \u010dten\u00e1\u0159sk\u00e9ho maratonu. A&nbsp;jak takov\u00fd maraton s&nbsp;knihou prob\u00edh\u00e1? D\u011bti si na netradi\u010dn\u00ed m\u00edsta p\u0159inesou kn\u00ed\u017eku dle vlastn\u00edho v\u00fdb\u011bru, spole\u010dn\u011b si z&nbsp;n\u00ed \u010dtou, pov\u00eddaj\u00ed si o&nbsp;n\u00ed a&nbsp;\u010dek\u00e1 je taky hlasov\u00e1 rozcvi\u010dka.\u00a0<\/p>\r\n<p>[\/perex]<\/p>\r\n<h4>Kde se letos bude \u010d\u00edst?<\/h4>\r\n<ul>\r\n\t<li>19.&nbsp;6.&nbsp;fotbalov\u00fd stadion AC Sparta Praha<\/li>\r\n\t<li>20.&nbsp;6. Alza office<\/li>\r\n\t<li>21.&nbsp;6. Zimn\u00ed stadion HC Sparta Praha<\/li>\r\n\t<li>22.&nbsp;6. Bohemia Na V\u00fdstavi\u0161ti\u00a0<\/li>\r\n\t<li>23.&nbsp;6. Sportovn\u00ed hala Kr\u00e1lovka<\/li>\r\n<\/ul>\r\n<p>Do maratonu se letos zapojuje v\u00edce ne\u017e deset \u0161koln\u00edch t\u0159\u00edd ze sedmi\u010dkov\u00fdch \u0161kol.\u00a0<\/p>\r\n<hr \/>\r\n<p>V\u00edce informac\u00ed v\u00e1m poskytne Radka Tes\u00e1rkov\u00e1, <a href=\"mailto:radkatesarkova@volny.cz\">radkatesarkova@volny.cz\u00a0<\/a><\/p>\r\n<p>&nbsp;<\/p>\r\n<p>&nbsp;<\/p>","protected":false},"excerpt":{"rendered":"[perex] U\u017e p\u0159\u00ed\u0161t\u00ed t\u00fdden, od 19.&nbsp;do 23.&nbsp;\u010dervna 2023, Sedmi\u010dku ovl\u00e1dne ji\u017e t\u0159et\u00ed ro\u010dn\u00edk \u010dten\u00e1\u0159sk\u00e9ho maratonu. A&nbsp;jak takov\u00fd maraton s&nbsp;knihou prob\u00edh\u00e1? D\u011bti si na netradi\u010dn\u00ed m\u00edsta p\u0159inesou kn\u00ed\u017eku dle vlastn\u00edho v\u00fdb\u011bru, spole\u010dn\u011b si z&nbsp;n\u00ed \u010dtou, pov\u00eddaj\u00ed si o&nbsp;n\u00ed a&nbsp;\u010dek\u00e1 je taky hlasov\u00e1 rozcvi\u010dka.\u00a0 [\/perex] Kde se letos bude \u010d\u00edst? 19.&nbsp;6.&nbsp;fotbalov\u00fd stadion AC Sparta Praha 20.&nbsp;6. Alza [&hellip;]","protected":false},"author":251,"featured_media":58345,"comment_status":"closed","ping_status":"open","sticky":false,"template":"","format":"standard","meta":[],"categories":[34],"tags":[],"_links":{"self":[{"href":"https:\/\/www.praha7.cz\/api\/wp\/v2\/posts\/67633"}],"collection":[{"href":"https:\/\/www.praha7.cz\/api\/wp\/v2\/posts"}],"about":[{"href":"https:\/\/www.praha7.cz\/api\/wp\/v2\/types\/post"}],"author":[{"embeddable":true,"href":"https:\/\/www.praha7.cz\/api\/wp\/v2\/users\/251"}],"replies":[{"embeddable":true,"href":"https:\/\/www.praha7.cz\/api\/wp\/v2\/comments?post=67633"}],"version-history":[{"count":3,"href":"https:\/\/www.praha7.cz\/api\/wp\/v2\/posts\/67633\/revisions"}],"predecessor-version":[{"id":67655,"href":"https:\/\/www.praha7.cz\/api\/wp\/v2\/posts\/67633\/revisions\/67655"}],"wp:featuredmedia":[{"embeddable":true,"href":"https:\/\/www.praha7.cz\/api\/wp\/v2\/media\/58345"}],"wp:attachment":[{"href":"https:\/\/www.praha7.cz\/api\/wp\/v2\/media?parent=67633"}],"wp:term":[{"taxonomy":"category","embeddable":true,"href":"https:\/\/www.praha7.cz\/api\/wp\/v2\/categories?post=67633"},{"taxonomy":"post_tag","embeddable":true,"href":"https:\/\/www.praha7.cz\/api\/wp\/v2\/tags?post=67633"}],"curies":[{"name":"wp","href":"https:\/\/api.w.org\/{rel}","templated":true}]}}