    
{"id":67608,"date":"2023-06-16T11:06:54","date_gmt":"2023-06-16T09:06:54","guid":{"rendered":"https:\/\/www.praha7.cz\/?p=67608"},"modified":"2024-01-22T15:20:03","modified_gmt":"2024-01-22T14:20:03","slug":"pozvanka-na-5-radne-jednani-zastupitelstva-mc-praha-7","status":"publish","type":"post","link":"https:\/\/www.praha7.cz\/pozvanka-na-5-radne-jednani-zastupitelstva-mc-praha-7\/","title":{"rendered":"Pozv\u00e1nka na 5.&nbsp;\u0159\u00e1dn\u00e9 jedn\u00e1n\u00ed Zastupitelstva M\u010c Praha&nbsp;7"},"content":{"rendered":"<p style=\"text-align: justify;\">[perex]<\/p>\r\n<p style=\"text-align: justify;\">5.&nbsp;\u0159\u00e1dn\u00e9 jedn\u00e1n\u00ed Zastupitelstva M\u010c Praha&nbsp;7 se kon\u00e1 v&nbsp;pond\u011bl\u00ed 26.&nbsp;\u010dervna 2023 od 17.00 hodin.<\/p>\r\n<p style=\"text-align: justify;\">P\u0159enos jedn\u00e1n\u00ed m\u016f\u017eete sledovat\u00a0<a href=\"https:\/\/youtube.com\/live\/sWWWwc0yfrY?feature=share\" target=\"_blank\" rel=\"noopener\">ZDE<\/a>.\u00a0<\/p>\r\n<p style=\"text-align: justify;\">Materi\u00e1ly k&nbsp;5.&nbsp;\u0159\u00e1dn\u00e9mu zased\u00e1n\u00ed Zastupitelstva M\u010c Praha&nbsp;7 najdete <a href=\"https:\/\/usneseni.praha7.cz\/usneseni\/jednani\/112\" target=\"_blank\" rel=\"noopener\">ZDE<\/a>.<\/p>\r\n<p style=\"text-align: justify;\">[\/perex]<\/p>\r\n<p style=\"text-align: justify;\"><strong>Program 5.&nbsp;\u0159\u00e1dn\u00e9ho jedn\u00e1n\u00ed Zastupitelstva M\u010c Praha&nbsp;7\u00a0<\/strong><\/p>\r\n<ul>\r\n\t<li>Pravideln\u00fd bod programu za\u0159azen\u00fd za bod \u010d. 2 \u2013 Dotazy a&nbsp;p\u0159ipom\u00ednky ob\u010dan\u016f 1<\/li>\r\n\t<li>Pravideln\u00fd bod programu za\u0159azen\u00fd pevn\u011b na 18 hodinu \u2013 Dotazy a\u00a0p\u0159ipom\u00ednky ob\u010dan\u016f 2\u00a0<\/li>\r\n<\/ul>\r\n<p style=\"text-align: justify;\"><strong>1.\u00a0<\/strong> Zah\u00e1jen\u00ed, volba n\u00e1vrhov\u00e9ho a&nbsp;volebn\u00edho v\u00fdboru<\/p>\r\n<p style=\"text-align: justify;\"><strong>2.\u00a0<\/strong> Schv\u00e1len\u00ed programu jedn\u00e1n\u00ed Zastupitelstva M\u010c Praha&nbsp;7<\/p>\r\n<p style=\"text-align: justify;\"><strong>3.<\/strong>\u00a0 N\u00c1VRH k&nbsp;poskytnut\u00ed v\u011bcn\u00e9ho daru slo\u017ek\u00e1m integrovan\u00e9ho z\u00e1chrann\u00e9ho syst\u00e9mu<\/p>\r\n<p style=\"text-align: justify;\"><strong>4.\u00a0 <\/strong>N\u00c1VRH k&nbsp;poskytnut\u00ed finan\u010dn\u00edch prost\u0159edk\u016f na motiva\u010dn\u00ed odm\u011bny zam\u011bstnanc\u016f hl. m. Prahy za\u0159azen\u00fdch do org\u00e1n\u016f M\u011bstsk\u00e9 policie hl. m. Prahy, Obvodn\u00edho \u0159editelstv\u00ed Praha&nbsp;7, ke zkvalitn\u011bn\u00ed v\u00fdkonu slu\u017eby a&nbsp;stabilizaci person\u00e1ln\u00ed situace<\/p>\r\n<p style=\"text-align: justify;\"><strong>5.\u00a0<\/strong> N\u00c1VRH k&nbsp;\u010d\u00e1ste\u010dn\u00e9 revokaci usnesen\u00ed Zastupitelstva M\u010c Praha&nbsp;7 \u010d. 0039\/18-Z ze zased\u00e1n\u00ed \u010d. 3 ze dne 16.04.2018 k&nbsp;N\u00e1vrhu na schv\u00e1len\u00ed Z\u00e1sad finan\u010dn\u00ed spolu\u00fa\u010dasti investora na rozvoji M\u010c Praha&nbsp;7 a&nbsp;textu vzorov\u00e9 smlouvy o&nbsp;spolupr\u00e1ci (aktualizace Z\u00e1sad finan\u010dn\u00ed spolu\u00fa\u010dasti investora)<\/p>\r\n<p style=\"text-align: justify;\"><strong>6.<\/strong>\u00a0 N\u00c1VRH k&nbsp;vyhodnocen\u00ed ak\u010dn\u00edho pl\u00e1nu za rok 2022<\/p>\r\n<p style=\"text-align: justify;\"><strong>7.<\/strong>\u00a0 N\u00c1VRH k&nbsp;z\u00e1v\u011bre\u010dn\u00e9mu \u00fa\u010dtu a&nbsp;\u00fa\u010detn\u00ed z\u00e1v\u011brce M\u010c Praha&nbsp;7 za rok 2022<\/p>\r\n<p style=\"text-align: justify;\"><strong>8.\u00a0 <\/strong>N\u00c1VRH ke zpr\u00e1v\u011b o&nbsp;v\u00fdsledc\u00edch hospoda\u0159en\u00ed M\u010c Praha&nbsp;7 za 1.&nbsp;\u010dtvrtlet\u00ed 2023 &#8211; hlavn\u00ed \u010dinnost<\/p>\r\n<p style=\"text-align: justify;\"><strong>9.\u00a0<\/strong> N\u00c1VRH ke zpr\u00e1v\u011b o&nbsp;v\u00fdsledc\u00edch hospoda\u0159en\u00ed M\u010c Praha&nbsp;7 za 1.&nbsp;\u010dtvrtlet\u00ed roku 2023 v&nbsp;r\u00e1mci hospod\u00e1\u0159sk\u00e9 \u010dinnosti &#8211; \u00faseku zda\u0148ovan\u00e9 \u010dinnosti<\/p>\r\n<p style=\"text-align: justify;\"><strong>10.<\/strong> N\u00c1VRH ke kupn\u00ed smlouv\u011b pro odkup stavby gar\u00e1\u017ee stoj\u00edc\u00ed na pozemku parc. \u010d. 301\/2, v&nbsp;k.\u00fa. Hole\u0161ovice, do vlastnictv\u00ed hl. m. Prahy, sv\u011b\u0159en\u00e1 spr\u00e1va nemovitost\u00ed M\u010c Praha&nbsp;7<\/p>\r\n<p style=\"text-align: justify;\"><strong>11.<\/strong> N\u00c1VRH ke sv\u011b\u0159en\u00ed a&nbsp;p\u0159\u00edpadn\u00e9mu odejmut\u00ed vymezen\u00fdch \u010d\u00e1st\u00ed pozemk\u016f v&nbsp;Letensk\u00fdch sadech, v&nbsp;katastr\u00e1ln\u00edm \u00fazem\u00ed Hole\u0161ovice, obec Praha, do (ze) sv\u011b\u0159en\u00e9 spr\u00e1vy nemovitost\u00ed M\u011bstsk\u00e9 \u010d\u00e1sti Praha&nbsp;7<\/p>\r\n<p style=\"text-align: justify;\"><strong>12.<\/strong> N\u00c1VRH k&nbsp;poskytnut\u00ed individu\u00e1ln\u00edch dotac\u00ed v&nbsp;oblasti kultury dle \u017e\u00e1dost\u00ed podan\u00fdch v&nbsp;dubnu \u2013 kv\u011btnu\u00a0 2023<\/p>\r\n<p style=\"text-align: justify;\"><strong>13.<\/strong> N\u00c1VRH k&nbsp;poskytnut\u00ed dotac\u00ed v&nbsp;r\u00e1mci dota\u010dn\u00edho \u0159\u00edzen\u00ed M\u010c Praha&nbsp;7 v&nbsp;programu Podpora sportovn\u00ed \u010dinnosti pro rok 2023<\/p>\r\n<p style=\"text-align: justify;\"><strong>14.<\/strong> INFORMACE o&nbsp;stavu rozvoje VR\u00da Bubny &#8211;\u00a0 Z\u00e1tory<\/p>\r\n<p style=\"text-align: justify;\"><strong>15.<\/strong> INFORMACE o&nbsp;\u010dinnosti Rady M\u010c Praha&nbsp;7 a&nbsp;pln\u011bn\u00ed \u00fakol\u016f ulo\u017een\u00fdch Rad\u011b M\u010c Praha&nbsp;7 Zastupitelstvem\u00a0 M\u010c Praha&nbsp;7 v\u00a0obdob\u00ed mezi 4.&nbsp;a&nbsp;5.&nbsp;zased\u00e1n\u00edm Zastupitelstva v\u00a0roce 2023<\/p>\r\n<p style=\"text-align: justify;\"><strong>16.<\/strong> INFORMACE o&nbsp;\u010dinnosti Kontroln\u00edho v\u00fdboru Zastupitelstva M\u010c Praha&nbsp;7 obdob\u00ed mezi 4.&nbsp;a&nbsp;5.&nbsp;zased\u00e1n\u00edm Zastupitelstva M\u010c P7 v\u00a0roce 2023<\/p>\r\n<p style=\"text-align: justify;\"><strong>17.<\/strong> INFORMACE o&nbsp;\u010dinnosti Finan\u010dn\u00edho v\u00fdboru Zastupitelstva M\u010c Praha&nbsp;7 v\u00a0obdob\u00ed mezi 4.&nbsp;a&nbsp;5.&nbsp;zased\u00e1n\u00edm Zastupitelstva M\u010c Praha&nbsp;7 v\u00a0roce 2023<\/p>\r\n<p style=\"text-align: justify;\"><strong>18.<\/strong> INFORMACE o&nbsp;\u010dinnosti V\u00fdboru pro vzd\u011bl\u00e1v\u00e1n\u00ed, soci\u00e1ln\u00ed politiku a&nbsp;zdravotnictv\u00ed Zastupitelstva M\u010c Praha&nbsp;7 v\u00a0obdob\u00ed mezi 4.&nbsp;a&nbsp;5.&nbsp;zased\u00e1n\u00edm Zastupitelstva M\u010c Praha&nbsp;7 v\u00a0roce 2023<\/p>\r\n<p style=\"text-align: justify;\"><strong>19.<\/strong> Dopisy, adresovan\u00e9 Z\u00a0M\u010c P7<\/p>\r\n<p style=\"text-align: justify;\"><strong>20.<\/strong> R\u016fzn\u00e9<\/p>\r\n<p style=\"text-align: justify;\"><strong>21.<\/strong> Z\u00e1v\u011br<\/p>\r\n<p style=\"text-align: justify;\">Mgr. Jan \u010ci\u017einsk\u00fd<br \/>\r\nStarosta m\u011bstsk\u00e9 \u010d\u00e1sti Praha&nbsp;7<\/p>","protected":false},"excerpt":{"rendered":"[perex] 5.&nbsp;\u0159\u00e1dn\u00e9 jedn\u00e1n\u00ed Zastupitelstva M\u010c Praha&nbsp;7 se kon\u00e1 v&nbsp;pond\u011bl\u00ed 26.&nbsp;\u010dervna 2023 od 17.00 hodin. P\u0159enos jedn\u00e1n\u00ed m\u016f\u017eete sledovat\u00a0ZDE.\u00a0 Materi\u00e1ly k&nbsp;5.&nbsp;\u0159\u00e1dn\u00e9mu zased\u00e1n\u00ed Zastupitelstva M\u010c Praha&nbsp;7 najdete ZDE. [\/perex] Program 5.&nbsp;\u0159\u00e1dn\u00e9ho jedn\u00e1n\u00ed Zastupitelstva M\u010c Praha&nbsp;7\u00a0 Pravideln\u00fd bod programu za\u0159azen\u00fd za bod \u010d. 2 \u2013 Dotazy a&nbsp;p\u0159ipom\u00ednky ob\u010dan\u016f 1 Pravideln\u00fd bod programu za\u0159azen\u00fd pevn\u011b na 18 hodinu \u2013 [&hellip;]","protected":false},"author":14,"featured_media":33780,"comment_status":"closed","ping_status":"open","sticky":false,"template":"","format":"standard","meta":[],"categories":[34],"tags":[],"_links":{"self":[{"href":"https:\/\/www.praha7.cz\/api\/wp\/v2\/posts\/67608"}],"collection":[{"href":"https:\/\/www.praha7.cz\/api\/wp\/v2\/posts"}],"about":[{"href":"https:\/\/www.praha7.cz\/api\/wp\/v2\/types\/post"}],"author":[{"embeddable":true,"href":"https:\/\/www.praha7.cz\/api\/wp\/v2\/users\/14"}],"replies":[{"embeddable":true,"href":"https:\/\/www.praha7.cz\/api\/wp\/v2\/comments?post=67608"}],"version-history":[{"count":7,"href":"https:\/\/www.praha7.cz\/api\/wp\/v2\/posts\/67608\/revisions"}],"predecessor-version":[{"id":73086,"href":"https:\/\/www.praha7.cz\/api\/wp\/v2\/posts\/67608\/revisions\/73086"}],"wp:featuredmedia":[{"embeddable":true,"href":"https:\/\/www.praha7.cz\/api\/wp\/v2\/media\/33780"}],"wp:attachment":[{"href":"https:\/\/www.praha7.cz\/api\/wp\/v2\/media?parent=67608"}],"wp:term":[{"taxonomy":"category","embeddable":true,"href":"https:\/\/www.praha7.cz\/api\/wp\/v2\/categories?post=67608"},{"taxonomy":"post_tag","embeddable":true,"href":"https:\/\/www.praha7.cz\/api\/wp\/v2\/tags?post=67608"}],"curies":[{"name":"wp","href":"https:\/\/api.w.org\/{rel}","templated":true}]}}