    
{"id":67604,"date":"2023-06-15T09:33:29","date_gmt":"2023-06-15T07:33:29","guid":{"rendered":"https:\/\/www.praha7.cz\/?p=67604"},"modified":"2023-06-14T16:38:47","modified_gmt":"2023-06-14T14:38:47","slug":"prazske-quadriennale-v-patek-do-pulnoci-a-zdarma","status":"publish","type":"post","link":"https:\/\/www.praha7.cz\/prazske-quadriennale-v-patek-do-pulnoci-a-zdarma\/","title":{"rendered":"Pra\u017esk\u00e9 Quadriennale v&nbsp;p\u00e1tek do p\u016flnoci a&nbsp;zdarma"},"content":{"rendered":"<p>[perex]<\/p>\r\n<p>Chod\u00edc\u00ed divadeln\u00ed stan, astronauti v&nbsp;samoobsluze, kost\u00fdmn\u00ed ritu\u00e1ly na b\u0159ez\u00edch Vltavy. U\u017e t\u00fdden v&nbsp;ulic\u00edch Prahy&nbsp;7 potk\u00e1v\u00e1me podivn\u00e9 v\u00fdjevy. Nebojte se jich, p\u0159istupte bl\u00ed\u017ee. To jen um\u011blci z&nbsp;v\u00edce ne\u017e stovky zem\u00ed p\u0159edstavuj\u00ed svoji tvorbu v&nbsp;r\u00e1mci 15.&nbsp;pra\u017esk\u00e9ho quadriennale sc\u00e9nografie a&nbsp;divadeln\u00edho prostoru. Tento sv\u011btov\u011b unik\u00e1tn\u00ed multi\u017e\u00e1nrov\u00fd festival vznik\u00e1 s&nbsp;podporou M\u011bstsk\u00e9 \u010d\u00e1sti Praha&nbsp;7 a&nbsp;je\u0161t\u011b do konce t\u00fddne nab\u00edz\u00ed \u0159adu interaktivn\u00edch v\u00fdstav a&nbsp;atraktivn\u00edch performanc\u00ed \u2013 p\u0159\u00edstupn\u00fdch \u0161ir\u0161\u00edmu publiku, provokuj\u00edc\u00edch ost\u0159\u00edlen\u00e9ho div\u00e1ka.<\/p>\r\n<p>V p\u00e1tek 16.&nbsp;\u010dervna 2023 je PQ otev\u0159eno do p\u016flnoci a&nbsp;zdarma. Tak p\u0159ij\u010fte \u2013 do Hole\u0161ovick\u00e9 tr\u017enice nebo do Veletr\u017en\u00edho pal\u00e1ce.<\/p>\r\n<p>[\/perex]<\/p>\r\n<p>Program najdete a&nbsp;v\u00edce o&nbsp;festivalu se do\u010dtete na <a href=\"http:\/\/www.pq.cz\" target=\"_blank\" rel=\"noopener\">www.pq.cz<\/a> a&nbsp;tak\u00e9 <a href=\"https:\/\/www.praha7.cz\/scenografie-v-akci-i-v-pohybu\/\">v Hobuletu<\/a>.<\/p>\r\n<p>&nbsp;<\/p>","protected":false},"excerpt":{"rendered":"[perex] Chod\u00edc\u00ed divadeln\u00ed stan, astronauti v&nbsp;samoobsluze, kost\u00fdmn\u00ed ritu\u00e1ly na b\u0159ez\u00edch Vltavy. U\u017e t\u00fdden v&nbsp;ulic\u00edch Prahy&nbsp;7 potk\u00e1v\u00e1me podivn\u00e9 v\u00fdjevy. Nebojte se jich, p\u0159istupte bl\u00ed\u017ee. To jen um\u011blci z&nbsp;v\u00edce ne\u017e stovky zem\u00ed p\u0159edstavuj\u00ed svoji tvorbu v&nbsp;r\u00e1mci 15.&nbsp;pra\u017esk\u00e9ho quadriennale sc\u00e9nografie a&nbsp;divadeln\u00edho prostoru. Tento sv\u011btov\u011b unik\u00e1tn\u00ed multi\u017e\u00e1nrov\u00fd festival vznik\u00e1 s&nbsp;podporou M\u011bstsk\u00e9 \u010d\u00e1sti Praha&nbsp;7 a&nbsp;je\u0161t\u011b do konce t\u00fddne nab\u00edz\u00ed \u0159adu [&hellip;]","protected":false},"author":251,"featured_media":67605,"comment_status":"closed","ping_status":"open","sticky":false,"template":"","format":"standard","meta":[],"categories":[34],"tags":[],"_links":{"self":[{"href":"https:\/\/www.praha7.cz\/api\/wp\/v2\/posts\/67604"}],"collection":[{"href":"https:\/\/www.praha7.cz\/api\/wp\/v2\/posts"}],"about":[{"href":"https:\/\/www.praha7.cz\/api\/wp\/v2\/types\/post"}],"author":[{"embeddable":true,"href":"https:\/\/www.praha7.cz\/api\/wp\/v2\/users\/251"}],"replies":[{"embeddable":true,"href":"https:\/\/www.praha7.cz\/api\/wp\/v2\/comments?post=67604"}],"version-history":[{"count":1,"href":"https:\/\/www.praha7.cz\/api\/wp\/v2\/posts\/67604\/revisions"}],"predecessor-version":[{"id":67606,"href":"https:\/\/www.praha7.cz\/api\/wp\/v2\/posts\/67604\/revisions\/67606"}],"wp:featuredmedia":[{"embeddable":true,"href":"https:\/\/www.praha7.cz\/api\/wp\/v2\/media\/67605"}],"wp:attachment":[{"href":"https:\/\/www.praha7.cz\/api\/wp\/v2\/media?parent=67604"}],"wp:term":[{"taxonomy":"category","embeddable":true,"href":"https:\/\/www.praha7.cz\/api\/wp\/v2\/categories?post=67604"},{"taxonomy":"post_tag","embeddable":true,"href":"https:\/\/www.praha7.cz\/api\/wp\/v2\/tags?post=67604"}],"curies":[{"name":"wp","href":"https:\/\/api.w.org\/{rel}","templated":true}]}}