    
{"id":67591,"date":"2023-06-14T15:09:21","date_gmt":"2023-06-14T13:09:21","guid":{"rendered":"https:\/\/www.praha7.cz\/?p=67591"},"modified":"2023-06-20T11:59:10","modified_gmt":"2023-06-20T09:59:10","slug":"zacinaji-prace-v-novem-parku-u-vody","status":"publish","type":"post","link":"https:\/\/www.praha7.cz\/zacinaji-prace-v-novem-parku-u-vody\/","title":{"rendered":"Za\u010d\u00ednaj\u00ed pr\u00e1ce v&nbsp;nov\u00e9m parku U&nbsp;Vody"},"content":{"rendered":"<p>[perex]<\/p>\r\n<p>M\u011bstsk\u00e1 \u010d\u00e1st Praha&nbsp;7 za\u010d\u00edn\u00e1 budovat nov\u00fd park U&nbsp;Vody, kter\u00fd na z\u00e1klad\u011b v\u00fdsledk\u016f urbanisticko-krajin\u00e1\u0159sk\u00e9 sout\u011b\u017ee vznikne na severn\u00edm n\u00e1b\u0159e\u017e\u00ed Vltavy mezi hole\u0161ovick\u00fdm p\u0159\u00edstavem a&nbsp;mostem Barik\u00e1dn\u00edk\u016f.<br \/>\r\n[\/perex]<\/p>\r\n<p>Upozor\u0148ujeme, \u017ee od 15.&nbsp;\u010dervna 2023 bude prostor budouc\u00edho parku kv\u016fli stavb\u011b \u010d\u00e1ste\u010dn\u011b uzav\u0159en\u00fd. Nad\u00e1le se bude mo\u017en\u00e9 dostat do v\u00fdchodn\u00ed \u010d\u00e1sti parku vchodem od mate\u0159sk\u00e9 \u0161koly v&nbsp;ul. Varhul\u00edkov\u00e9 12, pr\u016fchod k&nbsp;mostu Barik\u00e1dn\u00edk\u016f v\u0161ak z&nbsp;t\u00e9to strany nebude umo\u017en\u011bn. K&nbsp;dispozici bude cesta od vchodu u&nbsp;\u017eelezni\u010dn\u00edho mostu naproti vnitrobloku U&nbsp;Vody. Park bude v&nbsp;t\u00e9to \u010d\u00e1sti uzav\u0159en\u00fd (v\u010detn\u011b fitness prvk\u016f), zachov\u00e1n v\u0161ak z\u016fstane pr\u016fchod k&nbsp;mostu Barik\u00e1dn\u00edk\u016f, nov\u00e9 stezce pro p\u011b\u0161\u00ed a&nbsp;cyklisty na n\u00e1b\u0159e\u017e\u00ed a&nbsp;d\u00e1le sm\u011brem ke Stromovce.<\/p>\r\n<p>&nbsp;<\/p>\r\n<p><a href=\"https:\/\/www.praha7.cz\/wp-content\/uploads\/2023\/06\/staveniste_park-U-Vody-s-legendou.jpg\"><img loading=\"lazy\" src=\"https:\/\/www.praha7.cz\/wp-content\/uploads\/2023\/06\/staveniste_park-U-Vody-s-legendou.jpg\" alt=\"\" width=\"1326\" height=\"566\" class=\"alignnone size-full wp-image-67593\" srcset=\"https:\/\/www.praha7.cz\/wp-content\/uploads\/2023\/06\/staveniste_park-U-Vody-s-legendou.jpg 1326w, https:\/\/www.praha7.cz\/wp-content\/uploads\/2023\/06\/staveniste_park-U-Vody-s-legendou-600x256.jpg 600w, https:\/\/www.praha7.cz\/wp-content\/uploads\/2023\/06\/staveniste_park-U-Vody-s-legendou-768x328.jpg 768w\" sizes=\"(max-width: 1326px) 100vw, 1326px\" \/><\/a><\/p>\r\n<p>Omlouv\u00e1me se za komplikace. Park U&nbsp;Vody v&nbsp;nov\u00e9m kab\u00e1t\u011b se na v\u00e1s t\u011b\u0161\u00ed v&nbsp;roce 2024.<\/p>\r\n<p>&nbsp;<\/p>\r\n<p>Projekt je realizov\u00e1n d\u00edky grantu z\u00a0Norsk\u00fdch fond\u016f.<\/p>\r\n<p>&nbsp;<\/p>\r\n<p>Upozor\u0148ujeme, \u017ee v\u00a0prostoru prob\u00edh\u00e1 pr\u016fb\u011b\u017en\u00e1 dokumentace stavby \u010dasosb\u011brn\u00fdm za\u0159\u00edzen\u00edm.<\/p>\r\n<p>&nbsp;<\/p>\r\n<p><strong>V\u00edce o&nbsp;projektu se do\u010dtete na str\u00e1nce: <a href=\"http:\/\/www.praha7.cz\/park-u-vody\">www.praha7.cz\/park-u-vody<\/a><\/strong><\/p>\r\n<p><strong>V p\u0159\u00edpad\u011b z\u00e1jmu o&nbsp;dal\u0161\u00ed informace se m\u016f\u017eete obr\u00e1tit na: <a href=\"mailto:parkuvody@praha7.cz\">parkuvody@praha7.cz<\/a><\/strong><\/p>\r\n<p>&nbsp;<\/p>\r\n<p>&nbsp;<\/p>","protected":false},"excerpt":{"rendered":"[perex] M\u011bstsk\u00e1 \u010d\u00e1st Praha&nbsp;7 za\u010d\u00edn\u00e1 budovat nov\u00fd park U&nbsp;Vody, kter\u00fd na z\u00e1klad\u011b v\u00fdsledk\u016f urbanisticko-krajin\u00e1\u0159sk\u00e9 sout\u011b\u017ee vznikne na severn\u00edm n\u00e1b\u0159e\u017e\u00ed Vltavy mezi hole\u0161ovick\u00fdm p\u0159\u00edstavem a&nbsp;mostem Barik\u00e1dn\u00edk\u016f. [\/perex] Upozor\u0148ujeme, \u017ee od 15.&nbsp;\u010dervna 2023 bude prostor budouc\u00edho parku kv\u016fli stavb\u011b \u010d\u00e1ste\u010dn\u011b uzav\u0159en\u00fd. Nad\u00e1le se bude mo\u017en\u00e9 dostat do v\u00fdchodn\u00ed \u010d\u00e1sti parku vchodem od mate\u0159sk\u00e9 \u0161koly v&nbsp;ul. Varhul\u00edkov\u00e9 12, [&hellip;]","protected":false},"author":5,"featured_media":45846,"comment_status":"closed","ping_status":"open","sticky":false,"template":"","format":"standard","meta":[],"categories":[34],"tags":[],"_links":{"self":[{"href":"https:\/\/www.praha7.cz\/api\/wp\/v2\/posts\/67591"}],"collection":[{"href":"https:\/\/www.praha7.cz\/api\/wp\/v2\/posts"}],"about":[{"href":"https:\/\/www.praha7.cz\/api\/wp\/v2\/types\/post"}],"author":[{"embeddable":true,"href":"https:\/\/www.praha7.cz\/api\/wp\/v2\/users\/5"}],"replies":[{"embeddable":true,"href":"https:\/\/www.praha7.cz\/api\/wp\/v2\/comments?post=67591"}],"version-history":[{"count":10,"href":"https:\/\/www.praha7.cz\/api\/wp\/v2\/posts\/67591\/revisions"}],"predecessor-version":[{"id":67603,"href":"https:\/\/www.praha7.cz\/api\/wp\/v2\/posts\/67591\/revisions\/67603"}],"wp:featuredmedia":[{"embeddable":true,"href":"https:\/\/www.praha7.cz\/api\/wp\/v2\/media\/45846"}],"wp:attachment":[{"href":"https:\/\/www.praha7.cz\/api\/wp\/v2\/media?parent=67591"}],"wp:term":[{"taxonomy":"category","embeddable":true,"href":"https:\/\/www.praha7.cz\/api\/wp\/v2\/categories?post=67591"},{"taxonomy":"post_tag","embeddable":true,"href":"https:\/\/www.praha7.cz\/api\/wp\/v2\/tags?post=67591"}],"curies":[{"name":"wp","href":"https:\/\/api.w.org\/{rel}","templated":true}]}}