    
{"id":67542,"date":"2023-06-13T12:18:59","date_gmt":"2023-06-13T10:18:59","guid":{"rendered":"https:\/\/www.praha7.cz\/?p=67542"},"modified":"2023-06-16T10:15:31","modified_gmt":"2023-06-16T08:15:31","slug":"nejlepsi-detsti-recitatori-z-prahy-vystoupi-na-radnici","status":"publish","type":"post","link":"https:\/\/www.praha7.cz\/nejlepsi-detsti-recitatori-z-prahy-vystoupi-na-radnici\/","title":{"rendered":"Nejlep\u0161\u00ed d\u011bt\u0161t\u00ed recit\u00e1to\u0159i z&nbsp;Prahy vystoup\u00ed na radnici"},"content":{"rendered":"<p>[perex]<\/p>\r\n<p>Radnice Prahy&nbsp;7 bude op\u011bt pat\u0159it poezii. Ocen\u011bn\u00ed z\u00a0pra\u017esk\u00e9ho kola celost\u00e1tn\u00ed p\u0159ehl\u00eddky d\u011btsk\u00fdch recit\u00e1tor\u016f D\u011btsk\u00e1 sc\u00e9na 2023 vystoup\u00ed ve \u010dtvrtek 15.&nbsp;\u010dervna 2023 od 18.00 v\u00a0ob\u0159adn\u00ed s\u00edni na st\u0159e\u0161e \u00da\u0159adu M\u010c Praha&nbsp;7 (U&nbsp;Pr\u016fhonu 38, 8.&nbsp;patro). P\u0159ij\u010fte si poslechnout recitaci nejlep\u0161\u00edch d\u011btsk\u00fdch recit\u00e1tor\u016f z\u00a0Prahy v\u00a0netradi\u010dn\u00edm prost\u0159ed\u00ed a&nbsp;pokochat se unik\u00e1tn\u00edmi v\u00fdhledy na Hole\u0161ovice.<\/p>\r\n<p>[\/perex]<\/p>\r\n<p>Poetick\u00e9 setk\u00e1n\u00ed Recit\u00e1\u0159 2023 po\u0159\u00e1d\u00e1 divadeln\u00ed spolek Ty-j\u00e1-tr. Z\u00fa\u010dastn\u00ed se ho p\u0159es 20 d\u011bt\u00ed ve v\u011bkov\u00e9m rozmez\u00ed od 2.&nbsp;do 9.&nbsp;t\u0159\u00edd z\u00e1kladn\u00edch \u0161kol. O&nbsp;hudebn\u00ed doprovod se postaraj\u00ed \u017e\u00e1ci ZU\u0160 \u0160im\u00e1\u010dkova z\u00a0kytarov\u00e9 t\u0159\u00eddy Mirky Kratochv\u00edlov\u00e9. Akce je zdarma p\u0159\u00edstupn\u00e1 pro \u0161irokou ve\u0159ejnost.<\/p>","protected":false},"excerpt":{"rendered":"[perex] Radnice Prahy&nbsp;7 bude op\u011bt pat\u0159it poezii. Ocen\u011bn\u00ed z\u00a0pra\u017esk\u00e9ho kola celost\u00e1tn\u00ed p\u0159ehl\u00eddky d\u011btsk\u00fdch recit\u00e1tor\u016f D\u011btsk\u00e1 sc\u00e9na 2023 vystoup\u00ed ve \u010dtvrtek 15.&nbsp;\u010dervna 2023 od 18.00 v\u00a0ob\u0159adn\u00ed s\u00edni na st\u0159e\u0161e \u00da\u0159adu M\u010c Praha&nbsp;7 (U&nbsp;Pr\u016fhonu 38, 8.&nbsp;patro). P\u0159ij\u010fte si poslechnout recitaci nejlep\u0161\u00edch d\u011btsk\u00fdch recit\u00e1tor\u016f z\u00a0Prahy v\u00a0netradi\u010dn\u00edm prost\u0159ed\u00ed a&nbsp;pokochat se unik\u00e1tn\u00edmi v\u00fdhledy na Hole\u0161ovice. [\/perex] Poetick\u00e9 setk\u00e1n\u00ed Recit\u00e1\u0159 2023 [&hellip;]","protected":false},"author":5,"featured_media":67543,"comment_status":"closed","ping_status":"open","sticky":false,"template":"","format":"standard","meta":[],"categories":[34],"tags":[],"_links":{"self":[{"href":"https:\/\/www.praha7.cz\/api\/wp\/v2\/posts\/67542"}],"collection":[{"href":"https:\/\/www.praha7.cz\/api\/wp\/v2\/posts"}],"about":[{"href":"https:\/\/www.praha7.cz\/api\/wp\/v2\/types\/post"}],"author":[{"embeddable":true,"href":"https:\/\/www.praha7.cz\/api\/wp\/v2\/users\/5"}],"replies":[{"embeddable":true,"href":"https:\/\/www.praha7.cz\/api\/wp\/v2\/comments?post=67542"}],"version-history":[{"count":1,"href":"https:\/\/www.praha7.cz\/api\/wp\/v2\/posts\/67542\/revisions"}],"predecessor-version":[{"id":67544,"href":"https:\/\/www.praha7.cz\/api\/wp\/v2\/posts\/67542\/revisions\/67544"}],"wp:featuredmedia":[{"embeddable":true,"href":"https:\/\/www.praha7.cz\/api\/wp\/v2\/media\/67543"}],"wp:attachment":[{"href":"https:\/\/www.praha7.cz\/api\/wp\/v2\/media?parent=67542"}],"wp:term":[{"taxonomy":"category","embeddable":true,"href":"https:\/\/www.praha7.cz\/api\/wp\/v2\/categories?post=67542"},{"taxonomy":"post_tag","embeddable":true,"href":"https:\/\/www.praha7.cz\/api\/wp\/v2\/tags?post=67542"}],"curies":[{"name":"wp","href":"https:\/\/api.w.org\/{rel}","templated":true}]}}