    
{"id":67486,"date":"2023-06-12T13:23:28","date_gmt":"2023-06-12T11:23:28","guid":{"rendered":"https:\/\/www.praha7.cz\/?p=67486"},"modified":"2023-06-12T13:28:48","modified_gmt":"2023-06-12T11:28:48","slug":"i-delnicka-vystava-dil-druhy","status":"publish","type":"post","link":"https:\/\/www.praha7.cz\/i-delnicka-vystava-dil-druhy\/","title":{"rendered":"I. d\u011blnick\u00e1 v\u00fdstava, d\u00edl druh\u00fd"},"content":{"rendered":"<p>[perex]<\/p>\r\n<p>Kdy\u017e se v&nbsp;polovin\u011b srpna 1902 otev\u0159ely br\u00e1ny bubene\u010dsk\u00e9ho V\u00fdstavi\u0161t\u011b a&nbsp;za\u010dala I. d\u011blnick\u00e1 v\u00fdstava, o\u010dek\u00e1v\u00e1n\u00ed byla velik\u00e1. Poda\u0159\u00ed se zopakovat \u00fasp\u011bch velk\u00fdch celon\u00e1rodn\u00edch v\u00fdstav, i&nbsp;kdy\u017e u\u017e samotn\u00fd n\u00e1zev akce odkazuje jen k&nbsp;jedn\u00e9 \u010d\u00e1sti spole\u010dnosti? \u0160est t\u00fddn\u016f trv\u00e1n\u00ed v\u00fdstavy nakonec dalo jasnou odpov\u011b\u010f. V\u00edce ne\u017e \u010dtvrt milionu n\u00e1v\u0161t\u011bvn\u00edk\u016f a&nbsp;vesm\u011bs pozitivn\u00ed reakce na expozice i&nbsp;organizaci v\u00fdstavy potvrdily, \u017ee prezentace \u017eivota d\u011blnictva dok\u00e1zala \u010deskou spole\u010dnost zaujmout.<\/p>\r\n<p>[\/perex]<\/p>\r\n<p>Nejv\u011bt\u0161\u00ed \u010d\u00e1st expozic byla soust\u0159ed\u011bna do prostor v&nbsp;Pr\u016fmyslov\u00e9m pal\u00e1ci. Z&nbsp;cel\u00e9 \u0159ady oblast\u00ed vynikala nap\u0159\u00edklad sekce v\u011bnovan\u00e1 typografii. Z\u00e1stupci tohoto \u0159emesla zde otev\u0159eli improvizovanou \u010d\u00edt\u00e1rnu, ve kter\u00e9 bylo mo\u017eno nahl\u00e9dnout (\u00fadajn\u011b) do v\u0161ech tehdy v&nbsp;\u010de\u0161tin\u011b vych\u00e1zej\u00edc\u00edch \u010dasopis\u016f. Z&nbsp;celkov\u00e9ho po\u010dtu 650 periodik poch\u00e1zela pochopiteln\u011b v\u011bt\u0161ina z&nbsp;\u010cech, ov\u0161em k&nbsp;prolistov\u00e1n\u00ed \u010di p\u0159e\u010dten\u00ed zde bylo i&nbsp;v\u00edce ne\u017e \u0161est des\u00edtek krajansk\u00fdch \u010dasopis\u016f vych\u00e1zej\u00edc\u00edch tehdy v&nbsp;USA. Pom\u011brn\u011b velk\u00fd prostor dostaly i&nbsp;tzv. potravin\u00e1\u0159sk\u00e9 \u017eivnosti. Dru\u017estevn\u00ed D\u011blnick\u00e1 pek\u00e1rna v&nbsp;Praze VII p\u0159edstavila elekt\u0159inou poh\u00e1n\u011bn\u00fd m\u00edsic\u00ed stroj, k&nbsp;vid\u011bn\u00ed zde byly ale i&nbsp;fotografie peka\u0159sk\u00fdch d\u00edlen a&nbsp;p\u0159ehled statistick\u00fdch \u00fadaj\u016f o&nbsp;\u010dinnosti d\u011blnick\u00fdch (dru\u017estevn\u00edch) pek\u00e1ren. Pozornost jist\u011b poutal i&nbsp;koutek cukr\u00e1\u0159e, ve kter\u00e9m bylo mo\u017en\u00e9 si prohl\u00e9dnout model kostela nebo d\u011bln\u00edka m\u00e1vaj\u00edc\u00edho praporem \u2013 oboj\u00ed vyroben\u00e9 z&nbsp;cukru.<\/p>\r\n<p><strong>Ide\u00e1l d\u011blnick\u00e9ho domu<br \/>\r\n<\/strong>\u017delezni\u010dn\u00ed z\u0159\u00edzenci p\u0159ipravili panorama (dnes bychom \u0159ekli 3D model) p\u0159edstavuj\u00edc\u00ed str\u00e1\u017en\u00edho domek a\u00a0dal\u0161\u00ed atributy pr\u00e1ce na \u017eeleznici. Na p\u0159\u00edprav\u011b t\u00e9to v\u00fdstavn\u00ed sekce se pod\u00edlel tehdy popul\u00e1rn\u00ed mal\u00ed\u0159 divadeln\u00edch dekorac\u00ed Karel Piperger.<\/p>\r\n<p>Obl\u00edben\u00fdm motivem expozic byla prezentace obydl\u00ed jednotliv\u00fdch profes\u00ed \u2013 n\u00e1v\u0161t\u011bvn\u00edci tak m\u011bli mo\u017enost nahl\u00e9dnout do sv\u011btnice krej\u010d\u00edho nebo \u0161evce \u010di do lo\u017enice rodiny peka\u0159e. \u0160k\u00e1la prezentovan\u00fdch expon\u00e1t\u016f byla skute\u010dn\u011b \u0161irok\u00e1, krom\u011b vlastn\u00edch v\u00fdrobk\u016f se prakticky v&nbsp;ka\u017ed\u00e9 \u010d\u00e1sti v\u00fdstavy objevily informa\u010dn\u00ed panely s&nbsp;\u00fadaji o&nbsp;dan\u00e9m oboru, \u010dasto dopln\u011bn\u00e9 fotografiemi, tabulkami, grafy apod. I&nbsp;m\u011bsto Praha se na akci p\u0159edstavilo, prezentovalo p\u0159edev\u0161\u00edm sv\u00e9 \u201elidumiln\u00e9 \u00fastavy\u201c, tedy instituce, kter\u00e9 se zab\u00fdvaly soci\u00e1ln\u00ed a&nbsp;charitativn\u00ed \u010dinnost\u00ed \u2013 vychovatelnu v&nbsp;Libni, chudobince, sirot\u010dinec a&nbsp;chorobinec.<\/p>\r\n<p>N\u011bkter\u00e9 \u010d\u00e1sti v\u00fdstavy ov\u0161em vzbuzovaly kontroverze, za v\u0161echny lze jmenovat zejm\u00e9na \u201evzorov\u00fd d\u011blnick\u00fd domek\u201c, kter\u00fd byl postaven p\u0159ed Pr\u016fmyslov\u00fdm pal\u00e1cem. N\u011bkte\u0159\u00ed novin\u00e1\u0159i i&nbsp;n\u00e1v\u0161t\u011bvn\u00edci jeho vybaven\u00ed ozna\u010dili za p\u0159\u00edli\u0161 n\u00e1kladn\u00e9 a&nbsp;ne\u00fa\u010deln\u00e9, dokonce tak, \u017ee by si jej t\u011b\u017eko mohli dovolit i&nbsp;p\u0159\u00edslu\u0161n\u00edci st\u0159edn\u00ed t\u0159\u00eddy. V&nbsp;\u010dasopise \u017densk\u00e9 listy zase autorka report\u00e1\u017ee z&nbsp;v\u00fdstavy pouk\u00e1zala na fakt, \u017ee \u00faklid a&nbsp;udr\u017een\u00ed podobn\u00e9ho domku v&nbsp;\u010distot\u011b by kladlo obrovsk\u00e9 n\u00e1roky zejm\u00e9na na \u017eenu d\u011blnici. Po n\u00e1vratu z&nbsp;t\u011b\u017ek\u00e9 sm\u011bny v&nbsp;zam\u011bstn\u00e1n\u00ed by ji tak \u010dekala dal\u0161\u00ed \u201e\u0161ichta\u201c. Pisatelka nav\u00edc rad\u00ed soust\u0159edit se sp\u00ed\u0161e ne\u017e na luxusn\u00ed vybaven\u00ed na nalezen\u00ed zp\u016fsobu, jak financovat stavbu dostupn\u00fdch domk\u016f pro d\u011bln\u00edky. \u010c\u00e1st novin\u00e1\u0159\u016f tak\u00e9 kritizovala n\u011bkter\u00e9 expon\u00e1ty, kter\u00e9 se jim zd\u00e1ly p\u0159\u00edli\u0161 luxusn\u00ed, a&nbsp;tedy neodpov\u00eddaj\u00edc\u00ed duchu v\u00fdstavy. Negativn\u00ed reakce na v\u00fdstavu m\u011bly ale v\u011bt\u0161inou politick\u00fd podtext, a&nbsp;to proto, \u017ee za n\u00ed st\u00e1la soci\u00e1ln\u011b demokratick\u00e1 strana.<br \/>\r\n<br \/>\r\n<\/p>\r\n<p><img loading=\"lazy\" src=\"https:\/\/www.praha7.cz\/wp-content\/uploads\/2023\/06\/03_Mar28_07-228x400.png\" alt=\"\" width=\"228\" height=\"400\" class=\"alignnone size-medium wp-image-67493\" srcset=\"https:\/\/www.praha7.cz\/wp-content\/uploads\/2023\/06\/03_Mar28_07-228x400.png 228w, https:\/\/www.praha7.cz\/wp-content\/uploads\/2023\/06\/03_Mar28_07.png 378w\" sizes=\"(max-width: 228px) 100vw, 228px\" \/><br \/>\r\n<em>Socha Anton\u00edna \u0160trunce Svoboda vytvo\u0159en\u00e1 speci\u00e1ln\u011b pro I. d\u011blnickou v\u00fdstavu<\/em><\/p>\r\n<p><strong><br \/>\r\nVzp\u00edr\u00e1n\u00ed i\u00a0Dvo\u0159\u00e1k<\/strong><br \/>\r\nOrganiz\u00e1to\u0159i se po vzoru p\u0159ede\u0161l\u00fdch v\u00fdstav sna\u017eili program zatraktivnit tzv. z\u00e1bavn\u00edmi podniky. Sou\u010d\u00e1st\u00ed expozice v&nbsp;Pr\u016fmyslov\u00e9m pal\u00e1ci byla p\u0159ehl\u00eddka prac\u00ed v\u00fdtvarn\u00edk\u016f. Zde dominovala plastika s&nbsp;n\u00e1zvem Svoboda od socha\u0159e Anton\u00edna \u0160trunce a&nbsp;sv\u00e1 d\u00edla zde prezentovala tak\u00e9 cel\u00e1 \u0159ada dodnes velice cen\u011bn\u00fdch v\u00fdtvarn\u00edk\u016f \u2013 nap\u0159\u00edklad socha\u0159 Ladislav \u0160aloun p\u0159edstavil plastiku d\u011bln\u00edka vl\u00e1\u010dej\u00edc\u00edho obrovsk\u00fd balvan nebo Franti\u0161ek \u00daprka sochu zobrazuj\u00edc\u00ed v\u00fdjev, kdy obtloustl\u00fd boh\u00e1\u010d zpupn\u011b odkop\u00e1v\u00e1 sv\u00e9ho d\u011bln\u00edka. Pozornost p\u0159itahovala i&nbsp;s\u00e9rie ilustrac\u00ed s&nbsp;n\u00e1zvem Pen\u00edze od Franti\u0161ka Kupky, vytvo\u0159en\u00e1 p\u016fvodn\u011b pro francouzsk\u00fd \u010dasopis L\u2019Assiette au Beurre. Davy n\u00e1v\u0161t\u011bvn\u00edk\u016f l\u00e1kala rovn\u011b\u017e balonov\u00e1 ar\u00e9na v&nbsp;doln\u00ed \u010d\u00e1sti V\u00fdstavi\u0161t\u011b, kterou provozoval zn\u00e1m\u00fd vzduchoplavec H\u016flka. Prob\u00edhaly zde aeronautick\u00e9 hry, jejich\u017e hlavn\u00edm programem byly vzlety balon\u016f nejr\u016fzn\u011bj\u0161\u00edch, hlavn\u011b komick\u00fdch tvar\u016f.<\/p>\r\n<p>P\u0159elom 19.&nbsp;a&nbsp;20.&nbsp;stolet\u00ed byl obdob\u00edm, kdy se do pop\u0159ed\u00ed z\u00e1jmu ve\u0159ejnosti za\u010dal dost\u00e1vat sport. To se projevilo i&nbsp;na v\u00fdstav\u011b \u2013 organiz\u00e1to\u0159i p\u0159ipravili pro n\u00e1v\u0161t\u011bvn\u00edky n\u011bkolik exhibi\u010dn\u00edch atletick\u00fdch\u00a0 z\u00e1vod\u016f. V&nbsp;ned\u011bli 31.&nbsp;srpna uspo\u0159\u00e1dal tyto sout\u011b\u017ee klub Meteor v&nbsp;n\u00e1sleduj\u00edc\u00edch discipl\u00edn\u00e1ch: vzp\u00edr\u00e1n\u00ed nejt\u011b\u017e\u0161\u00edch b\u0159emen, vrh\u00e1n\u00ed koule o&nbsp;hmotnosti 7 a&nbsp;\u00bc kilogramu, vrh\u00e1n\u00ed antick\u00e9ho disku nebo b\u011bh na 300 metr\u016f.<\/p>\r\n<p>O dvou srpnov\u00fdch ned\u011bl\u00edch tak\u00e9 sehr\u00e1l simult\u00e1nn\u00ed partii \u0161achu \u0161achov\u00fd mistr Old\u0159ich Duras (1882\u20131957), a&nbsp;to se \u010dty\u0159iceti soupe\u0159i najednou. Nejednalo se o&nbsp;pouhou atrakci, proto\u017ee, jak psali organiz\u00e1to\u0159i v\u00fdstavy: \u201ePartie tato zaj\u00edmav\u00e1 po\u010dtem p\u0159ihl\u00e1\u0161en\u00fdch \u0161achist\u016f, ale i&nbsp;r\u00e1zu demonstra\u010dn\u00edho v&nbsp;tom sm\u011bru, \u017ee d\u011blnictvo pozn\u00e1 nejduchapln\u011bj\u0161\u00ed hru \u0161achy, a&nbsp;t\u00edm z\u00edsk\u00e1 jaksi n\u00e1hradu za hru v&nbsp;karty.\u201c<br \/>\r\n<br \/>\r\n<\/p>\r\n<p><img loading=\"lazy\" src=\"https:\/\/www.praha7.cz\/wp-content\/uploads\/2023\/06\/04_de\u030clnicka\u0301_vy\u0301stava_reklama_na_ji\u0301delnu_Kostec\u030cna\u0301_08_1902.jpg\" alt=\"\" width=\"378\" height=\"228\" class=\"alignnone size-full wp-image-67495\" \/><br \/>\r\n<em>V\u00fdstavy vyu\u017eila cel\u00e1 \u0159ada \u017eivnostn\u00edk\u016f, kte\u0159\u00ed nab\u00edzeli n\u00e1v\u0161t\u011bvn\u00edk\u016fm sv\u00e9 slu\u017eby<\/em><\/p>\r\n<p><br \/>\r\nNed\u00edlnou sou\u010d\u00e1st\u00ed podobn\u00fdch akc\u00ed b\u00fdvaly i&nbsp;hudebn\u00ed produkce, a&nbsp;ani d\u011blnick\u00e1 v\u00fdstava samoz\u0159ejm\u011b nebyla v\u00fdjimkou. T\u00e9to produkce se ujala cel\u00e1 \u0159ada amat\u00e9rsk\u00fdch, zejm\u00e9na d\u011blnick\u00fdch p\u011bveck\u00fdch spolk\u016f. Nad nimi ale \u010dn\u011bly produkce, kter\u00e9 pro n\u00e1v\u0161t\u011bvn\u00edky p\u0159ipravilo \u0161pi\u010dkov\u00e9 hudebn\u00ed t\u011bleso \u2013 \u010cesk\u00e1 filharmonie. Program jej\u00edch koncert\u016f m\u011bl p\u0159ibl\u00ed\u017eit d\u011blnick\u00fdm vrstv\u00e1m sou\u010dasnou \u010deskou hudbu, a&nbsp;proto nechyb\u011bla nap\u0159\u00edklad p\u0159edehra k&nbsp;Smetanov\u011b Prodan\u00e9 nev\u011bst\u011b, balet z&nbsp;opery Dv\u011b vdovy \u010di Dvo\u0159\u00e1kovy Slovansk\u00e9 tance.<\/p>\r\n<p>N\u011bkter\u00e9 v\u00fdstavn\u00ed dny byly v\u011bnov\u00e1ny p\u0159\u00edslu\u0161n\u00edk\u016fm jednotliv\u00fdch povol\u00e1n\u00ed. St\u0159edu 27.&nbsp;srpna pro sebe m\u011bli vyhrazenu \u010d\u00ed\u0161n\u00edci, kte\u0159\u00ed se na v\u00fdstavu vydali v&nbsp;manifesta\u010dn\u00edm pr\u016fvodu. Organiz\u00e1to\u0159i tak\u00e9 v\u017edy pochv\u00e1lili v&nbsp;tisku majitele tov\u00e1ren, kte\u0159\u00ed se rozhodli vyslat na v\u00fdstavu sv\u00e9 zam\u011bstnance a&nbsp;uhradili jim vstupn\u00e9. Do Prahy speci\u00e1ln\u011b na tuto akci zam\u00ed\u0159ily tis\u00edce n\u00e1v\u0161t\u011bvn\u00edk\u016f z&nbsp;venkova.<\/p>\r\n<p>V\u00fdstava p\u0159it\u00e1hla i&nbsp;celou \u0159adu V. I. P. osobnost\u00ed. Ze zn\u00e1m\u00fdch a&nbsp;vlivn\u00fdch n\u00e1v\u0161t\u011bvn\u00edk\u016f je t\u0159eba jmenovat zejm\u00e9na nejvy\u0161\u0161\u00edho mar\u0161\u00e1lka Kr\u00e1lovstv\u00ed \u010desk\u00e9ho Ji\u0159\u00edho z&nbsp;Lobkowitz, m\u00edstodr\u017eitele Karla hrab\u011bte Coudenhove nebo ministra \u017eeleznic Heinricha Witteka. V\u00edtanou propagac\u00ed pro v\u00fdstavu bylo v\u017edy o\u010dek\u00e1v\u00e1n\u00ed a&nbsp;n\u00e1sledn\u00e9 obdarov\u00e1n\u00ed jubilejn\u00edho n\u00e1v\u0161t\u011bvn\u00edka. T\u00edm s&nbsp;po\u0159adov\u00fdm \u010d\u00edslem <br \/>\r\n100&nbsp;000 se stala ji\u017e 25.&nbsp;srpna pan\u00ed Anna Ko\u017e\u00ed\u0161kov\u00e1, man\u017eelka d\u011bln\u00edka z&nbsp;Libn\u011b, kterou v\u00fdstavn\u00ed v\u00fdbor obdaroval \u201eskvostn\u00fdm n\u00e1stoln\u00edkem\u201c (m\u00edsa na ovoce \u010di jin\u00e9 potraviny \u2013 pozn. aut.), jen\u017e byl vyroben ve zl\u00edchovsk\u00fdch skl\u00e1rn\u00e1ch.<br \/>\r\n<br \/>\r\n<\/p>\r\n<p><img loading=\"lazy\" src=\"https:\/\/www.praha7.cz\/wp-content\/uploads\/2023\/06\/05_stra\u0301z\u030cni\u0301_domek_z\u030celeznic\u030cni\u0301_v_ra\u0301mci_sekce_dopravnictvi\u0301_1902-600x350.jpg\" alt=\"\" width=\"600\" height=\"350\" class=\"alignnone size-medium wp-image-67496\" srcset=\"https:\/\/www.praha7.cz\/wp-content\/uploads\/2023\/06\/05_stra\u0301z\u030cni\u0301_domek_z\u030celeznic\u030cni\u0301_v_ra\u0301mci_sekce_dopravnictvi\u0301_1902-600x350.jpg 600w, https:\/\/www.praha7.cz\/wp-content\/uploads\/2023\/06\/05_stra\u0301z\u030cni\u0301_domek_z\u030celeznic\u030cni\u0301_v_ra\u0301mci_sekce_dopravnictvi\u0301_1902.jpg 679w\" sizes=\"(max-width: 600px) 100vw, 600px\" \/><br \/>\r\n<em>Model \u017eelezni\u010dn\u00edho domku ve v\u00fdstavn\u00ed sekci Dopravnictv\u00ed<br \/>\r\n<br \/>\r\n<\/em><\/p>\r\n<p>A\u010dkoli m\u011bla v\u00fdstava p\u016fvodn\u011b skon\u010dit ji\u017e 8.&nbsp;z\u00e1\u0159\u00ed, rozhodli se ji organiz\u00e1to\u0159i kv\u016fli velk\u00e9mu z\u00e1jmu o&nbsp;t\u00fdden prodlou\u017eit. Celkov\u00e1 n\u00e1v\u0161t\u011bva se nakonec zastavila na \u00factyhodn\u00e9m \u010d\u00edsle 281&nbsp;141 osob, a&nbsp;to za pouh\u00fdch 31 dn\u016f. I&nbsp;z&nbsp;hlediska finan\u010dn\u00edho se cel\u00e1 akce vyda\u0159ila, skon\u010dila v&nbsp;p\u0159ebytku 21&nbsp;500 tehdej\u0161\u00edch korun, p\u0159i\u010dem\u017e tato \u010d\u00e1stka byla rozd\u011blena mezi dev\u011bt d\u011blnick\u00fdch organizac\u00ed. O&nbsp;tom, \u017ee <br \/>\r\nI. d\u011blnick\u00e1 v\u00fdstava byla \u00fasp\u011b\u0161n\u00fdm a&nbsp;v\u00fdznamn\u00fdm podnikem, sv\u011bd\u010d\u00ed i&nbsp;hodnocen\u00ed, kter\u00e9 po \u010dase otiskl \u010dasopis I. m\u00e1j: \u201eN\u00e1v\u0161t\u011bvn\u00edk\u016fm nikdy dozajista nevymiz\u00ed velik\u00fd ten v\u00fdsledek d\u011blnick\u00e9 kulturn\u00ed pr\u00e1ce, pr\u00e1ce ducha i&nbsp;rukou, kter\u00e9 spojily se zde v&nbsp;jeden ladn\u00fd celek; bylo to jasn\u00fdm d\u016fkazem, \u017ee d\u011blnictvo jest platn\u00fdm a&nbsp;d\u016fle\u017eit\u00fdm \u010dinitelem ve spole\u010dnosti lidsk\u00e9, a&nbsp;to jak v&nbsp;ot\u00e1zk\u00e1ch hospod\u00e1\u0159sk\u00fdch, soci\u00e1ln\u00edch, politick\u00fdch, tak i&nbsp;kulturn\u00edch.\u201c<\/p>\r\n<p>Je nasnad\u011b, \u017ee organiz\u00e1to\u0159i po\u010d\u00edtali s&nbsp;t\u00edm, \u017ee v\u00fdstava nebude posledn\u00edm podnikem v&nbsp;jejich re\u017eii, o&nbsp;tom nakonec sv\u011bd\u010d\u00ed i&nbsp;\u010d\u00edslovka \u201eprvn\u00ed\u201c, kterou vetkli do n\u00e1zvu akce. O&nbsp;v\u00edce ne\u017e dek\u00e1du pozd\u011bji se rozb\u011bhly p\u0159\u00edpravy k&nbsp;druh\u00e9 d\u011blnick\u00e9 v\u00fdstav\u011b, kter\u00e1 m\u011bla akci z&nbsp;roku 1902 ve v\u0161ech sm\u011brech p\u0159ekonat. Napl\u00e1nov\u00e1na byla na l\u00e9to 1915, ji\u017e o&nbsp;rok d\u0159\u00edve byly ustaveny v\u00fdstavn\u00ed v\u00fdbory v&nbsp;\u010desk\u00fdch regionech i&nbsp;v&nbsp;zahrani\u010d\u00ed. D\u011bjinn\u00e9 ud\u00e1losti, konkr\u00e9tn\u011b prvn\u00ed sv\u011btov\u00e1 v\u00e1lka, ale uspo\u0159\u00e1d\u00e1n\u00ed druh\u00e9 celon\u00e1rodn\u00ed d\u011blnick\u00e9 v\u00fdstavy p\u0159ekazily.<br \/>\r\n<br \/>\r\n<\/p>\r\n<p><img loading=\"lazy\" src=\"https:\/\/www.praha7.cz\/wp-content\/uploads\/2023\/06\/02_de\u030clnicky\u0301_domek_foto-600x342.jpg\" alt=\"\" width=\"600\" height=\"342\" class=\"alignnone size-medium wp-image-67497\" srcset=\"https:\/\/www.praha7.cz\/wp-content\/uploads\/2023\/06\/02_de\u030clnicky\u0301_domek_foto-600x342.jpg 600w, https:\/\/www.praha7.cz\/wp-content\/uploads\/2023\/06\/02_de\u030clnicky\u0301_domek_foto.jpg 679w\" sizes=\"(max-width: 600px) 100vw, 600px\" \/><br \/>\r\n<em>Modelov\u00fd d\u011blnick\u00fd domek p\u0159ed Pr\u016fmyslov\u00fdm pal\u00e1cem<\/em><\/p>","protected":false},"excerpt":{"rendered":"[perex] Kdy\u017e se v&nbsp;polovin\u011b srpna 1902 otev\u0159ely br\u00e1ny bubene\u010dsk\u00e9ho V\u00fdstavi\u0161t\u011b a&nbsp;za\u010dala I. d\u011blnick\u00e1 v\u00fdstava, o\u010dek\u00e1v\u00e1n\u00ed byla velik\u00e1. Poda\u0159\u00ed se zopakovat \u00fasp\u011bch velk\u00fdch celon\u00e1rodn\u00edch v\u00fdstav, i&nbsp;kdy\u017e u\u017e samotn\u00fd n\u00e1zev akce odkazuje jen k&nbsp;jedn\u00e9 \u010d\u00e1sti spole\u010dnosti? \u0160est t\u00fddn\u016f trv\u00e1n\u00ed v\u00fdstavy nakonec dalo jasnou odpov\u011b\u010f. V\u00edce ne\u017e \u010dtvrt milionu n\u00e1v\u0161t\u011bvn\u00edk\u016f a&nbsp;vesm\u011bs pozitivn\u00ed reakce na expozice i&nbsp;organizaci v\u00fdstavy potvrdily, [&hellip;]","protected":false},"author":292,"featured_media":67491,"comment_status":"closed","ping_status":"open","sticky":false,"template":"","format":"standard","meta":[],"categories":[37],"tags":[],"_links":{"self":[{"href":"https:\/\/www.praha7.cz\/api\/wp\/v2\/posts\/67486"}],"collection":[{"href":"https:\/\/www.praha7.cz\/api\/wp\/v2\/posts"}],"about":[{"href":"https:\/\/www.praha7.cz\/api\/wp\/v2\/types\/post"}],"author":[{"embeddable":true,"href":"https:\/\/www.praha7.cz\/api\/wp\/v2\/users\/292"}],"replies":[{"embeddable":true,"href":"https:\/\/www.praha7.cz\/api\/wp\/v2\/comments?post=67486"}],"version-history":[{"count":4,"href":"https:\/\/www.praha7.cz\/api\/wp\/v2\/posts\/67486\/revisions"}],"predecessor-version":[{"id":67499,"href":"https:\/\/www.praha7.cz\/api\/wp\/v2\/posts\/67486\/revisions\/67499"}],"wp:featuredmedia":[{"embeddable":true,"href":"https:\/\/www.praha7.cz\/api\/wp\/v2\/media\/67491"}],"wp:attachment":[{"href":"https:\/\/www.praha7.cz\/api\/wp\/v2\/media?parent=67486"}],"wp:term":[{"taxonomy":"category","embeddable":true,"href":"https:\/\/www.praha7.cz\/api\/wp\/v2\/categories?post=67486"},{"taxonomy":"post_tag","embeddable":true,"href":"https:\/\/www.praha7.cz\/api\/wp\/v2\/tags?post=67486"}],"curies":[{"name":"wp","href":"https:\/\/api.w.org\/{rel}","templated":true}]}}