    
{"id":67473,"date":"2023-06-12T13:08:23","date_gmt":"2023-06-12T11:08:23","guid":{"rendered":"https:\/\/www.praha7.cz\/?p=67473"},"modified":"2023-06-12T13:08:52","modified_gmt":"2023-06-12T11:08:52","slug":"dustojny-zivot-navzdory-obtizne-chorobe","status":"publish","type":"post","link":"https:\/\/www.praha7.cz\/dustojny-zivot-navzdory-obtizne-chorobe\/","title":{"rendered":"D\u016fstojn\u00fd \u017eivot navzdory obt\u00ed\u017en\u00e9 chorob\u011b"},"content":{"rendered":"<p>[perex]<\/p>\r\n<p><a href=\"https:\/\/centrum-senorina.cz\/\">Centrum Se\u0148orina<\/a> poskytuje odleh\u010dovac\u00ed slu\u017eby zam\u011b\u0159en\u00e9 na klienty s&nbsp;Alzheimerovou nemoc\u00ed a&nbsp;dal\u0161\u00edmi typy demence. Jeho c\u00edlem je pom\u00e1hat rodin\u00e1m, kter\u00e9 se rozhodly pe\u010dovat o&nbsp;sv\u00e9 bl\u00edzk\u00e9 doma. S\u00eddl\u00ed sice v&nbsp;samotn\u00e9m centru Prahy, ale nab\u00edz\u00ed pomocnou ruku i&nbsp;sedmi\u010dkov\u00fdm ob\u010dan\u016fm.<\/p>\r\n<p>[\/perex]<\/p>\r\n<p>Ji\u017e osm\u00fdm rokem Centrum Se\u0148orina poskytuje celopra\u017eskou specializovanou odleh\u010dovac\u00ed slu\u017ebu pro osoby s&nbsp;Alzheimerovou nemoc\u00ed a&nbsp;jin\u00fdmi typy demence, v\u010detn\u011b klient\u016f s&nbsp;pot\u0159ebou celodenn\u00edho dohledu jin\u00e9 osoby. Centrum tak umo\u017e\u0148uje odleh\u010dit rodin\u011b nemocn\u00e9ho v&nbsp;n\u00e1ro\u010dn\u00e9 p\u00e9\u010di, odpo\u010d\u00edvat, pracovat \u010di si vy\u0159\u00eddit jin\u00e9 z\u00e1le\u017eitosti s&nbsp;v\u011bdom\u00edm, \u017ee o&nbsp;jejich bl\u00edzk\u00e9ho je dob\u0159e postar\u00e1no. Na Sedmi\u010dce spolupracuje Se\u0148orina s&nbsp;Pe\u010dovatelsk\u00fdm centrem Praha&nbsp;7 (PCP7) a&nbsp;pe\u010duje o&nbsp;klienty, kter\u00e9 PCP7 nem\u016f\u017ee p\u0159ijmout z&nbsp;d\u016fvodu nedostate\u010dn\u00e9 kapacity nebo specifick\u00e9 n\u00e1ro\u010dnosti pot\u0159ebn\u00e9 p\u00e9\u010de.<\/p>\r\n<p><strong>Svat\u00e1 Senhorinha<\/strong><br \/>\r\nMan\u017eel\u00e9 \u0160varcbachovi nosili pl\u00e1ny na podporu senior\u016f v\u00a0hlav\u011b u\u017e p\u0159ed z\u0159\u00edzen\u00edm Centra Se\u0148orina. Jejich p\u016fvodn\u00ed my\u0161lenkou byl seniorsk\u00fd cohousing \u2013 nov\u00fd zp\u016fsob bydlen\u00ed, kter\u00fd klade d\u016fraz na hloub\u011bji pro\u017e\u00edvan\u00e9 mezilidsk\u00e9 vztahy a\u00a0sou\u010dasn\u011b udr\u017euje a\u00a0podporuje osobn\u00ed nez\u00e1vislost. Sna\u017e\u00ed se zachovat to nejlep\u0161\u00ed, co nab\u00edzel \u017eivot v\u00a0tradi\u010dn\u00edch prov\u00e1zan\u00fdch vesnick\u00fdch spole\u010denstv\u00edch, a\u00a0p\u0159en\u00e9st to do 21.&nbsp;stolet\u00ed. Jeho realizaci \u0160varcbachovi p\u0159ipravovali v\u00a0Sadov\u00e9 ulici\u00a0v\u00a0Kou\u0159imi. U\u017e tento pilotn\u00ed projekt pro vy\u0159\u00edzen\u00ed form\u00e1ln\u00edch z\u00e1le\u017eitost\u00ed pot\u0159eboval tak\u00e9 jm\u00e9no. Man\u017eel\u00e9 v\u011bd\u011bli, \u017ee n\u00e1zev jejich organizace mus\u00ed jasn\u011b odkazovat na seniory, a\u00a0to jak vizu\u00e1ln\u011b, tak foneticky. P\u0159\u00e1li si, aby se v\u00a0n\u00e1zvu organizace sou\u010dasn\u011b zrcadlila p\u00e9\u010de a\u00a0starost. Inspirac\u00ed jim byla svat\u00e1 Senhorinha z\u00a0Basta, postava ran\u00fdch portugalsk\u00fdch d\u011bjin se silnou symbolikou a\u00a0v\u00e1\u017een\u00fdm p\u016fvodem sahaj\u00edc\u00edm ke kr\u00e1lovsk\u00fdm ko\u0159en\u016fm. Jm\u00e9no pe\u010duj\u00edc\u00ed, vzd\u011blan\u00e9 abaty\u0161e souzn\u011blo s\u00a0pot\u0159ebami man\u017eel\u016f \u0160varcbachov\u00fdch a\u00a0jeho jemnou \u00fapravou se i\u00a0foneticky a\u00a0vizu\u00e1ln\u011b p\u0159ibl\u00ed\u017eili podob\u011b slova senior.\u00a0A\u00a0tak vznikla Se\u0148orina.<\/p>\r\n<p><strong>3 v\u00a01<\/strong><br \/>\r\nCentrum Se\u0148orina stoj\u00ed na t\u0159ech z\u00e1kladn\u00edch pil\u00ed\u0159\u00edch, je\u017e se prol\u00ednaj\u00ed celou slu\u017ebou. Pracuje s\u00a0montessori p\u0159\u00edstupem pod heslem Pomoz mi, abych to zvl\u00e1dl s\u00e1m. Mo\u017enost zapojit se do d\u011bn\u00ed v\u00a0dom\u00e1cnosti, n\u011bkdy i\u00a0zd\u00e1nliv\u00fdmi drobnostmi, pom\u00e1h\u00e1 \u010dlov\u011bku s\u00a0demenc\u00ed za\u017e\u00edvat cenn\u00fd pocit soun\u00e1le\u017eitosti, u\u017eite\u010dnosti a\u00a0norm\u00e1lnosti. Klienti se pod\u00edlej\u00ed na b\u011b\u017en\u00fdch \u010dinnostech, na kter\u00e9 byli cel\u00fd \u017eivot zvykl\u00ed, jako je nap\u0159\u00edklad p\u0159\u00edprava j\u00eddla, pe\u010den\u00ed, skl\u00e1d\u00e1n\u00ed pr\u00e1dla nebo t\u0159eba s\u00e1zen\u00ed \u010di aran\u017eov\u00e1n\u00ed kv\u011btin. Klient\u016fm je dop\u0159\u00e1n \u010das a\u00a0podpora pro v\u0161e, co se rozhodnou d\u011blat.<\/p>\r\n<p>Nem\u00e9n\u011b d\u016fle\u017eit\u00e1 je podpora individu\u00e1ln\u00edch z\u00e1jm\u016f a\u00a0pot\u0159eb klient\u016f \u2013 ti se mohou \u00fa\u010dastnit ka\u017edodenn\u00edch skupinov\u00fdch aktivizac\u00ed, ale z\u00e1rove\u0148 mohou vyu\u017e\u00edt\u00a0i\u00a0aktivizac\u00ed individu\u00e1ln\u00edch, kdy se v\u011bnuj\u00ed pouze sv\u00fdm z\u00e1jm\u016fm a\u00a0rozv\u00edjej\u00ed po\u017eadovan\u00e9 dovednosti.<\/p>\r\n<p>A\u00a0nakonec \u00fatuln\u00e9 prost\u0159ed\u00ed a\u00a0mal\u00e1 kapacita Centra Se\u0148orina vytv\u00e1\u0159ej\u00ed rodinou atmosf\u00e9ru \u2013 centrum je za\u0159\u00edzeno tak, aby se v\u00a0n\u011bm klienti c\u00edtili bezpe\u010dn\u011b a\u00a0dob\u0159e se v\u00a0n\u011bm orientovali. Centrum se nach\u00e1z\u00ed v\u00a0ulici Na Po\u0159\u00ed\u010d\u00ed v\u00a0prostor\u00e1ch novorenesan\u010dn\u00edho domu z\u00a0konce 19.&nbsp;stolet\u00ed s\u00a0velk\u00fdmi okny a\u00a0vysok\u00fdmi stropy. Krom\u011b klientsk\u00fdch pokoj\u016f je zde klient\u016fm k\u00a0dispozici ob\u00fdvac\u00ed m\u00edstnost s\u00a0pohodln\u00fdmi k\u0159esly, knihovnou a\u00a0akv\u00e1riem, j\u00eddelna a\u00a0pracovna pro arteterapii a\u00a0dal\u0161\u00ed tvo\u0159iv\u00e9 aktivity. V\u011bt\u0161ina p\u0159edm\u011bt\u016f nebo \u00falo\u017en\u00fdch prostor je ozna\u010dena i\u00a0textov\u00fdm n\u00e1zvem dan\u00e9 v\u011bci nebo v\u011bc\u00ed ulo\u017een\u00fdch uvnit\u0159, aby se klient\u016fm v\u0161echno sn\u00e1ze hledalo. Centrum je za\u0159\u00edzeno \u00fa\u010deln\u011b, ale vkusn\u011b, aby reflektovalo styl star\u0161\u00ed generace a\u00a0klienti se v\u00a0n\u011bm c\u00edtili jako doma.<\/p>\r\n<p><strong>Ochrana p\u0159ed soci\u00e1ln\u00ed izolac\u00ed<\/strong><br \/>\r\nKa\u017edodenn\u00ed program je velmi bohat\u00fd na aktivizace, kter\u00e9 jsou u\u00a0lid\u00ed s\u00a0demenc\u00ed d\u016fle\u017eit\u00e9 pro co nejdel\u0161\u00ed zachov\u00e1n\u00ed kognitivn\u00edch funkc\u00ed a\u00a0samostatnosti. Aktivizace jsou skupinov\u00e9 a\u00a0prob\u00edhaj\u00ed dvakr\u00e1t denn\u011b ka\u017ed\u00fd den v\u010detn\u011b v\u00edkend\u016f. Krom\u011b klasick\u00fdch aktivizac\u00ed veden\u00fdch intern\u00edmi odborn\u00fdmi pracovn\u00edky, jako je kognitivn\u00ed tr\u00e9nink (procvi\u010dov\u00e1n\u00ed pam\u011bti, \u0159e\u010di, schopnosti vyjad\u0159ov\u00e1n\u00ed se, orientace v\u00a0\u010dase a\u00a0prostoru), cvi\u010den\u00ed na \u017eidl\u00edch, aromaterapie, ergoterapie a\u00a0dal\u0161\u00edch, prob\u00edhaj\u00ed i\u00a0extern\u00ed aktivizace, kdy do centra doch\u00e1zej\u00ed nap\u0159\u00edklad d\u011bti z\u00a0mate\u0159sk\u00e9 \u0161koly na mezigenera\u010dn\u00ed setk\u00e1v\u00e1n\u00ed, psi a\u00a0ko\u010dky na zv\u00ed\u0159ec\u00ed terapie nebo t\u0159eba hudebn\u00edci na muzikoterapii.<\/p>\r\n<p><strong>Potr\u00e9nujte mozek<\/strong><br \/>\r\nJednou t\u00fddn\u011b ka\u017edou st\u0159edu prob\u00edh\u00e1 v&nbsp;centru tak\u00e9 tzv. Kav\u00e1rna \u2013 aneb Tr\u00e9nink mozku v&nbsp;cen\u011b k\u00e1vy, kter\u00e1 je otev\u0159en\u00e1 i&nbsp;z\u00e1jemc\u016fm z&nbsp;\u0159ad ve\u0159ejnosti a&nbsp;prakticky kdokoliv si p\u0159i n\u00ed m\u016f\u017ee procvi\u010dit kognitivn\u00ed schopnosti, zazp\u00edvat si nebo zatan\u010dit za doprovodu \u017eiv\u00e9 hudby. \u201eKognitivn\u00ed, pozn\u00e1vac\u00ed funkce mozku se s&nbsp;p\u0159ib\u00fdvaj\u00edc\u00edm v\u011bkem zhor\u0161uj\u00ed, doch\u00e1z\u00ed k&nbsp;jejich \u00fabytku, a&nbsp;proto je \u017e\u00e1douc\u00ed tyto funkce n\u011bjak\u00fdm zp\u016fsobem dlouhodob\u011b tr\u00e9novat \u010di stimulovat. V&nbsp;Centru Se\u0148orina k&nbsp;jejich procvi\u010dov\u00e1n\u00ed pou\u017e\u00edv\u00e1me p\u0159esmy\u010dky, dopl\u0148ov\u00e1n\u00ed zn\u00e1m\u00fdch p\u0159\u00edslov\u00ed, slovn\u00ed fotbal, lu\u0161t\u011bn\u00ed k\u0159\u00ed\u017eovek, porozum\u011bn\u00ed \u010dten\u00e9mu textu a&nbsp;zapamatov\u00e1n\u00ed si souvislost\u00ed, r\u016fzn\u00e9 roz\u0159azov\u00e1n\u00ed do kategori\u00ed, pojmenov\u00e1v\u00e1n\u00ed v\u011bc\u00ed, h\u00e1d\u00e1n\u00ed s&nbsp;n\u00e1pov\u011bdou, hled\u00e1n\u00ed slov podobn\u00e9ho v\u00fdznamu a&nbsp;mnoho dal\u0161\u00edch cvi\u010den\u00ed,\u201c dod\u00e1v\u00e1 \u0159editelka Centra Se\u0148orina Ing. Lenka V\u00e1clav\u00edkov\u00e1.\u00a0<br \/>\r\n<br \/>\r\n<\/p>\r\n<p><a href=\"https:\/\/www.praha7.cz\/dustojny-zivot-navzdory-obtizne-chorobe\/340612361_1301772814099866_1481750354091885955_n\/\" rel=\"attachment wp-att-67476\"><img loading=\"lazy\" src=\"https:\/\/www.praha7.cz\/wp-content\/uploads\/2023\/06\/340612361_1301772814099866_1481750354091885955_n-1333x1000.jpg\" alt=\"\" width=\"640\" height=\"480\" class=\"alignnone wp-image-67476 size-large\" srcset=\"https:\/\/www.praha7.cz\/wp-content\/uploads\/2023\/06\/340612361_1301772814099866_1481750354091885955_n-1333x1000.jpg 1333w, https:\/\/www.praha7.cz\/wp-content\/uploads\/2023\/06\/340612361_1301772814099866_1481750354091885955_n-533x400.jpg 533w, https:\/\/www.praha7.cz\/wp-content\/uploads\/2023\/06\/340612361_1301772814099866_1481750354091885955_n-768x576.jpg 768w, https:\/\/www.praha7.cz\/wp-content\/uploads\/2023\/06\/340612361_1301772814099866_1481750354091885955_n-1536x1152.jpg 1536w, https:\/\/www.praha7.cz\/wp-content\/uploads\/2023\/06\/340612361_1301772814099866_1481750354091885955_n.jpg 2048w\" sizes=\"(max-width: 640px) 100vw, 640px\" \/><\/a><\/p>\r\n<p><br \/>\r\nAmbulantn\u00ed odleh\u010dovac\u00ed slu\u017eba je k&nbsp;dispozici ve v\u0161edn\u00ed dny od 8 do 18 hodin. Zahrnuje celodenn\u00ed p\u00e9\u010di, stravu a&nbsp;bohat\u00fd aktiviza\u010dn\u00ed program a&nbsp;terapeutick\u00e9 \u010dinnosti, kter\u00e9 slou\u017e\u00ed k&nbsp;n\u00e1cviku a&nbsp;udr\u017een\u00ed motorick\u00fdch, psychick\u00fdch a&nbsp;soci\u00e1ln\u00edch schopnost\u00ed a&nbsp;dovednost\u00ed. U&nbsp;klient\u016f se zam\u011b\u0159uj\u00ed na jejich siln\u00e9 str\u00e1nky, nikoliv na diagn\u00f3zu.<\/p>\r\n<p>Pobytov\u00e1 odleh\u010dovac\u00ed slu\u017eba\u00a0zahrnuje podobn\u011b jako ambulantn\u00ed slu\u017eba celodenn\u00ed p\u00e9\u010di, stravu, aktiviza\u010dn\u00ed program, ale i\u00a0ubytov\u00e1n\u00ed. Odleh\u010dovac\u00ed slu\u017ebu je mo\u017en\u00e9 vyu\u017e\u00edt a\u017e na dobu t\u0159\u00ed m\u011bs\u00edc\u016f.<\/p>\r\n<p>K uhrazen\u00ed obou slu\u017eeb Centra Se\u0148orina m\u016f\u017eete pou\u017e\u00edt p\u0159\u00edsp\u011bvek na p\u00e9\u010di.<\/p>\r\n<p>\u017d\u00e1dost o&nbsp;p\u0159\u00edsp\u011bvek na p\u00e9\u010di se pod\u00e1v\u00e1 na m\u00edstn\u011b p\u0159\u00edslu\u0161n\u00e9m \u00da\u0159adu pr\u00e1ce, v&nbsp;p\u0159\u00edpad\u011b Sedmi\u010dky je to \u00da\u0159ad pr\u00e1ce, odd\u011blen\u00ed p\u0159\u00edsp\u011bvku na p\u00e9\u010di a&nbsp;d\u00e1vek pro osoby se zdravotn\u00edm posti\u017een\u00edm, Na Manin\u00e1ch 7: <a href=\"https:\/\/www.uradprace.cz\/praha-8\">www.uradprace.cz\/praha-8<\/a>.<\/p>\r\n<p>Centrum Se\u0148orina, Na Po\u0159\u00ed\u010d\u00ed 36, Praha 1, <a href=\"mailto:socialni.pracovnice@centrum-senorina.cz\">socialni.pracovnice@centrum-senorina.cz<\/a>, 604&nbsp;708&nbsp;111, <a href=\"http:\/\/www.centrum-senorina.cz\">www.centrum-senorina.cz<\/a><\/p>\r\n<hr \/>\r\n<p><strong>\u010cast\u00e9 p\u0159\u00edznaky Alzheimerovy choroby<\/strong><\/p>\r\n<p>1. Ztr\u00e1ta pam\u011bti, kter\u00e1 ovliv\u0148uje schopnost plnit b\u011b\u017en\u00e9 pracovn\u00ed \u00fakoly. Zapom\u00ednat ob\u010das pracovn\u00ed \u00fakoly, jm\u00e9na koleg\u016f nebo telefonn\u00ed \u010d\u00edsla spolupracovn\u00edk\u016f a&nbsp;vzpomenout si na n\u011b pozd\u011bji, je norm\u00e1ln\u00ed. Lid\u00e9 trp\u00edc\u00ed Alzheimerovou nemoc\u00ed (AN) v\u0161ak zapom\u00ednaj\u00ed \u010dast\u011bji a&nbsp;nevzpomenou si ani pozd\u011bji.<\/p>\r\n<p><br \/>\r\n2.\u00a0Probl\u00e9my s\u00a0vykon\u00e1n\u00edm b\u011b\u017en\u00fdch \u010dinnost\u00ed. Hodn\u011b vyt\u00ed\u017een\u00ed lid\u00e9 jsou ob\u010das roztr\u017eit\u00ed, tak\u017ee n\u011bkdy nechaj\u00ed du\u0161enou mrkev st\u00e1t v\u00a0kastrolu na spor\u00e1ku a\u00a0vzpomenou si na ni, a\u017e kdy\u017e u\u017e je po j\u00eddle. Lid\u00e9 trp\u00edc\u00ed AN p\u0159iprav\u00ed j\u00eddlo, a\u00a0nejen \u017ee ho zapomenou d\u00e1t na st\u016fl, ale zapomenou i\u00a0na to, \u017ee ho v\u016fbec ud\u011blali.<\/p>\r\n<p><br \/>\r\n3.\u00a0Probl\u00e9my s\u00a0\u0159e\u010d\u00ed. Ka\u017ed\u00fd m\u00e1 n\u011bkdy probl\u00e9m naj\u00edt spr\u00e1vn\u00e9 slovo, ale \u010dlov\u011bk s\u00a0AN zapom\u00edn\u00e1 i\u00a0jednoduch\u00e1 slova nebo je nahrazuje nespr\u00e1vn\u00fdmi a\u00a0jeho v\u011bty pak ned\u00e1vaj\u00ed smysl.<\/p>\r\n<p><br \/>\r\n4.\u00a0\u010casov\u00e1\u00a0a\u00a0m\u00edstn\u00ed dezorientace. Ka\u017ed\u00fd n\u011bkdy zapomene, jak\u00fd je den a\u00a0kam vlastn\u011b jede, to je norm\u00e1ln\u00ed. Ale lid\u00e9 s\u00a0Alzheimerovou nemoc\u00ed se ztrat\u00ed ve vlastn\u00ed ulici a\u00a0nev\u011bd\u00ed, kde jsou, jak se tam dostali, ani jak se dostanou dom\u016f.<\/p>\r\n<p><br \/>\r\n5.\u00a0\u0160patn\u00fd nebo zhor\u0161uj\u00edc\u00ed se racion\u00e1ln\u00ed \u00fasudek. Lid\u00e9 se n\u011bkdy tak zaberou do n\u011bjak\u00e9 \u010dinnosti, \u017ee na chv\u00edli zapomenou na d\u00edt\u011b, kter\u00e9 maj\u00ed na starosti. Lid\u00e9 s\u00a0AN \u00fapln\u011b zapomenou, \u017ee n\u011bjak\u00e9 d\u00edt\u011b existuje. Mohou se i\u00a0nesmysln\u011b obl\u00e9knout, nap\u0159\u00edklad si vezmou na sebe n\u011bkolik ko\u0161il nebo halenek najednou.<\/p>\r\n<p><br \/>\r\n6.\u00a0Probl\u00e9my s\u00a0abstraktn\u00edm my\u0161len\u00edm. Placen\u00ed slo\u017eenek nebo sledov\u00e1n\u00ed \u00fa\u010dt\u016f m\u016f\u017ee n\u011bkoho vyv\u00e9st z\u00a0m\u00edry, kdy\u017e je trochu komplikovan\u011bj\u0161\u00ed ne\u017e jindy. \u010clov\u011bk s\u00a0AN m\u016f\u017ee \u00fapln\u011b zapomenout, co ta \u010d\u00edsla znamenaj\u00ed a\u00a0co\u00a0s\u00a0nimi m\u00e1 d\u011blat.<\/p>\r\n<p><br \/>\r\n7.\u00a0Zakl\u00e1d\u00e1n\u00ed v\u011bc\u00ed na nespr\u00e1vn\u00e9 m\u00edsto. Ka\u017ed\u00fd n\u011bkdy n\u011bkam zalo\u017e\u00ed pen\u011b\u017eenku nebo kl\u00ed\u010de. \u010clov\u011bk s\u00a0AN d\u00e1v\u00e1 v\u011bci na zcela nesmysln\u00e1 m\u00edsta: \u017eehli\u010dku do ledni\u010dky nebo hodinky<br \/>\r\ndo cuk\u0159enky.<\/p>\r\n<p><br \/>\r\n8.\u00a0Zm\u011bny v\u00a0n\u00e1lad\u011b nebo chov\u00e1n\u00ed. Ka\u017ed\u00fd m\u00e1 n\u011bkdy \u0161patnou n\u00e1ladu. \u010clov\u011bk s\u00a0AN ale podl\u00e9h\u00e1 prudk\u00fdm zm\u011bn\u00e1m n\u00e1lady. N\u00e1hle a\u00a0ne\u010dekan\u011b propukne v\u00a0pl\u00e1\u010d nebo podlehne n\u00e1valu hn\u011bvu, i\u00a0kdy\u017e k\u00a0tomu nem\u00e1 \u017e\u00e1dn\u00fd zjevn\u00fd d\u016fvod.<\/p>\r\n<p><br \/>\r\n9.\u00a0Zm\u011bny osobnosti. Lidsk\u00e9 povahy se b\u011b\u017en\u011b do ur\u010dit\u00e9 m\u00edry m\u011bn\u00ed s\u00a0v\u011bkem. Ale \u010dlov\u011bk s\u00a0AN se m\u016f\u017ee zm\u011bnit z\u00e1sadn\u00edm zp\u016fsobem. St\u00e1v\u00e1 se n\u011bkdy velmi zmaten\u00fdm, podez\u00edrav\u00fdm nebo ustra\u0161en\u00fdm.<\/p>\r\n<p><br \/>\r\n10.\u00a0Ztr\u00e1ta iniciativy. Kdy\u017e je \u010dlov\u011bk n\u011bkdy znechucen dom\u00e1c\u00edmi pracemi, zam\u011bstn\u00e1n\u00edm nebo spole\u010densk\u00fdmi povinnostmi, je to norm\u00e1ln\u00ed. V\u011bt\u0161inou se chu\u0165 do pr\u00e1ce op\u011bt brzy dostav\u00ed. \u010clov\u011bk\u00a0s\u00a0AN m\u016f\u017ee propadnout naprost\u00e9 pasivit\u011b a\u00a0pot\u0159ebuje neust\u00e1le podn\u011bty, aby se do n\u011b\u010deho zapojil.<\/p>\r\n<p>zdroj: \u010cesk\u00e1 alzheimerovsk\u00e1 spole\u010dnost<\/p>\r\n<hr \/>\r\n<p><strong>Dotazn\u00edk ur\u010den\u00fd pro rodinu a&nbsp;p\u0159\u00e1tele<\/strong><\/p>\r\n<p>Pokud za\u010d\u00ednaj\u00ed poruchy pam\u011bti \u010dlov\u011bku vadit a\u00a0zp\u016fsobuj\u00ed mu nesn\u00e1ze a\u00a0obt\u00ed\u017ee v\u00a0ka\u017edodenn\u00edm \u017eivot\u011b, mohou b\u00fdt je\u0161t\u011b pro pacientovo okol\u00ed zd\u00e1nliv\u011b nen\u00e1padn\u00e9. Mohou b\u00fdt p\u0159ikl\u00e1d\u00e1ny nadm\u011brn\u00e9mu stresu, \u00fanav\u011b nebo mohou b\u00fdt pova\u017eov\u00e1ny za d\u016fsledek vy\u0161\u0161\u00edho v\u011bku. To v\u0161ak nen\u00ed spr\u00e1vn\u00e9, poruch\u00e1m pam\u011bti je t\u0159eba v\u011bnovat pozornost. I\u00a0takzvan\u00e1 m\u00edrn\u00e1 kognitivn\u00ed porucha se v\u00a0cca 50&nbsp;% p\u0159\u00edpad\u016f postupn\u011b vyv\u00edj\u00ed do n\u011bjak\u00e9 z\u00a0forem demence. Proto je d\u016fle\u017eit\u00e9, abyste poruch\u00e1m pam\u011bti u\u00a0sv\u00fdch bl\u00edzk\u00fdch (ale\u00a0i\u00a0u\u00a0sebe) v\u011bnovali pat\u0159i\u010dnou pozornost. Tento test v\u00e1m pom\u016f\u017ee zm\u011b\u0159it jednotliv\u00e9 obt\u00ed\u017ee. Pro l\u00e9ka\u0159e je tak\u00e9 osnovou a\u00a0jednoduch\u00fdm n\u00e1vodem ke strukturovan\u00e9mu rozhovoru s\u00a0rodinn\u00fdm p\u0159\u00edslu\u0161n\u00edkem, ale i\u00a0pacientem samotn\u00fdm, pokud m\u00e1 na sv\u016fj stav dostate\u010dn\u00fd n\u00e1hled a\u00a0s\u00e1m jej nebagatelizuje. Proveden\u00ed testu je jednoduch\u00e9, pot\u0159ebujete jen klidn\u00e9 prost\u0159ed\u00ed. Postupn\u011b pokl\u00e1dejte n\u00e1sleduj\u00edc\u00ed ot\u00e1zky.<\/p>\r\n<p><strong>Jak \u010dasto nebo v\u00a0jak\u00e9 m\u00ed\u0159e v\u00e1\u0161 bl\u00edzk\u00fd:<\/strong><br \/>\r\n<br \/>\r\n1.\u00a0Opakuje se a\u00a0pt\u00e1 se znovu a\u00a0znovu na to sam\u00e9?<br \/>\r\n<br \/>\r\n2.\u00a0Zapom\u00edn\u00e1 v\u00edce ne\u017e d\u0159\u00edve zejm\u00e9na v\u011bci, kter\u00e9 se staly ned\u00e1vno nebo dokonce p\u0159ed chv\u00edl\u00ed?<br \/>\r\n<br \/>\r\n3. Zapom\u00edn\u00e1 br\u00e1t l\u00e9ky, nakoupit najednou v\u00edce v\u011bc\u00ed a&nbsp;podobn\u011b?<br \/>\r\n<br \/>\r\n4. Zapomene na sch\u016fzku, sv\u00e1tek, rodinnou oslavu?<br \/>\r\n<br \/>\r\n5. Je smutn\u011bj\u0161\u00ed nebo bezradn\u011bj\u0161\u00ed ne\u017e d\u0159\u00edve?<br \/>\r\n<br \/>\r\n6. M\u00e1 probl\u00e9my s&nbsp;po\u010d\u00edt\u00e1n\u00edm, veden\u00edm \u00fa\u010dtu a&nbsp;podobn\u011b?<br \/>\r\n<br \/>\r\n7. Je pravda, \u017ee ji\u017e nem\u00e1 takov\u00fd z\u00e1jem o&nbsp;d\u0159\u00edv\u011bj\u0161\u00ed z\u00e1liby a&nbsp;kon\u00ed\u010dky?<br \/>\r\n<br \/>\r\n8. Pot\u0159ebuje pomoc nebo alespo\u0148 radu p\u0159i j\u00eddle, obl\u00e9k\u00e1n\u00ed \u010di hygien\u011b?<br \/>\r\n<br \/>\r\n9. Je vzn\u011btliv\u011bj\u0161\u00ed, podez\u00edrav\u00fd, neklidn\u00fd, mluv\u00ed nesmysln\u011b nebo vid\u00ed a&nbsp;sly\u0161\u00ed to, co ve skute\u010dnosti neexistuje?<br \/>\r\n<br \/>\r\n10. Zhor\u0161ila se jeho schopnost \u0159\u00eddit automobil?<br \/>\r\n<br \/>\r\n11. Hled\u00e1 slova, mluv\u00ed m\u00e9n\u011b plynule, zapom\u00edn\u00e1 jm\u00e9na?<br \/>\r\n<br \/>\r\n<\/p>\r\n<p><strong>Hodno\u0165te n\u00e1sleduj\u00edc\u00edm zp\u016fsobem:<br \/>\r\n<\/strong>0 bod\u016f \u2013 ano, \u010dasto<\/p>\r\n<p>1 bod \u2013 n\u011bkdy<\/p>\r\n<p>2 body \u2013 ne<\/p>\r\n<p><strong>Vyhodnocen\u00ed testu<\/strong><\/p>\r\n<p>22\u201321 bod\u016f \u2013 odpov\u00edd\u00e1 norm\u011b<\/p>\r\n<p>20\u201319 bod\u016f \u2013 hrani\u010dn\u00ed stav, pokud pozorujete<br \/>\r\ni\u00a0jin\u00e9 p\u0159\u00edznaky, je lep\u0161\u00ed poradit se s\u00a0l\u00e9ka\u0159em,<br \/>\r\nm\u016f\u017ee se jednat o\u00a0jin\u00e9 onemocn\u011bn\u00ed<\/p>\r\n<p>18 a\u00a0m\u00e9n\u011b bod\u016f \u2013 pora\u010fte se s\u00a0l\u00e9ka\u0159em<\/p>\r\n<p>zdroj: \u010cesk\u00e1 alzheimerovsk\u00e1 spole\u010dnost<\/p>","protected":false},"excerpt":{"rendered":"[perex] Centrum Se\u0148orina poskytuje odleh\u010dovac\u00ed slu\u017eby zam\u011b\u0159en\u00e9 na klienty s&nbsp;Alzheimerovou nemoc\u00ed a&nbsp;dal\u0161\u00edmi typy demence. Jeho c\u00edlem je pom\u00e1hat rodin\u00e1m, kter\u00e9 se rozhodly pe\u010dovat o&nbsp;sv\u00e9 bl\u00edzk\u00e9 doma. S\u00eddl\u00ed sice v&nbsp;samotn\u00e9m centru Prahy, ale nab\u00edz\u00ed pomocnou ruku i&nbsp;sedmi\u010dkov\u00fdm ob\u010dan\u016fm. [\/perex] Ji\u017e osm\u00fdm rokem Centrum Se\u0148orina poskytuje celopra\u017eskou specializovanou odleh\u010dovac\u00ed slu\u017ebu pro osoby s&nbsp;Alzheimerovou nemoc\u00ed a&nbsp;jin\u00fdmi typy demence, [&hellip;]","protected":false},"author":76,"featured_media":67475,"comment_status":"closed","ping_status":"open","sticky":false,"template":"","format":"standard","meta":[],"categories":[37],"tags":[],"_links":{"self":[{"href":"https:\/\/www.praha7.cz\/api\/wp\/v2\/posts\/67473"}],"collection":[{"href":"https:\/\/www.praha7.cz\/api\/wp\/v2\/posts"}],"about":[{"href":"https:\/\/www.praha7.cz\/api\/wp\/v2\/types\/post"}],"author":[{"embeddable":true,"href":"https:\/\/www.praha7.cz\/api\/wp\/v2\/users\/76"}],"replies":[{"embeddable":true,"href":"https:\/\/www.praha7.cz\/api\/wp\/v2\/comments?post=67473"}],"version-history":[{"count":4,"href":"https:\/\/www.praha7.cz\/api\/wp\/v2\/posts\/67473\/revisions"}],"predecessor-version":[{"id":67480,"href":"https:\/\/www.praha7.cz\/api\/wp\/v2\/posts\/67473\/revisions\/67480"}],"wp:featuredmedia":[{"embeddable":true,"href":"https:\/\/www.praha7.cz\/api\/wp\/v2\/media\/67475"}],"wp:attachment":[{"href":"https:\/\/www.praha7.cz\/api\/wp\/v2\/media?parent=67473"}],"wp:term":[{"taxonomy":"category","embeddable":true,"href":"https:\/\/www.praha7.cz\/api\/wp\/v2\/categories?post=67473"},{"taxonomy":"post_tag","embeddable":true,"href":"https:\/\/www.praha7.cz\/api\/wp\/v2\/tags?post=67473"}],"curies":[{"name":"wp","href":"https:\/\/api.w.org\/{rel}","templated":true}]}}