    
{"id":67467,"date":"2023-06-12T12:37:30","date_gmt":"2023-06-12T10:37:30","guid":{"rendered":"https:\/\/www.praha7.cz\/?p=67467"},"modified":"2023-06-12T12:37:30","modified_gmt":"2023-06-12T10:37:30","slug":"hledate-velkou-pracovni-vyzvu-v-oblasti-spravnich-agend","status":"publish","type":"post","link":"https:\/\/www.praha7.cz\/hledate-velkou-pracovni-vyzvu-v-oblasti-spravnich-agend\/","title":{"rendered":"Hled\u00e1te velkou pracovn\u00ed v\u00fdzvu v&nbsp;oblasti spr\u00e1vn\u00edch agend?"},"content":{"rendered":"<p>[perex]<\/p>\r\n<p>\u00da\u0159ad Prahy&nbsp;7 sh\u00e1n\u00ed do sv\u00e9ho t\u00fdmu kolegu\/kolegyni na pozici vedouc\u00ed Odboru spr\u00e1vn\u00edch agend. Hled\u00e1te velkou pracovn\u00ed v\u00fdzvu? M\u00e1te vedouc\u00ed schopnosti a&nbsp;orientujete se v&nbsp;agend\u011b p\u0159estupk\u016f, matrik, doklad\u016f a&nbsp;evidence obyvatel \u010di ve volebn\u00ed problematice? M\u00e1te z\u00e1jem pracovat v&nbsp;dynamicky se rozv\u00edjej\u00edc\u00ed m\u011bstsk\u00e9 \u010d\u00e1sti pro \u00fa\u0159ad s&nbsp;tak trochu jin\u00fdm p\u0159\u00edstupem? Nev\u00e1hejte a&nbsp;p\u0159ihlaste se do na\u0161eho v\u00fdb\u011brov\u00e9ho \u0159\u00edzen\u00ed.<\/p>\r\n<p>[\/perex]<\/p>\r\n<h3>Co u&nbsp;n\u00e1s budete d\u011blat?<\/h3>\r\n<p>Stanete se vedouc\u00ed Odboru spr\u00e1vn\u00edch agend, pod kter\u00fd spad\u00e1 agenda p\u0159estupk\u016f, evidence obyvatel, ob\u010dansk\u00fdch pr\u016fkaz\u016f, cestovn\u00edch pas\u016f, matriky a&nbsp;st\u00e1tn\u00edch ob\u010danstv\u00ed, Czech POINT, vidimace a&nbsp;legalizace, dal\u0161\u00ed \u010dinnosti informa\u010dn\u00edch center a&nbsp;kon\u00e1n\u00ed voleb a&nbsp;m\u00edstn\u00edho referenda.<\/p>\r\n<p>&nbsp;<\/p>\r\n<h3>Co od v\u00e1s o\u010dek\u00e1v\u00e1me?<\/h3>\r\n<ul>\r\n\t<li>vysoko\u0161kolsk\u00e9 vzd\u011bl\u00e1n\u00ed v&nbsp;magistersk\u00e9m nebo bakal\u00e1\u0159sk\u00e9m studijn\u00edm programu<\/li>\r\n\t<li>orientaci v&nbsp;agend\u00e1ch p\u0159estupk\u016f, matriky, doklad\u016f a&nbsp;evidence obyvatel, vidimace a&nbsp;legalizace, ve volebn\u00ed problematice, znalost sv\u011btov\u00e9ho jazyka, schopnost v\u00e9st kolektiv<\/li>\r\n\t<li>znalost pr\u00e1ce s&nbsp;PC &#8211; MS Office, Outlook,<\/li>\r\n\t<li>samostatnost, velmi dobr\u00e9 organiza\u010dn\u00ed a&nbsp;komunika\u010dn\u00ed schopnosti, psychick\u00e1 odolnost, \u010dasov\u00e1 flexibilita<\/li>\r\n\t<li>proaktivn\u00ed a&nbsp;samostatn\u00fd p\u0159\u00edstup k&nbsp;\u0159e\u0161en\u00ed \u00fakol\u016f<\/li>\r\n\t<li>zkou\u0161ka zvl\u00e1\u0161tn\u00ed odborn\u00e9 zp\u016fsobilosti na \u00faseku v\u00fd\u0161e uveden\u00fdch agend a&nbsp;voleb (ZOZ) v\u00fdhodou.<\/li>\r\n<\/ul>\r\n<p>&nbsp;<\/p>\r\n<h3>Co v\u00e1m nab\u00edz\u00edme?<\/h3>\r\n<p>Pracovn\u00ed pom\u011br na dobu neur\u010ditou. N\u00e1stupn\u00ed plat v&nbsp;11.&nbsp;platov\u00e9 t\u0159\u00edd\u011b.\u00a0<\/p>\r\n<table width=\"1109\" height=\"217\" style=\"color: black !important; font-weight: normal !important;\">\r\n<tbody>\r\n<tr>\r\n<td style=\"height: 0px; text-align: center;\"><\/td>\r\n<td style=\"height: 0px; text-align: center;\"><\/td>\r\n<td style=\"height: 0px; text-align: center;\"><\/td>\r\n<\/tr>\r\n<tr>\r\n<td style=\"width: 361px; text-align: center;\">\r\n<p><img loading=\"lazy\" src=\"https:\/\/www.praha7.cz\/wp-content\/uploads\/2018\/11\/rust.jpg\" alt=\"\" width=\"99\" height=\"96\" class=\"alignnone size-full wp-image-21382\" \/><\/p>\r\n<span style=\"font-weight: normal !important; color: black !important;\">Platov\u00e9 ohodnocen\u00ed, kter\u00e9 roste spolu s&nbsp;v\u00e1mi.<\/span><\/td>\r\n<td style=\"width: 363px; text-align: center;\">\r\n<p><img loading=\"lazy\" src=\"https:\/\/www.praha7.cz\/wp-content\/uploads\/2018\/11\/benefit.jpg\" alt=\"\" width=\"99\" height=\"96\" class=\"alignnone size-full wp-image-21381\" \/><\/p>\r\n<span style=\"font-weight: normal !important; color: black !important;\">\u0160irokou \u0161k\u00e1lu benefit\u016f, kter\u00e9 p\u0159ich\u00e1zej\u00ed ve spr\u00e1vn\u00fd \u010das.<\/span><\/td>\r\n<td style=\"width: 363px; text-align: center;\">\r\n<p><img loading=\"lazy\" src=\"https:\/\/www.praha7.cz\/wp-content\/uploads\/2018\/11\/dovolena.jpg\" alt=\"\" width=\"99\" height=\"96\" class=\"alignnone size-full wp-image-21383\" \/><\/p>\r\n<span style=\"font-weight: normal !important; color: black !important;\">5 t\u00fddn\u016f dovolen\u00e9, na kterou nebudete cht\u00edt odjet.<\/span><\/td>\r\n<\/tr>\r\n<tr>\r\n<td style=\"width: 361px; text-align: center;\">\r\n<p><img loading=\"lazy\" src=\"https:\/\/www.praha7.cz\/wp-content\/uploads\/2018\/11\/vzdelavani.jpg\" alt=\"\" width=\"142\" height=\"96\" class=\"alignnone size-full wp-image-21384\" \/><\/p>\r\n<span style=\"font-weight: normal !important; color: black !important;\">Mo\u017enost dal\u0161\u00edho vzd\u011bl\u00e1v\u00e1n\u00ed, abyste se ve sv\u011bt\u011b neztratili.<\/span><\/td>\r\n<td style=\"width: 363px; text-align: center;\">\r\n<p><img loading=\"lazy\" src=\"https:\/\/www.praha7.cz\/wp-content\/uploads\/2018\/11\/inspirace.jpg\" alt=\"\" width=\"99\" height=\"96\" class=\"alignnone size-full wp-image-21385\" \/><\/p>\r\n<span style=\"font-weight: normal !important; color: black !important;\">Pr\u00e1ci v&nbsp;inspirativn\u00edm kolektivu, kde se p\u0159ed n\u00e1pady nezav\u00edraj\u00ed o\u010di.<\/span><\/td>\r\n<td style=\"width: 363px; text-align: center;\">\r\n<p><img loading=\"lazy\" src=\"https:\/\/www.praha7.cz\/wp-content\/uploads\/2018\/11\/perspektiva.jpg\" alt=\"\" width=\"99\" height=\"96\" class=\"alignnone size-full wp-image-21386\" \/><\/p>\r\n<span style=\"font-weight: normal !important; color: black !important;\">Perspektivn\u00ed zam\u011bstn\u00e1n\u00ed, kde pom\u00e1h\u00e1te m\u011bnit sv\u011bt kolem sebe.<\/span><\/td>\r\n<\/tr>\r\n<\/tbody>\r\n<\/table>\r\n<p>&nbsp;<\/p>\r\n<h3>Jak se k\u00a0n\u00e1m dostanete?<\/h3>\r\n<p>P\u0159ihl\u00e1\u0161ku a&nbsp;souhlas se zpracov\u00e1n\u00edm osobn\u00edch \u00fadaj\u016f (naleznete ve <a href=\"https:\/\/www.praha7.cz\/radnice\/povinne-zverejnovane-informace\/formulare\/\">Formul\u00e1\u0159\u00edch Odboru person\u00e1ln\u00edch \u010dinnost\u00ed<\/a>) v\u010detn\u011b strukturovan\u00e9ho \u017eivotopisu, v\u00fdpisu z\u00a0evidence Rejst\u0159\u00edku trest\u016f ne star\u0161\u00edho ne\u017e 3 m\u011bs\u00edce a\u00a0ov\u011b\u0159en\u00e9 kopie dokladu o\u00a0nejvy\u0161\u0161\u00edm dosa\u017een\u00e9m vzd\u011bl\u00e1n\u00ed je mo\u017en\u00e9 osobn\u011b doru\u010dit v\u00a0\u00fa\u0159edn\u00edch hodin\u00e1ch do podatelny \u00da\u0159adu M\u010c Praha\u00a07 nebo zaslat na n\u00ed\u017ee uvedenou adresu\u00a0<span style=\"color: #ff0000;\"><strong>nejpozd\u011bji do 10.&nbsp;7.&nbsp;2023<\/strong><\/span>.<\/p>\r\n<p>&nbsp;<\/p>\r\n<p><strong>P\u0159edpokl\u00e1dan\u00fd vznik pracovn\u00edho pom\u011bru 1.&nbsp;8.&nbsp;2023.<\/strong><\/p>\r\n<p>&nbsp;<\/p>\r\n<p><em>M\u011bstsk\u00e1 \u010d\u00e1st Praha&nbsp;7<\/em><\/p>\r\n<p><em>\u00da\u0159ad m\u011bstsk\u00e9 \u010d\u00e1sti Praha&nbsp;7<\/em><\/p>\r\n<p><em>Odbor person\u00e1ln\u00edch \u010dinnost\u00ed<\/em><\/p>\r\n<p><em>U Pr\u016fhonu 1338\/38<\/em><\/p>\r\n<p><em>170&nbsp;00 Praha&nbsp;7<\/em><\/p>\r\n<p>&nbsp;<\/p>\r\n<p><strong>Ve\u0161ker\u00e9 pot\u0159ebn\u00e9 informace pro p\u0159ihl\u00e1\u0161en\u00ed do v\u00fdb\u011brov\u00e9ho \u0159\u00edzen\u00ed naleznete <a href=\"https:\/\/www.praha7.cz\/wp-content\/uploads\/2023\/06\/OSA-vedouci-odboru.pdf\" target=\"_blank\" rel=\"noopener\">ZDE<\/a>.<\/strong><\/p>","protected":false},"excerpt":{"rendered":"[perex] \u00da\u0159ad Prahy&nbsp;7 sh\u00e1n\u00ed do sv\u00e9ho t\u00fdmu kolegu\/kolegyni na pozici vedouc\u00ed Odboru spr\u00e1vn\u00edch agend. Hled\u00e1te velkou pracovn\u00ed v\u00fdzvu? M\u00e1te vedouc\u00ed schopnosti a&nbsp;orientujete se v&nbsp;agend\u011b p\u0159estupk\u016f, matrik, doklad\u016f a&nbsp;evidence obyvatel \u010di ve volebn\u00ed problematice? M\u00e1te z\u00e1jem pracovat v&nbsp;dynamicky se rozv\u00edjej\u00edc\u00ed m\u011bstsk\u00e9 \u010d\u00e1sti pro \u00fa\u0159ad s&nbsp;tak trochu jin\u00fdm p\u0159\u00edstupem? Nev\u00e1hejte a&nbsp;p\u0159ihlaste se do na\u0161eho v\u00fdb\u011brov\u00e9ho \u0159\u00edzen\u00ed. [\/perex] [&hellip;]","protected":false},"author":5,"featured_media":64963,"comment_status":"closed","ping_status":"open","sticky":false,"template":"","format":"standard","meta":[],"categories":[34],"tags":[],"_links":{"self":[{"href":"https:\/\/www.praha7.cz\/api\/wp\/v2\/posts\/67467"}],"collection":[{"href":"https:\/\/www.praha7.cz\/api\/wp\/v2\/posts"}],"about":[{"href":"https:\/\/www.praha7.cz\/api\/wp\/v2\/types\/post"}],"author":[{"embeddable":true,"href":"https:\/\/www.praha7.cz\/api\/wp\/v2\/users\/5"}],"replies":[{"embeddable":true,"href":"https:\/\/www.praha7.cz\/api\/wp\/v2\/comments?post=67467"}],"version-history":[{"count":3,"href":"https:\/\/www.praha7.cz\/api\/wp\/v2\/posts\/67467\/revisions"}],"predecessor-version":[{"id":67471,"href":"https:\/\/www.praha7.cz\/api\/wp\/v2\/posts\/67467\/revisions\/67471"}],"wp:featuredmedia":[{"embeddable":true,"href":"https:\/\/www.praha7.cz\/api\/wp\/v2\/media\/64963"}],"wp:attachment":[{"href":"https:\/\/www.praha7.cz\/api\/wp\/v2\/media?parent=67467"}],"wp:term":[{"taxonomy":"category","embeddable":true,"href":"https:\/\/www.praha7.cz\/api\/wp\/v2\/categories?post=67467"},{"taxonomy":"post_tag","embeddable":true,"href":"https:\/\/www.praha7.cz\/api\/wp\/v2\/tags?post=67467"}],"curies":[{"name":"wp","href":"https:\/\/api.w.org\/{rel}","templated":true}]}}