    
{"id":67380,"date":"2023-06-07T19:10:34","date_gmt":"2023-06-07T17:10:34","guid":{"rendered":"https:\/\/www.praha7.cz\/?p=67380"},"modified":"2023-06-07T19:10:34","modified_gmt":"2023-06-07T17:10:34","slug":"vystava-skupiny-jenom-v-galerii-na-milade","status":"publish","type":"post","link":"https:\/\/www.praha7.cz\/vystava-skupiny-jenom-v-galerii-na-milade\/","title":{"rendered":"V\u00fdstava skupiny JENOM v&nbsp;Galerii na Milad\u011b"},"content":{"rendered":"<p>[perex]<\/p>\r\n<p>V <a href=\"https:\/\/www.praha7.cz\/temata\/art-district-7\/galerie-na-milade\/\" target=\"_blank\" rel=\"noopener\">Galerii na Milad\u011b<\/a> (v&nbsp;pat\u0159e informa\u010dn\u00edho centra v&nbsp;ulici Milady Hor\u00e1kov\u00e9 2) pr\u00e1v\u011b prob\u00edh\u00e1 skupinov\u00e1 v\u00fdstava kolektivu JENOM s&nbsp;n\u00e1zvem Lidi. P\u0159\u00edstupn\u00e1 je kdykoli <a href=\"https:\/\/www.praha7.cz\/radnice\/organizacni-struktura\/odbor-spravnich-agend\/oddeleni-egovernment\/pracoviste-informacniho-centra-milady-horakove\/\" target=\"_blank\" rel=\"noopener\">v otv\u00edrac\u00edch hodin\u00e1ch<\/a> IC, zdarma, k&nbsp;vid\u011bn\u00ed bude do 3.&nbsp;z\u00e1\u0159\u00ed 2023.<\/p>\r\n<p>[\/perex]<\/p>\r\n<p>Kolektiv JENOM tvo\u0159\u00ed p\u011bt \u010dlenek: Julie, Eli\u0161ka, Nat\u00e1lie, Oksana, Marie. N\u00e1zev skupiny je akronym slo\u017een\u00fd v\u017edy z&nbsp;prvn\u00edho p\u00edsmene k\u0159estn\u00edho jm\u00e9na. D\u00edvky svedlo dohromady studium v\u00fdtvarn\u00e9 \u0161koly Gymn\u00e1zium Na Pra\u017ea\u010dce, znaj\u00ed se ji\u017e 13 let a&nbsp;posledn\u00ed rok v\u011bnovaly spole\u010dn\u00e9 tvorb\u011b.<\/p>\r\n<hr \/>\r\n<p>Julie H\u0159ebenov\u00e1 je studentka posledn\u00edho ro\u010dn\u00edku psychologie na Univerzit\u011b Palack\u00e9ho v&nbsp;Olomouci.<\/p>\r\n<p>Eli\u0161ka La\u0148kov\u00e1 p\u016fsob\u00ed jako zahradn\u00ed architektka.<\/p>\r\n<p>Nat\u00e1lie Kolihov\u00e1 je krajin\u00e1\u0159sk\u00e1 architektka.<\/p>\r\n<p>Oksana D\u017eabarjan je architektka.<\/p>\r\n<p>Marie Ji\u0159i\u010dkov\u00e1 studuje socha\u0159stv\u00ed na AVU.<\/p>\r\n<hr \/>\r\n<p>Jenom n\u011bkolik lid\u00ed m\u016f\u017eeme za sv\u016fj \u017eivot poznat opravdu dob\u0159e. V\u00fdstava Lidi poukazuje na kontrast anonymn\u00edho davu a&nbsp;vybran\u00fdch individualit. Prezentovan\u00e1 tvorba se \u010dlen\u00ed do t\u0159\u00ed kategori\u00ed: anonymn\u00ed dav, skupina JENOM a&nbsp;ka\u017ed\u00e1 z&nbsp;tv\u016frky\u0148 jednotliv\u011b.\u00a0<\/p>","protected":false},"excerpt":{"rendered":"[perex] V&nbsp;Galerii na Milad\u011b (v&nbsp;pat\u0159e informa\u010dn\u00edho centra v&nbsp;ulici Milady Hor\u00e1kov\u00e9 2) pr\u00e1v\u011b prob\u00edh\u00e1 skupinov\u00e1 v\u00fdstava kolektivu JENOM s&nbsp;n\u00e1zvem Lidi. P\u0159\u00edstupn\u00e1 je kdykoli v&nbsp;otv\u00edrac\u00edch hodin\u00e1ch IC, zdarma, k&nbsp;vid\u011bn\u00ed bude do 3.&nbsp;z\u00e1\u0159\u00ed 2023. [\/perex] Kolektiv JENOM tvo\u0159\u00ed p\u011bt \u010dlenek: Julie, Eli\u0161ka, Nat\u00e1lie, Oksana, Marie. N\u00e1zev skupiny je akronym slo\u017een\u00fd v\u017edy z&nbsp;prvn\u00edho p\u00edsmene k\u0159estn\u00edho jm\u00e9na. D\u00edvky [&hellip;]","protected":false},"author":251,"featured_media":67373,"comment_status":"closed","ping_status":"open","sticky":false,"template":"","format":"standard","meta":[],"categories":[34],"tags":[],"_links":{"self":[{"href":"https:\/\/www.praha7.cz\/api\/wp\/v2\/posts\/67380"}],"collection":[{"href":"https:\/\/www.praha7.cz\/api\/wp\/v2\/posts"}],"about":[{"href":"https:\/\/www.praha7.cz\/api\/wp\/v2\/types\/post"}],"author":[{"embeddable":true,"href":"https:\/\/www.praha7.cz\/api\/wp\/v2\/users\/251"}],"replies":[{"embeddable":true,"href":"https:\/\/www.praha7.cz\/api\/wp\/v2\/comments?post=67380"}],"version-history":[{"count":1,"href":"https:\/\/www.praha7.cz\/api\/wp\/v2\/posts\/67380\/revisions"}],"predecessor-version":[{"id":67381,"href":"https:\/\/www.praha7.cz\/api\/wp\/v2\/posts\/67380\/revisions\/67381"}],"wp:featuredmedia":[{"embeddable":true,"href":"https:\/\/www.praha7.cz\/api\/wp\/v2\/media\/67373"}],"wp:attachment":[{"href":"https:\/\/www.praha7.cz\/api\/wp\/v2\/media?parent=67380"}],"wp:term":[{"taxonomy":"category","embeddable":true,"href":"https:\/\/www.praha7.cz\/api\/wp\/v2\/categories?post=67380"},{"taxonomy":"post_tag","embeddable":true,"href":"https:\/\/www.praha7.cz\/api\/wp\/v2\/tags?post=67380"}],"curies":[{"name":"wp","href":"https:\/\/api.w.org\/{rel}","templated":true}]}}