    
{"id":67362,"date":"2023-06-07T14:53:57","date_gmt":"2023-06-07T12:53:57","guid":{"rendered":"https:\/\/www.praha7.cz\/?p=67362"},"modified":"2023-06-07T14:53:57","modified_gmt":"2023-06-07T12:53:57","slug":"vysel-cervnovy-hobulet","status":"publish","type":"post","link":"https:\/\/www.praha7.cz\/vysel-cervnovy-hobulet\/","title":{"rendered":"Vy\u0161el \u010dervnov\u00fd Hobulet"},"content":{"rendered":"<p>[perex]<\/p>\r\n<p>\u010cervnov\u00fd Hobulet p\u0159in\u00e1\u0161\u00ed velk\u00fd rozhovor s&nbsp;terapeutkou speci\u00e1ln\u00ed j\u00f3gy Petrou Fridrichovou. Hlavn\u00ed t\u00e9ma se v\u011bnuje sc\u00e9nografii a&nbsp;mezin\u00e1rodn\u00ed p\u0159ehl\u00eddce Pra\u017esk\u00e9 Quadriennale, kter\u00e1 pr\u00e1v\u011b dnes za\u010d\u00edn\u00e1. P\u0159edstavujeme centrum Se\u0148orina, je\u017e poskytuje odleh\u010dovac\u00ed slu\u017eby zam\u011b\u0159en\u00e9 na klienty s&nbsp;Alzheimerovou nemoc\u00ed, a&nbsp;v&nbsp;rubrice Archiv se vr\u00e1t\u00edme do roku 1902, kdy na bubene\u010dsk\u00e9m V\u00fdstavi\u0161ti prob\u00edhala I. d\u011blnick\u00e1 v\u00fdstava. Potkali jsme se s&nbsp;\u0161\u00e9ftren\u00e9rem ml\u00e1de\u017ee Loko Vltav\u00edn Petrem Barton\u011bm, jako v\u017edy p\u0159in\u00e1\u0161\u00edme informace o&nbsp;d\u011bn\u00ed na Sedmi\u010dce, str\u00e1nku d\u011btem i&nbsp;kulturn\u00ed tipy.<\/p>\r\n<p>[\/perex]<\/p>\r\n<h3>\u010c\u00edst Hobulet online m\u016f\u017eete\u00a0<a href=\"https:\/\/zpravodaj.munipolis.cz\/praha7\/cerven-2023\/\" target=\"_blank\" rel=\"noopener\">zde<\/a>.<\/h3>\r\n<p>\u010cervnov\u00fd Hobulet sv\u00fdmi ilustracemi doprovodil Michal Brix.<\/p>\r\n<hr \/>\r\n<p>Archiv m\u011bs\u00ed\u010dn\u00edku m\u011bstsk\u00e9 \u010d\u00e1sti Praha\u00a07\u00a0Hobulet\u00a0najdete\u00a0<a href=\"https:\/\/www.praha7.cz\/hobulet\/archiv-hobuletu\/\">zde<\/a>.<\/p>","protected":false},"excerpt":{"rendered":"[perex] \u010cervnov\u00fd Hobulet p\u0159in\u00e1\u0161\u00ed velk\u00fd rozhovor s&nbsp;terapeutkou speci\u00e1ln\u00ed j\u00f3gy Petrou Fridrichovou. Hlavn\u00ed t\u00e9ma se v\u011bnuje sc\u00e9nografii a&nbsp;mezin\u00e1rodn\u00ed p\u0159ehl\u00eddce Pra\u017esk\u00e9 Quadriennale, kter\u00e1 pr\u00e1v\u011b dnes za\u010d\u00edn\u00e1. P\u0159edstavujeme centrum Se\u0148orina, je\u017e poskytuje odleh\u010dovac\u00ed slu\u017eby zam\u011b\u0159en\u00e9 na klienty s&nbsp;Alzheimerovou nemoc\u00ed, a&nbsp;v&nbsp;rubrice Archiv se vr\u00e1t\u00edme do roku 1902, kdy na bubene\u010dsk\u00e9m V\u00fdstavi\u0161ti prob\u00edhala I. d\u011blnick\u00e1 v\u00fdstava. Potkali jsme se s&nbsp;\u0161\u00e9ftren\u00e9rem [&hellip;]","protected":false},"author":251,"featured_media":67363,"comment_status":"closed","ping_status":"open","sticky":false,"template":"","format":"standard","meta":[],"categories":[34],"tags":[],"_links":{"self":[{"href":"https:\/\/www.praha7.cz\/api\/wp\/v2\/posts\/67362"}],"collection":[{"href":"https:\/\/www.praha7.cz\/api\/wp\/v2\/posts"}],"about":[{"href":"https:\/\/www.praha7.cz\/api\/wp\/v2\/types\/post"}],"author":[{"embeddable":true,"href":"https:\/\/www.praha7.cz\/api\/wp\/v2\/users\/251"}],"replies":[{"embeddable":true,"href":"https:\/\/www.praha7.cz\/api\/wp\/v2\/comments?post=67362"}],"version-history":[{"count":1,"href":"https:\/\/www.praha7.cz\/api\/wp\/v2\/posts\/67362\/revisions"}],"predecessor-version":[{"id":67364,"href":"https:\/\/www.praha7.cz\/api\/wp\/v2\/posts\/67362\/revisions\/67364"}],"wp:featuredmedia":[{"embeddable":true,"href":"https:\/\/www.praha7.cz\/api\/wp\/v2\/media\/67363"}],"wp:attachment":[{"href":"https:\/\/www.praha7.cz\/api\/wp\/v2\/media?parent=67362"}],"wp:term":[{"taxonomy":"category","embeddable":true,"href":"https:\/\/www.praha7.cz\/api\/wp\/v2\/categories?post=67362"},{"taxonomy":"post_tag","embeddable":true,"href":"https:\/\/www.praha7.cz\/api\/wp\/v2\/tags?post=67362"}],"curies":[{"name":"wp","href":"https:\/\/api.w.org\/{rel}","templated":true}]}}