    
{"id":67319,"date":"2023-06-07T10:13:11","date_gmt":"2023-06-07T08:13:11","guid":{"rendered":"https:\/\/www.praha7.cz\/?p=67319"},"modified":"2023-06-09T09:59:35","modified_gmt":"2023-06-09T07:59:35","slug":"ic-milady-horakove-2-bude-mit-8-6-2023-zkracenou-oteviraci-dobu","status":"publish","type":"post","link":"https:\/\/www.praha7.cz\/ic-milady-horakove-2-bude-mit-8-6-2023-zkracenou-oteviraci-dobu\/","title":{"rendered":"IC Milady Hor\u00e1kov\u00e9 2 bude m\u00edt 8.&nbsp;6.&nbsp;2023 zkr\u00e1cenou otev\u00edrac\u00ed dobu"},"content":{"rendered":"<p>[perex]<\/p>\r\n<p>Upozor\u0148ujeme, \u017ee IC Milady Hor\u00e1kov\u00e9 2 bude ve \u010dtvrtek 8.&nbsp;6.&nbsp;2023 z&nbsp;provozn\u00edch d\u016fvod\u016f otev\u0159eno pouze do 15.00.<\/p>\r\n<p>D\u011bkujeme za pochopen\u00ed.<\/p>\r\n<p>[\/perex]<\/p>","protected":false},"excerpt":{"rendered":"[perex] Upozor\u0148ujeme, \u017ee IC Milady Hor\u00e1kov\u00e9 2 bude ve \u010dtvrtek 8.&nbsp;6.&nbsp;2023 z&nbsp;provozn\u00edch d\u016fvod\u016f otev\u0159eno pouze do 15.00. D\u011bkujeme za pochopen\u00ed. [\/perex]","protected":false},"author":5,"featured_media":37003,"comment_status":"closed","ping_status":"open","sticky":false,"template":"","format":"standard","meta":[],"categories":[34],"tags":[],"_links":{"self":[{"href":"https:\/\/www.praha7.cz\/api\/wp\/v2\/posts\/67319"}],"collection":[{"href":"https:\/\/www.praha7.cz\/api\/wp\/v2\/posts"}],"about":[{"href":"https:\/\/www.praha7.cz\/api\/wp\/v2\/types\/post"}],"author":[{"embeddable":true,"href":"https:\/\/www.praha7.cz\/api\/wp\/v2\/users\/5"}],"replies":[{"embeddable":true,"href":"https:\/\/www.praha7.cz\/api\/wp\/v2\/comments?post=67319"}],"version-history":[{"count":1,"href":"https:\/\/www.praha7.cz\/api\/wp\/v2\/posts\/67319\/revisions"}],"predecessor-version":[{"id":67320,"href":"https:\/\/www.praha7.cz\/api\/wp\/v2\/posts\/67319\/revisions\/67320"}],"wp:featuredmedia":[{"embeddable":true,"href":"https:\/\/www.praha7.cz\/api\/wp\/v2\/media\/37003"}],"wp:attachment":[{"href":"https:\/\/www.praha7.cz\/api\/wp\/v2\/media?parent=67319"}],"wp:term":[{"taxonomy":"category","embeddable":true,"href":"https:\/\/www.praha7.cz\/api\/wp\/v2\/categories?post=67319"},{"taxonomy":"post_tag","embeddable":true,"href":"https:\/\/www.praha7.cz\/api\/wp\/v2\/tags?post=67319"}],"curies":[{"name":"wp","href":"https:\/\/api.w.org\/{rel}","templated":true}]}}