    
{"id":67307,"date":"2023-06-06T17:33:51","date_gmt":"2023-06-06T15:33:51","guid":{"rendered":"https:\/\/www.praha7.cz\/?p=67307"},"modified":"2023-06-06T17:33:51","modified_gmt":"2023-06-06T15:33:51","slug":"hledame-pravnika-pro-projekt-reseni-bytove-nouze","status":"publish","type":"post","link":"https:\/\/www.praha7.cz\/hledame-pravnika-pro-projekt-reseni-bytove-nouze\/","title":{"rendered":"Hled\u00e1me pr\u00e1vn\u00edka pro projekt \u0159e\u0161en\u00ed bytov\u00e9 nouze"},"content":{"rendered":"<p>[perex]<\/p>\r\n<p>\u00da\u0159ad Prahy&nbsp;7 sh\u00e1n\u00ed do sv\u00e9ho t\u00fdmu kolegu \u010di kolegyni na pozici\u00a0expert\/ka \u2013 pr\u00e1vn\u00edk\/\u010dka v&nbsp;projektu \u0159e\u0161en\u00ed bytov\u00e9 nouze. Chcete se pod\u00edlet na smyslupln\u00e9 pr\u00e1ci v&nbsp;dynamicky se rozv\u00edjej\u00edc\u00ed m\u011bstsk\u00e9 \u010d\u00e1sti pro \u00fa\u0159ad s&nbsp;tak trochu jin\u00fdm p\u0159\u00edstupem? Nev\u00e1hejte a&nbsp;p\u0159ihlaste se do na\u0161eho popt\u00e1vkov\u00e9ho \u0159\u00edzen\u00ed.<\/p>\r\n<p>[\/perex]<\/p>\r\n<h3>O jak\u00fd projekt se jedn\u00e1<\/h3>\r\n<p>Projekt je zam\u011b\u0159en na podporu soci\u00e1ln\u00edho za\u010dle\u0148ov\u00e1n\u00ed osob v&nbsp;bytov\u00e9 nouzi a&nbsp;bytovou nouz\u00ed ohro\u017een\u00fdch v\u00a0\u00fazem\u00ed Prahy&nbsp;7, kter\u00e1 je zalo\u017eena na jejich p\u0159\u00edm\u00e9 podpo\u0159e v&nbsp;podob\u011b zabydlov\u00e1n\u00ed do byt\u016f p\u0159i p\u0159\u00edpadn\u00e9m vyu\u017eit\u00ed soci\u00e1ln\u00ed pr\u00e1ce a&nbsp;tak\u00e9 prost\u0159ednictv\u00edm integrovan\u00e9ho \u0159e\u0161en\u00ed bytov\u00e9 nouze v\u010detn\u011b aktualizace syst\u00e9mov\u00e9ho ukotven\u00ed. Obsahem projektu jsou aktivity zam\u011b\u0159en\u00e9 na zabydlov\u00e1n\u00ed osob, fungov\u00e1n\u00ed a&nbsp;rozvoj Kontaktn\u00edho m\u00edsta pro bydlen\u00ed, komplexn\u00ed a&nbsp;intenzivn\u00ed podporu klient\u016f a&nbsp;vyu\u017eit\u00ed nov\u00fdch n\u00e1stroj\u016f v&nbsp;tomto p\u0159\u00edpad\u011b soci\u00e1ln\u00ed realitn\u00ed agentury, d\u00e1le preventivn\u00ed aktivity pro zabr\u00e1n\u011bn\u00ed ztr\u00e1ty bydlen\u00ed (nap\u0159. mediace), podporu multidisciplin\u00e1rn\u00edch t\u00fdm\u016f, vytv\u00e1\u0159en\u00ed a&nbsp;roz\u0161i\u0159ov\u00e1n\u00ed podp\u016frn\u00fdch s\u00edt\u00ed slu\u017eeb a&nbsp;jejich zefektiv\u0148ov\u00e1n\u00ed na z\u00e1klad\u011b elektronizace, aktualizaci dostupn\u00e9 dokumentace (koncepce bydlen\u00ed, demografick\u00e9 studie \u00fazem\u00ed Prahy&nbsp;7 apod.).<\/p>\r\n<p>&nbsp;<\/p>\r\n<h3>Co u&nbsp;n\u00e1s budete d\u011blat?<\/h3>\r\n<p>Budete poskytovat pr\u00e1vn\u00ed poradenstv\u00ed soci\u00e1ln\u011b znev\u00fdhodn\u011bn\u00fdm klient\u016fm nej\u010dast\u011bji v&nbsp;oblasti n\u00e1jemn\u00edho pr\u00e1va, exekuc\u00ed \u010di pracovn\u011bpr\u00e1vn\u00ed problematice. D\u00e1le budete zpracov\u00e1vat pr\u00e1vn\u00ed rozbory a&nbsp;stanoviska a&nbsp;poskytovat metodickou podporu pracovn\u00edk\u016fm zapojen\u00fdm do podpory soci\u00e1ln\u011b znev\u00fdhodn\u011bn\u00fdch klient\u016f v&nbsp;r\u00e1mci Kontaktn\u00edho m\u00edsta pro bydlen\u00ed v&nbsp;\u00fazem\u00ed Prahy&nbsp;7.<\/p>\r\n<p>&nbsp;<\/p>\r\n<h3>Co od v\u00e1s o\u010dek\u00e1v\u00e1me?<\/h3>\r\n<ul>\r\n\t<li>vysoko\u0161kolsk\u00e9 vzd\u011bl\u00e1n\u00ed v&nbsp;magistersk\u00e9m nebo bakal\u00e1\u0159sk\u00e9m programu<\/li>\r\n\t<li>ukon\u010den\u00e9 magistersk\u00e9 V\u0160 vzd\u011bl\u00e1n\u00ed v&nbsp;oboru pr\u00e1vo<\/li>\r\n\t<li>proaktivn\u00ed p\u0159\u00edstup<\/li>\r\n\t<li>pe\u010dlivost, samostatnost, spolehlivost, flexibilitu<\/li>\r\n\t<li>znalost pr\u00e1ce na PC &#8211; MS Office (Outlook, Excel, Word)<\/li>\r\n\t<li>AJ v\u00fdhodou<\/li>\r\n<\/ul>\r\n<p>&nbsp;<\/p>\r\n<h3>Co v\u00e1m nab\u00edz\u00edme?<\/h3>\r\n<p>Dohodu o&nbsp;pracovn\u00ed \u010dinnosti s&nbsp;odm\u011bnou 500,-K\u010d\/hodina.\u00a0Jedn\u00e1 se o&nbsp;pracovn\u00ed pom\u011br na dobu ur\u010ditou do 31.&nbsp;12.&nbsp;2025.<\/p>\r\n<p>&nbsp;<\/p>\r\n<h3>Jak se k\u00a0n\u00e1m dostanete?<\/h3>\r\n<p>P\u0159ihl\u00e1\u0161ku a&nbsp;souhlas se zpracov\u00e1n\u00edm osobn\u00edch \u00fadaj\u016f (naleznete ve <a href=\"https:\/\/www.praha7.cz\/radnice\/povinne-zverejnovane-informace\/formulare\/\">Formul\u00e1\u0159\u00edch Odboru person\u00e1ln\u00edch \u010dinnost\u00ed<\/a>) v\u010detn\u011b strukturovan\u00e9ho \u017eivotopisu je mo\u017en\u00e9 osobn\u011b doru\u010dit v&nbsp;\u00fa\u0159edn\u00edch hodin\u00e1ch do podatelny \u00da\u0159adu M\u010c Praha&nbsp;7 nebo zaslat na n\u00ed\u017ee uvedenou adresu, p\u0159\u00edpadn\u011b emailem na <a href=\"mailto:pouzarovae@praha7.cz\">pouzarovae@praha7.cz<\/a> <span style=\"color: #ff0000;\"><strong>nejpozd\u011bji do 30.&nbsp;6.&nbsp;2023<\/strong><\/span>.<\/p>\r\n<p>&nbsp;<\/p>\r\n<p><strong>Vznik pracovn\u00edho pom\u011bru dohodou.<\/strong><\/p>\r\n<p>&nbsp;<\/p>\r\n<p><em>M\u011bstsk\u00e1 \u010d\u00e1st Praha&nbsp;7<\/em><\/p>\r\n<p><em>\u00da\u0159ad m\u011bstsk\u00e9 \u010d\u00e1sti Praha&nbsp;7<\/em><\/p>\r\n<p><em>Odbor person\u00e1ln\u00edch \u010dinnost\u00ed<\/em><\/p>\r\n<p><em>U Pr\u016fhonu 1338\/38<\/em><\/p>\r\n<p><em>170&nbsp;00 Praha&nbsp;7<\/em><\/p>\r\n<p>&nbsp;<\/p>\r\n<p><strong>Ve\u0161ker\u00e9 pot\u0159ebn\u00e9 informace pro p\u0159ihl\u00e1\u0161en\u00ed do popt\u00e1vkov\u00e9ho \u0159\u00edzen\u00ed najdete <a href=\"https:\/\/www.praha7.cz\/wp-content\/uploads\/2023\/06\/OVPR-expert-pravnik-II.pdf\" target=\"_blank\" rel=\"noopener\">ZDE<\/a>.<\/strong><strong><a href=\"https:\/\/www.praha7.cz\/wp-content\/uploads\/2021\/09\/OEK-\u00fa\u010detn\u00ed-evidence-majetku.pdf\"><\/a><\/strong><\/p>","protected":false},"excerpt":{"rendered":"[perex] \u00da\u0159ad Prahy&nbsp;7 sh\u00e1n\u00ed do sv\u00e9ho t\u00fdmu kolegu \u010di kolegyni na pozici\u00a0expert\/ka \u2013 pr\u00e1vn\u00edk\/\u010dka v&nbsp;projektu \u0159e\u0161en\u00ed bytov\u00e9 nouze. Chcete se pod\u00edlet na smyslupln\u00e9 pr\u00e1ci v&nbsp;dynamicky se rozv\u00edjej\u00edc\u00ed m\u011bstsk\u00e9 \u010d\u00e1sti pro \u00fa\u0159ad s&nbsp;tak trochu jin\u00fdm p\u0159\u00edstupem? Nev\u00e1hejte a&nbsp;p\u0159ihlaste se do na\u0161eho popt\u00e1vkov\u00e9ho \u0159\u00edzen\u00ed. [\/perex] O&nbsp;jak\u00fd projekt se jedn\u00e1 Projekt je zam\u011b\u0159en na podporu soci\u00e1ln\u00edho za\u010dle\u0148ov\u00e1n\u00ed [&hellip;]","protected":false},"author":5,"featured_media":29267,"comment_status":"closed","ping_status":"open","sticky":false,"template":"","format":"standard","meta":[],"categories":[34],"tags":[],"_links":{"self":[{"href":"https:\/\/www.praha7.cz\/api\/wp\/v2\/posts\/67307"}],"collection":[{"href":"https:\/\/www.praha7.cz\/api\/wp\/v2\/posts"}],"about":[{"href":"https:\/\/www.praha7.cz\/api\/wp\/v2\/types\/post"}],"author":[{"embeddable":true,"href":"https:\/\/www.praha7.cz\/api\/wp\/v2\/users\/5"}],"replies":[{"embeddable":true,"href":"https:\/\/www.praha7.cz\/api\/wp\/v2\/comments?post=67307"}],"version-history":[{"count":1,"href":"https:\/\/www.praha7.cz\/api\/wp\/v2\/posts\/67307\/revisions"}],"predecessor-version":[{"id":67310,"href":"https:\/\/www.praha7.cz\/api\/wp\/v2\/posts\/67307\/revisions\/67310"}],"wp:featuredmedia":[{"embeddable":true,"href":"https:\/\/www.praha7.cz\/api\/wp\/v2\/media\/29267"}],"wp:attachment":[{"href":"https:\/\/www.praha7.cz\/api\/wp\/v2\/media?parent=67307"}],"wp:term":[{"taxonomy":"category","embeddable":true,"href":"https:\/\/www.praha7.cz\/api\/wp\/v2\/categories?post=67307"},{"taxonomy":"post_tag","embeddable":true,"href":"https:\/\/www.praha7.cz\/api\/wp\/v2\/tags?post=67307"}],"curies":[{"name":"wp","href":"https:\/\/api.w.org\/{rel}","templated":true}]}}