    
{"id":67280,"date":"2023-06-05T17:13:00","date_gmt":"2023-06-05T15:13:00","guid":{"rendered":"https:\/\/www.praha7.cz\/?p=67280"},"modified":"2023-06-05T17:13:00","modified_gmt":"2023-06-05T15:13:00","slug":"hledame-mediatora-v-projektu-reseni-bytove-nouze","status":"publish","type":"post","link":"https:\/\/www.praha7.cz\/hledame-mediatora-v-projektu-reseni-bytove-nouze\/","title":{"rendered":"Hled\u00e1me medi\u00e1tora v&nbsp;projektu \u0159e\u0161en\u00ed bytov\u00e9 nouze"},"content":{"rendered":"<p>[perex]<\/p>\r\n<p>\u00da\u0159ad Prahy&nbsp;7 sh\u00e1n\u00ed do sv\u00e9ho t\u00fdmu kolegu \u010di kolegyni na pozici expert\/ka \u2013 medi\u00e1tor\/ka v&nbsp;projektu \u0159e\u0161en\u00ed bytov\u00e9 nouze. Chcete se pod\u00edlet na smyslupln\u00e9 pr\u00e1ci v&nbsp;dynamicky se rozv\u00edjej\u00edc\u00ed m\u011bstsk\u00e9 \u010d\u00e1sti pro \u00fa\u0159ad s&nbsp;tak trochu jin\u00fdm p\u0159\u00edstupem? Nev\u00e1hejte a&nbsp;p\u0159ihlaste se do na\u0161eho popt\u00e1vkov\u00e9ho \u0159\u00edzen\u00ed.<\/p>\r\n<p>[\/perex]<\/p>\r\n<h3>O jak\u00fd projekt se jedn\u00e1<\/h3>\r\n<p>Projekt je zam\u011b\u0159en na podporu soci\u00e1ln\u00edho za\u010dle\u0148ov\u00e1n\u00ed osob v&nbsp;bytov\u00e9 nouzi a&nbsp;bytovou nouz\u00ed ohro\u017een\u00fdch v\u00a0\u00fazem\u00ed Prahy&nbsp;7, kter\u00e1 je zalo\u017eena na jejich p\u0159\u00edm\u00e9 podpo\u0159e v&nbsp;podob\u011b zabydlov\u00e1n\u00ed do byt\u016f p\u0159i p\u0159\u00edpadn\u00e9m vyu\u017eit\u00ed soci\u00e1ln\u00ed pr\u00e1ce a&nbsp;tak\u00e9 prost\u0159ednictv\u00edm integrovan\u00e9ho \u0159e\u0161en\u00ed bytov\u00e9 nouze v\u010detn\u011b aktualizace syst\u00e9mov\u00e9ho ukotven\u00ed. Obsahem projektu jsou aktivity zam\u011b\u0159en\u00e9 na zabydlov\u00e1n\u00ed osob, fungov\u00e1n\u00ed a&nbsp;rozvoj Kontaktn\u00edho m\u00edsta pro bydlen\u00ed, komplexn\u00ed a&nbsp;intenzivn\u00ed podporu klient\u016f a&nbsp;vyu\u017eit\u00ed nov\u00fdch n\u00e1stroj\u016f v&nbsp;tomto p\u0159\u00edpad\u011b soci\u00e1ln\u00ed realitn\u00ed agentury, d\u00e1le preventivn\u00ed aktivity pro zabr\u00e1n\u011bn\u00ed ztr\u00e1ty bydlen\u00ed (nap\u0159. mediace), podporu multidisciplin\u00e1rn\u00edch t\u00fdm\u016f, vytv\u00e1\u0159en\u00ed a&nbsp;roz\u0161i\u0159ov\u00e1n\u00ed podp\u016frn\u00fdch s\u00edt\u00ed slu\u017eeb a&nbsp;jejich zefektiv\u0148ov\u00e1n\u00ed na z\u00e1klad\u011b elektronizace, aktualizaci dostupn\u00e9 dokumentace (koncepce bydlen\u00ed, demografick\u00e9 studie \u00fazem\u00ed Prahy&nbsp;7 apod.).<\/p>\r\n<p>&nbsp;<\/p>\r\n<h3>Co u&nbsp;n\u00e1s budete d\u011blat?<\/h3>\r\n<p>Budete spolupracovat na \u0159e\u0161en\u00ed konflikt\u016f mezi obyvateli bytov\u00e9ho domu\/ubytovny nebo mezi t\u011bmito obyvateli a&nbsp;dal\u0161\u00edmi osobami, zejm\u00e9na mezi majiteli domu \u010di bytu a&nbsp;n\u00e1jemci.\u00a0Budete \u0159\u00eddit komunikaci obou (v\u0161ech) stran sporu a&nbsp;zji\u0161\u0165ovat jejich pot\u0159eby, mo\u017enosti a\u00a0podporu p\u0159i hled\u00e1n\u00ed vhodn\u00e9ho \u0159e\u0161en\u00ed v&nbsp;dan\u00e9 situaci, m\u00edst\u011b a&nbsp;\u010dase.<\/p>\r\n<p>&nbsp;<\/p>\r\n<h3>Co od v\u00e1s o\u010dek\u00e1v\u00e1me?<\/h3>\r\n<ul>\r\n\t<li>vysoko\u0161kolsk\u00e9 vzd\u011bl\u00e1n\u00ed v&nbsp;magistersk\u00e9m nebo bakal\u00e1\u0159sk\u00e9m programu<\/li>\r\n\t<li>medi\u00e1tor\/ka zapsan\u00fd\/\u00e1 v&nbsp;seznamu Ministerstva spravedlnosti<\/li>\r\n\t<li>zku\u0161enosti v&nbsp;jedn\u00e1n\u00ed s&nbsp;majiteli byt\u016f nap\u0159. z&nbsp;prost\u0159ed\u00ed realitn\u00ed kancel\u00e1\u0159e<\/li>\r\n\t<li>schopnost spolupr\u00e1ce v&nbsp;t\u00fdmu<\/li>\r\n\t<li>proaktivn\u00ed p\u0159\u00edstup<\/li>\r\n\t<li>pe\u010dlivost, samostatnost, spolehlivost, flexibilitu<\/li>\r\n\t<li>znalost pr\u00e1ce na PC \u2013 MS Office (Outlook, Excel, Word)<\/li>\r\n\t<li>AJ v\u00fdhodou<\/li>\r\n<\/ul>\r\n<p>&nbsp;<\/p>\r\n<h3>Co v\u00e1m nab\u00edz\u00edme?<\/h3>\r\n<p>Dohodu o&nbsp;pracovn\u00ed \u010dinnosti s&nbsp;odm\u011bnou 625 K\u010d\/hodina. Jedn\u00e1 se o&nbsp;pracovn\u00ed pom\u011br na dobu ur\u010ditou do 31.&nbsp;12.&nbsp;2025.<\/p>\r\n<p>&nbsp;<\/p>\r\n<h3>Jak se k\u00a0n\u00e1m dostanete?<\/h3>\r\n<p>P\u0159ihl\u00e1\u0161ku a&nbsp;souhlas se zpracov\u00e1n\u00edm osobn\u00edch \u00fadaj\u016f (naleznete ve <a href=\"https:\/\/www.praha7.cz\/radnice\/povinne-zverejnovane-informace\/formulare\/\">Formul\u00e1\u0159\u00edch Odboru person\u00e1ln\u00edch \u010dinnost\u00ed<\/a>) v\u010detn\u011b strukturovan\u00e9ho \u017eivotopisu je mo\u017en\u00e9 osobn\u011b doru\u010dit v&nbsp;\u00fa\u0159edn\u00edch hodin\u00e1ch do podatelny \u00da\u0159adu M\u010c Praha&nbsp;7 nebo zaslat na n\u00ed\u017ee uvedenou adresu, p\u0159\u00edpadn\u011b emailem na <a href=\"mailto:pouzarovae@praha7.cz\">pouzarovae@praha7.cz<\/a> <span style=\"color: #ff0000;\"><strong>nejpozd\u011bji do 30.&nbsp;6.&nbsp;2023<\/strong><\/span>.<\/p>\r\n<p>&nbsp;<\/p>\r\n<p><strong>P\u0159edpokl\u00e1dan\u00fd vznik pracovn\u00edho pom\u011bru: dohodou.<\/strong><\/p>\r\n<p>&nbsp;<\/p>\r\n<p><em>M\u011bstsk\u00e1 \u010d\u00e1st Praha&nbsp;7<\/em><\/p>\r\n<p><em>\u00da\u0159ad m\u011bstsk\u00e9 \u010d\u00e1sti Praha&nbsp;7<\/em><\/p>\r\n<p><em>Odbor person\u00e1ln\u00edch \u010dinnost\u00ed<\/em><\/p>\r\n<p><em>U Pr\u016fhonu 1338\/38<\/em><\/p>\r\n<p><em>170&nbsp;00 Praha&nbsp;7<\/em><\/p>\r\n<p>&nbsp;<\/p>\r\n<p><strong>Ve\u0161ker\u00e9 pot\u0159ebn\u00e9 informace pro p\u0159ihl\u00e1\u0161en\u00ed do popt\u00e1vkov\u00e9ho \u0159\u00edzen\u00ed najdete <a href=\"https:\/\/www.praha7.cz\/wp-content\/uploads\/2023\/06\/OVPR-expert-mediator-II.pdf\">ZDE<\/a>.<\/strong><strong><a href=\"https:\/\/www.praha7.cz\/wp-content\/uploads\/2021\/09\/OEK-\u00fa\u010detn\u00ed-evidence-majetku.pdf\"><\/a><\/strong><\/p>","protected":false},"excerpt":{"rendered":"[perex] \u00da\u0159ad Prahy&nbsp;7 sh\u00e1n\u00ed do sv\u00e9ho t\u00fdmu kolegu \u010di kolegyni na pozici expert\/ka \u2013 medi\u00e1tor\/ka v&nbsp;projektu \u0159e\u0161en\u00ed bytov\u00e9 nouze. Chcete se pod\u00edlet na smyslupln\u00e9 pr\u00e1ci v&nbsp;dynamicky se rozv\u00edjej\u00edc\u00ed m\u011bstsk\u00e9 \u010d\u00e1sti pro \u00fa\u0159ad s&nbsp;tak trochu jin\u00fdm p\u0159\u00edstupem? Nev\u00e1hejte a&nbsp;p\u0159ihlaste se do na\u0161eho popt\u00e1vkov\u00e9ho \u0159\u00edzen\u00ed. [\/perex] O&nbsp;jak\u00fd projekt se jedn\u00e1 Projekt je zam\u011b\u0159en na podporu soci\u00e1ln\u00edho [&hellip;]","protected":false},"author":251,"featured_media":67282,"comment_status":"closed","ping_status":"open","sticky":false,"template":"","format":"standard","meta":[],"categories":[34],"tags":[],"_links":{"self":[{"href":"https:\/\/www.praha7.cz\/api\/wp\/v2\/posts\/67280"}],"collection":[{"href":"https:\/\/www.praha7.cz\/api\/wp\/v2\/posts"}],"about":[{"href":"https:\/\/www.praha7.cz\/api\/wp\/v2\/types\/post"}],"author":[{"embeddable":true,"href":"https:\/\/www.praha7.cz\/api\/wp\/v2\/users\/251"}],"replies":[{"embeddable":true,"href":"https:\/\/www.praha7.cz\/api\/wp\/v2\/comments?post=67280"}],"version-history":[{"count":1,"href":"https:\/\/www.praha7.cz\/api\/wp\/v2\/posts\/67280\/revisions"}],"predecessor-version":[{"id":67283,"href":"https:\/\/www.praha7.cz\/api\/wp\/v2\/posts\/67280\/revisions\/67283"}],"wp:featuredmedia":[{"embeddable":true,"href":"https:\/\/www.praha7.cz\/api\/wp\/v2\/media\/67282"}],"wp:attachment":[{"href":"https:\/\/www.praha7.cz\/api\/wp\/v2\/media?parent=67280"}],"wp:term":[{"taxonomy":"category","embeddable":true,"href":"https:\/\/www.praha7.cz\/api\/wp\/v2\/categories?post=67280"},{"taxonomy":"post_tag","embeddable":true,"href":"https:\/\/www.praha7.cz\/api\/wp\/v2\/tags?post=67280"}],"curies":[{"name":"wp","href":"https:\/\/api.w.org\/{rel}","templated":true}]}}