    
{"id":67273,"date":"2023-06-05T15:19:41","date_gmt":"2023-06-05T13:19:41","guid":{"rendered":"https:\/\/www.praha7.cz\/?p=67273"},"modified":"2023-06-05T15:19:41","modified_gmt":"2023-06-05T13:19:41","slug":"hledate-poutavou-praci-v-oblasti-socialniho-zaclenovani","status":"publish","type":"post","link":"https:\/\/www.praha7.cz\/hledate-poutavou-praci-v-oblasti-socialniho-zaclenovani\/","title":{"rendered":"Hled\u00e1te poutavou pr\u00e1ci v&nbsp;oblasti soci\u00e1ln\u00edho za\u010dle\u0148ov\u00e1n\u00ed?"},"content":{"rendered":"<p>[perex]<\/p>\r\n<p>\u00da\u0159ad Prahy&nbsp;7 sh\u00e1n\u00ed do sv\u00e9ho t\u00fdmu kolegu\/kolegyni na pozici kl\u00ed\u010dov\u00fd\/\u00e1 pracovn\u00edk\/ce \u2013 ter\u00e9nn\u00ed soci\u00e1ln\u00ed pracovn\u00edk\/ce. Je va\u0161\u00edm \u017eivotn\u00edm posl\u00e1n\u00edm pom\u00e1hat lidem v&nbsp;obt\u00ed\u017en\u00fdch situac\u00edch? Vyzn\u00e1te se v&nbsp;prost\u0159ed\u00ed soci\u00e1ln\u00edch slu\u017eeb, jste empati\u010dt\u00ed a&nbsp;m\u00e1te soci\u00e1ln\u00ed c\u00edt\u011bn\u00ed? Vyhovuje v\u00e1m st\u0159\u00eddav\u00e1 pr\u00e1ce u&nbsp;stolu i&nbsp;v&nbsp;ter\u00e9nu? M\u00e1te z\u00e1jem pracovat v&nbsp;dynamicky se rozv\u00edjej\u00edc\u00ed m\u011bstsk\u00e9 \u010d\u00e1sti pro \u00fa\u0159ad s&nbsp;tak trochu jin\u00fdm p\u0159\u00edstupem? Nev\u00e1hejte a&nbsp;p\u0159ihlaste se do na\u0161eho popt\u00e1vkov\u00e9ho \u0159\u00edzen\u00ed.<\/p>\r\n<p>[\/perex]<\/p>\r\n<h3>Co u&nbsp;n\u00e1s budete d\u011blat?<\/h3>\r\n<p>Budete sou\u010d\u00e1st\u00ed projektu zam\u011b\u0159en\u00e9ho na podporu soci\u00e1ln\u00edho za\u010dle\u0148ov\u00e1n\u00ed osob v&nbsp;bytov\u00e9 nouzi a&nbsp;ohro\u017een\u00fdch bytovou nouz\u00ed. Budete se pod\u00edlet na v\u00fdb\u011bru klient\u016f do projektu, zaji\u0161\u0165ovat p\u0159\u00edmou podporu klient\u016f Kontaktn\u00edho m\u00edsta pro bydlen\u00ed (KMB) od vstupn\u00edho rozhovoru p\u0159es zabydlen\u00ed po kontinu\u00e1ln\u00ed podporu prim\u00e1rn\u011b zam\u011b\u0159enou na prevenci rizik ztr\u00e1ty bydlen\u00ed. Budete prov\u00e1d\u011bt soci\u00e1ln\u00ed \u0161et\u0159en\u00ed, vyhodnocovat pot\u0159eby a&nbsp;pod\u00edlet se na tvorb\u011b individu\u00e1ln\u00edch pl\u00e1n\u016f klienta. Budete spolupracovat s&nbsp;dal\u0161\u00edmi akt\u00e9ry v&nbsp;oblasti \u0159e\u0161en\u00ed a&nbsp;p\u0159edch\u00e1zen\u00ed soci\u00e1ln\u00edho vylou\u010den\u00ed (soci\u00e1ln\u00ed slu\u017eby, poskytovatel\u00e9 n\u00e1vazn\u00fdch slu\u017eeb atd.), \u00fa\u010dastnit se p\u0159\u00edpadov\u00fdch setk\u00e1n\u00edch akt\u00e9r\u016f s\u00edt\u011b a&nbsp;zaji\u0161\u0165ovat celkovou koordinaci podpory klienta s&nbsp;dal\u0161\u00edmi pracovn\u00edky individu\u00e1ln\u00ed podp\u016frn\u00e9 s\u00edt\u011b. D\u00e1le budete zaji\u0161\u0165ovat depist\u00e1\u017e klient\u016f KMB a&nbsp;dal\u0161\u00ed aktivity v&nbsp;r\u00e1mci soci\u00e1ln\u00ed pr\u00e1ce. Povedete dotazn\u00edkov\u00e9 \u0161et\u0159en\u00ed s&nbsp;klienty v&nbsp;r\u00e1mci evaluace projektu, evidenci uchaze\u010d\u016f o&nbsp;byt, jejich dokumentaci a&nbsp;mapov\u00e1n\u00ed jejich pot\u0159eb a&nbsp;priorit. Budete spolupracovat p\u0159i v\u00fdb\u011bru dom\u00e1cnost\u00ed k&nbsp;um\u00edst\u011bn\u00ed do garantovan\u00e9ho bydlen\u00ed.<\/p>\r\n<h3><\/h3>\r\n<h3>Co od v\u00e1s o\u010dek\u00e1v\u00e1me?<\/h3>\r\n<p>Vysoko\u0161kolsk\u00e9 vzd\u011bl\u00e1n\u00ed v&nbsp;bakal\u00e1\u0159sk\u00e9m studijn\u00edm programu nebo vy\u0161\u0161\u00ed odborn\u00e9 vzd\u011bl\u00e1n\u00ed (vzd\u011bl\u00e1n\u00ed dle z\u00e1kona \u010d. 108\/2006 Sb. o&nbsp;soci\u00e1ln\u00edch slu\u017eb\u00e1ch).<\/p>\r\n<h3><\/h3>\r\n<h3>Co v\u00e1m nab\u00edz\u00edme?<\/h3>\r\n<p>Pracovn\u00ed pom\u011br na dobu ur\u010ditou \u2013 do 31.&nbsp;12.&nbsp;2025 po dobu trv\u00e1n\u00ed projektu. N\u00e1stupn\u00ed plat v&nbsp;10.&nbsp;platov\u00e9 t\u0159\u00edd\u011b a\u017e do v\u00fd\u0161e 34&nbsp;370&nbsp;K\u010d podle d\u00e9lky odborn\u00e9 praxe. Po zku\u0161ebn\u00ed dob\u011b osobn\u00ed p\u0159\u00edplatek a\u017e do 100&nbsp;% 12.&nbsp;stupn\u011b p\u0159\u00edslu\u0161n\u00e9 platov\u00e9 t\u0159\u00eddy.<\/p>\r\n<table width=\"1109\" height=\"217\" style=\"color: black !important; font-weight: normal !important;\">\r\n<tbody>\r\n<tr>\r\n<td style=\"height: 0px; text-align: center;\"><\/td>\r\n<td style=\"height: 0px; text-align: center;\"><\/td>\r\n<td style=\"height: 0px; text-align: center;\"><\/td>\r\n<\/tr>\r\n<tr>\r\n<td style=\"width: 361px; text-align: center;\">\r\n<p><img loading=\"lazy\" src=\"https:\/\/www.praha7.cz\/wp-content\/uploads\/2018\/11\/rust.jpg\" alt=\"\" width=\"99\" height=\"96\" class=\"alignnone size-full wp-image-21382\" \/><\/p>\r\n<span style=\"font-weight: normal !important; color: black !important;\">Platov\u00e9 ohodnocen\u00ed, kter\u00e9 roste spolu s&nbsp;v\u00e1mi.<\/span><\/td>\r\n<td style=\"width: 363px; text-align: center;\">\r\n<p><img loading=\"lazy\" src=\"https:\/\/www.praha7.cz\/wp-content\/uploads\/2018\/11\/benefit.jpg\" alt=\"\" width=\"99\" height=\"96\" class=\"alignnone size-full wp-image-21381\" \/><\/p>\r\n<span style=\"font-weight: normal !important; color: black !important;\">\u0160irokou \u0161k\u00e1lu benefit\u016f, kter\u00e9 p\u0159ich\u00e1zej\u00ed ve spr\u00e1vn\u00fd \u010das.<\/span><\/td>\r\n<td style=\"width: 363px; text-align: center;\">\r\n<p><img loading=\"lazy\" src=\"https:\/\/www.praha7.cz\/wp-content\/uploads\/2018\/11\/dovolena.jpg\" alt=\"\" width=\"99\" height=\"96\" class=\"alignnone size-full wp-image-21383\" \/><\/p>\r\n<span style=\"font-weight: normal !important; color: black !important;\">5 t\u00fddn\u016f dovolen\u00e9, na kterou nebudete cht\u00edt odjet.<\/span><\/td>\r\n<\/tr>\r\n<tr>\r\n<td style=\"width: 361px; text-align: center;\">\r\n<p><img loading=\"lazy\" src=\"https:\/\/www.praha7.cz\/wp-content\/uploads\/2018\/11\/vzdelavani.jpg\" alt=\"\" width=\"142\" height=\"96\" class=\"alignnone size-full wp-image-21384\" \/><\/p>\r\n<span style=\"font-weight: normal !important; color: black !important;\">Mo\u017enost dal\u0161\u00edho vzd\u011bl\u00e1v\u00e1n\u00ed, abyste se ve sv\u011bt\u011b neztratili.<\/span><\/td>\r\n<td style=\"width: 363px; text-align: center;\">\r\n<p><img loading=\"lazy\" src=\"https:\/\/www.praha7.cz\/wp-content\/uploads\/2018\/11\/inspirace.jpg\" alt=\"\" width=\"99\" height=\"96\" class=\"alignnone size-full wp-image-21385\" \/><\/p>\r\n<span style=\"font-weight: normal !important; color: black !important;\">Pr\u00e1ci v&nbsp;inspirativn\u00edm kolektivu, kde se p\u0159ed n\u00e1pady nezav\u00edraj\u00ed o\u010di.<\/span><\/td>\r\n<td style=\"width: 363px; text-align: center;\">\r\n<p><img loading=\"lazy\" src=\"https:\/\/www.praha7.cz\/wp-content\/uploads\/2018\/11\/perspektiva.jpg\" alt=\"\" width=\"99\" height=\"96\" class=\"alignnone size-full wp-image-21386\" \/><\/p>\r\n<span style=\"font-weight: normal !important; color: black !important;\">Perspektivn\u00ed zam\u011bstn\u00e1n\u00ed, kde pom\u00e1h\u00e1te m\u011bnit sv\u011bt kolem sebe.<\/span><\/td>\r\n<\/tr>\r\n<\/tbody>\r\n<\/table>\r\n<p>&nbsp;<\/p>\r\n<h3>Jak se k\u00a0n\u00e1m dostanete?<\/h3>\r\n<p>P\u0159ihl\u00e1\u0161ku a&nbsp;souhlas se zpracov\u00e1n\u00edm osobn\u00edch \u00fadaj\u016f (naleznete ve <a href=\"https:\/\/www.praha7.cz\/radnice\/povinne-zverejnovane-informace\/formulare\/\">Formul\u00e1\u0159\u00edch Odboru person\u00e1ln\u00edch \u010dinnost\u00ed<\/a>) v\u010detn\u011b strukturovan\u00e9ho profesn\u00edho \u017eivotopisu a&nbsp;motiva\u010dn\u00edho dopisu je mo\u017en\u00e9 osobn\u011b doru\u010dit v&nbsp;\u00fa\u0159edn\u00edch hodin\u00e1ch do podatelny \u00da\u0159adu M\u010c Praha&nbsp;7 nebo zaslat na n\u00ed\u017ee uvedenou adresu, p\u0159\u00edpadn\u011b zaslat i&nbsp;e-mailem na <a href=\"mailto:pouzarovae@praha7.cz\">pouzarovae@praha7.cz<\/a> <span style=\"color: #ff0000;\"><strong>nejpozd\u011bji do 30.&nbsp;6.&nbsp;2023<\/strong><\/span>.<\/p>\r\n<p><strong>P\u0159edpokl\u00e1dan\u00fd vznik pracovn\u00edho pom\u011bru dle dohody.<\/strong><\/p>\r\n<p>&nbsp;<\/p>\r\n<p><em>M\u011bstsk\u00e1 \u010d\u00e1st Praha&nbsp;7<\/em><\/p>\r\n<p><em>\u00da\u0159ad m\u011bstsk\u00e9 \u010d\u00e1sti Praha&nbsp;7<\/em><\/p>\r\n<p><em>Odbor person\u00e1ln\u00edch \u010dinnost\u00ed<\/em><\/p>\r\n<p><em>U Pr\u016fhonu 1338\/38<\/em><\/p>\r\n<p><em>170&nbsp;00 Praha&nbsp;7<\/em><\/p>\r\n<p>&nbsp;<\/p>\r\n<p><strong>Ve\u0161ker\u00e9 pot\u0159ebn\u00e9 informace pro p\u0159ihl\u00e1\u0161en\u00ed do popt\u00e1vkov\u00e9ho \u0159\u00edzen\u00ed naleznete <a href=\"https:\/\/www.praha7.cz\/wp-content\/uploads\/2023\/06\/OSZ-klicovy-pracovnik-terenni-socialni-pracovnik-II.pdf\">ZDE<\/a>.<\/strong><\/p>","protected":false},"excerpt":{"rendered":"[perex] \u00da\u0159ad Prahy&nbsp;7 sh\u00e1n\u00ed do sv\u00e9ho t\u00fdmu kolegu\/kolegyni na pozici kl\u00ed\u010dov\u00fd\/\u00e1 pracovn\u00edk\/ce \u2013 ter\u00e9nn\u00ed soci\u00e1ln\u00ed pracovn\u00edk\/ce. Je va\u0161\u00edm \u017eivotn\u00edm posl\u00e1n\u00edm pom\u00e1hat lidem v&nbsp;obt\u00ed\u017en\u00fdch situac\u00edch? Vyzn\u00e1te se v&nbsp;prost\u0159ed\u00ed soci\u00e1ln\u00edch slu\u017eeb, jste empati\u010dt\u00ed a&nbsp;m\u00e1te soci\u00e1ln\u00ed c\u00edt\u011bn\u00ed? Vyhovuje v\u00e1m st\u0159\u00eddav\u00e1 pr\u00e1ce u&nbsp;stolu i&nbsp;v&nbsp;ter\u00e9nu? M\u00e1te z\u00e1jem pracovat v&nbsp;dynamicky se rozv\u00edjej\u00edc\u00ed m\u011bstsk\u00e9 \u010d\u00e1sti pro \u00fa\u0159ad s&nbsp;tak trochu jin\u00fdm p\u0159\u00edstupem? Nev\u00e1hejte [&hellip;]","protected":false},"author":251,"featured_media":65974,"comment_status":"closed","ping_status":"open","sticky":false,"template":"","format":"standard","meta":[],"categories":[34],"tags":[],"_links":{"self":[{"href":"https:\/\/www.praha7.cz\/api\/wp\/v2\/posts\/67273"}],"collection":[{"href":"https:\/\/www.praha7.cz\/api\/wp\/v2\/posts"}],"about":[{"href":"https:\/\/www.praha7.cz\/api\/wp\/v2\/types\/post"}],"author":[{"embeddable":true,"href":"https:\/\/www.praha7.cz\/api\/wp\/v2\/users\/251"}],"replies":[{"embeddable":true,"href":"https:\/\/www.praha7.cz\/api\/wp\/v2\/comments?post=67273"}],"version-history":[{"count":1,"href":"https:\/\/www.praha7.cz\/api\/wp\/v2\/posts\/67273\/revisions"}],"predecessor-version":[{"id":67277,"href":"https:\/\/www.praha7.cz\/api\/wp\/v2\/posts\/67273\/revisions\/67277"}],"wp:featuredmedia":[{"embeddable":true,"href":"https:\/\/www.praha7.cz\/api\/wp\/v2\/media\/65974"}],"wp:attachment":[{"href":"https:\/\/www.praha7.cz\/api\/wp\/v2\/media?parent=67273"}],"wp:term":[{"taxonomy":"category","embeddable":true,"href":"https:\/\/www.praha7.cz\/api\/wp\/v2\/categories?post=67273"},{"taxonomy":"post_tag","embeddable":true,"href":"https:\/\/www.praha7.cz\/api\/wp\/v2\/tags?post=67273"}],"curies":[{"name":"wp","href":"https:\/\/api.w.org\/{rel}","templated":true}]}}