    
{"id":67173,"date":"2023-06-01T13:20:23","date_gmt":"2023-06-01T11:20:23","guid":{"rendered":"https:\/\/www.praha7.cz\/?p=67173"},"modified":"2023-06-08T11:00:59","modified_gmt":"2023-06-08T09:00:59","slug":"praha-bude-hostit-finale-evropske-konferencni-ligy-uefa","status":"publish","type":"post","link":"https:\/\/www.praha7.cz\/praha-bude-hostit-finale-evropske-konferencni-ligy-uefa\/","title":{"rendered":"Praha host\u00ed fin\u00e1le Evropsk\u00e9 konferen\u010dn\u00ed ligy UEFA"},"content":{"rendered":"<p>[perex]<\/p>\r\n<p>Ve st\u0159edu 7.&nbsp;\u010dervna 2023 Praha host\u00ed fin\u00e1le Evropsk\u00e9 konferen\u010dn\u00ed ligy UEFA. Mimo\u0159\u00e1dn\u00e1 sportovn\u00ed ud\u00e1lost pout\u00e1 pozornost fotbalov\u00fdch p\u0159\u00edznivc\u016f a&nbsp;nab\u00eddne Pra\u017ean\u016fm doprovodn\u00e9 akce. Na Letensk\u00e9 pl\u00e1ni je p\u0159ipravena fanz\u00f3na ur\u010den\u00e1 fanou\u0161k\u016fm West Hamu, na V\u00fdstavi\u0161ti p\u0159\u00edznivc\u016fm Fiorentiny. Na \u00fazem\u00ed Prahy&nbsp;7\u00a0 nejsou pl\u00e1nov\u00e1ny dopravn\u00ed uzav\u00edrky, upozor\u0148ujeme v\u0161ak ob\u010dany, \u017ee se s&nbsp;p\u0159\u00edtomnost\u00ed v\u011bt\u0161\u00edho mno\u017estv\u00ed fanou\u0161k\u016f ve fanz\u00f3n\u00e1ch a&nbsp;jejich p\u0159esunu na stadion v&nbsp;Praze 10, kde se z\u00e1pas odehr\u00e1v\u00e1, mohou pojit p\u0159\u00edpadn\u00e1 lok\u00e1ln\u00ed omezen\u00ed v&nbsp;doprav\u011b a&nbsp;bezpe\u010dnostn\u00ed opat\u0159en\u00ed. <strong>V\u00edce o&nbsp;t\u011bchto opat\u0159en\u00edch se do\u010dtete n\u00ed\u017ee v&nbsp;\u010dl\u00e1nku.\u00a0<\/strong><\/p>\r\n<p>[\/perex]<\/p>\r\n<p>O v\u00edt\u011bzstv\u00ed v\u00a0presti\u017en\u00ed sout\u011b\u017ei se utkaj\u00ed italsk\u00e1 Fiorentina a&nbsp;anglick\u00fd West Ham. V\u00a0Eden Aren\u011b, tedy na stadionu SK Slavia Praha, mohou nastoupit i&nbsp;\u010de\u0161t\u00ed fotbalist\u00e9 Anton\u00edn Bar\u00e1k (Fiorentina) a&nbsp;Tom\u00e1\u0161 Sou\u010dek s\u00a0Vladim\u00edrem Coufalem (oba West Ham).<\/p>\r\n<p>P\u0159\u00edm\u00fd p\u0159enos z\u00e1pasu bude vys\u00edlat p\u0159ibli\u017en\u011b 130 televizn\u00edch a&nbsp;rozhlasov\u00fdch spole\u010dnost\u00ed v\u010detn\u011b \u010cT sport, a&nbsp;do Prahy tak bude bez p\u0159eh\u00e1n\u011bn\u00ed sm\u011b\u0159ovat pozornost cel\u00e9ho fotbalov\u00e9ho sv\u011bta.<\/p>\r\n<p>A\u010dkoli je fin\u00e1lov\u00fd z\u00e1pas vyprodan\u00fd (kapacita stadionu je 18&nbsp;000 div\u00e1k\u016f), po\u0159adatel\u00e9 p\u0159ipravili nejenom pro fotbalov\u00e9 fanou\u0161ky n\u011bkolik doprovodn\u00fdch akc\u00ed.<\/p>\r\n<ul>\r\n\t<li><strong>Trophy Experience<\/strong>\u00a0V \u00fater\u00fd 6.&nbsp;a&nbsp;ve st\u0159edu 7.&nbsp;\u010dervna bude p\u0159ed Rudolfinem v\u017edy od 10.00 um\u00edst\u011bna trofej pro v\u00edt\u011bze, se kterou se bude mo\u017en\u00e9 vyfotografovat.\u00a0<\/li>\r\n\t<li><strong>Fan Meeting Points<\/strong>\u00a0Ve st\u0159edu 7.&nbsp;\u010dervna, tedy v&nbsp;den z\u00e1pasu, budou p\u0159\u00edstupn\u00e9 dv\u011b fanz\u00f3ny. Jedna bude na Letensk\u00e9 pl\u00e1ni pro fanou\u0161ky West Hamu, druh\u00e1 na V\u00fdstavi\u0161ti pro p\u0159\u00edznivce Fiorentiny. Program tvo\u0159\u00ed UEFA se z\u00e1stupci obou klub\u016f. Fan Meeting Pointy otev\u0159ou b\u011bhem dne.<\/li>\r\n\t<li><strong>Giant Trophy<\/strong>\u00a0Od p\u00e1tku 2.&nbsp;\u010dervna do \u010dtvrtka 8.&nbsp;\u010dervna budou p\u0159ed Obecn\u00edm domem a&nbsp;na leti\u0161ti V\u00e1clava Havla um\u00edst\u011bn\u00e9 ob\u0159\u00ed napodobeniny trofeje.<\/li>\r\n<\/ul>\r\n<p>Na v\u0161echny ofici\u00e1ln\u00ed akce p\u0159\u00edmo souvisej\u00edc\u00ed s\u00a0fin\u00e1le budou dohl\u00ed\u017eet \u010dlenov\u00e9 soukrom\u00e9 bezpe\u010dnostn\u00ed slu\u017eby, a&nbsp;to jak na stadionu, tak ve zm\u00edn\u011bn\u00fdch Fan Meeting Pointech. P\u0159ipravena bude tak\u00e9 policie a&nbsp;dal\u0161\u00ed slo\u017eky integrovan\u00e9ho z\u00e1chrann\u00e9ho syst\u00e9mu, kter\u00e9 se na p\u0159\u00edprav\u011b bezpe\u010dnostn\u00edch opat\u0159en\u00ed spolu s\u00a0UEFA a&nbsp;FA\u010cR rovn\u011b\u017e dlouhodob\u011b pod\u00edlely.<\/p>\r\n<p>O tom, jak v\u00fdznamn\u00e1 akce do \u010ceska m\u00ed\u0159\u00ed, sv\u011bd\u010d\u00ed i&nbsp;v\u00edce ne\u017e t\u0159i tis\u00edce p\u0159ihl\u00e1\u0161ek do programu pro dobrovoln\u00edky. V\u00fdb\u011brem nakonec pro\u0161lo p\u0159es 300 uchaze\u010d\u016f, kte\u0159\u00ed obsad\u00ed pracovn\u00ed pozice na stadionu, ve fanz\u00f3n\u00e1ch nebo na leti\u0161ti. P\u016fjde tak o&nbsp;nejv\u011bt\u0161\u00ed dobrovolnickou akci v&nbsp;historii \u010desk\u00e9ho fotbalu.<\/p>\r\n<p>Pom\u00e1hat budou nap\u0159\u00edklad i&nbsp;s&nbsp;navigac\u00ed fanou\u0161k\u016f \u2013 aby \u017eivot obyvatel Prahy ovlivnili nebo omezili co nejm\u00e9n\u011b. V&nbsp;den z\u00e1pasu budou na leti\u0161ti vyhrazen\u00e9 autobusy pro p\u0159\u00edznivce obou klub\u016f, kter\u00e9 pojedou p\u0159\u00edmo do ur\u010den\u00fdch Fan Meeting Point\u016f. Pro podve\u010dern\u00ed cestu na stadion budou m\u00edt fanou\u0161ci Fiorentiny k&nbsp;dispozici speci\u00e1ln\u00ed vlaky z&nbsp;Hole\u0161ovic p\u0159\u00edmo do Edenu a&nbsp;kv\u016fli p\u0159\u00edznivc\u016fm West Hamu bude v\u00fdrazn\u011b pos\u00edlena linka metra A. Po utk\u00e1n\u00ed nav\u00edc bude prodlou\u017eena jeho provozn\u00ed doba a\u017e do 2.00.<\/p>\r\n<p>Pra\u017ean\u00e9 mohou vyu\u017e\u00edt bezplatnou informa\u010dn\u00ed linku 800&nbsp;100&nbsp;991, kter\u00e1 bude v&nbsp;provozu v&nbsp;pond\u011bl\u00ed 5., v&nbsp;\u00fater\u00fd 6. (v&nbsp;obou dnech od 9.00 do 18.00) a&nbsp;ve st\u0159edu 7.&nbsp;\u010dervna (9.00 a\u017e 23.00).<\/p>\r\n<hr \/>\r\n<h3><strong>Dopravn\u00ed a&nbsp;bezpe\u010dnostn\u00ed opat\u0159en\u00ed<\/strong><\/h3>\r\n<p><em>\u201eUv\u011bdomujeme si, \u017ee n\u011bkter\u00fdm obyvatel\u016fm mohou p\u0159ijat\u00e1 opat\u0159en\u00ed zp\u016fsobit komplikace, a&nbsp;p\u0159edem se za n\u011b omlouv\u00e1me. V\u0161echny zainteresovan\u00e9 strany se sna\u017eily, aby dopad na b\u011b\u017en\u00fd \u017eivot Pra\u017ean\u016f byl co nejmen\u0161\u00ed. Z\u00e1rove\u0148 jsme cht\u011bli, abychom Prahu prezentovali v\u00a0co nejlep\u0161\u00edm sv\u011btle. V\u011b\u0159\u00edme, \u017ee jsme u\u010dinili v\u0161echna opat\u0159en\u00ed pro hladk\u00fd pr\u016fb\u011bh fin\u00e1le nejenom na stadionu, ale v&nbsp;cel\u00e9\u00a0Praze,\u201c<\/em> uv\u00e1d\u00ed tiskov\u00fd mluv\u010d\u00ed organiza\u010dn\u00edho t\u00fdmu Petr \u0160ediv\u00fd.<\/p>\r\n<p>Na bezpe\u010dnostn\u00edm opat\u0159en\u00ed, jejich\u017e c\u00edlem je p\u0159edev\u0161\u00edm bezprobl\u00e9mov\u00fd pr\u016fb\u011bh cel\u00e9 akce, se bude pod\u00edlet n\u011bkolik stovek policist\u016f z&nbsp;po\u0159\u00e1dkov\u00e9, dopravn\u00ed, cizineck\u00e9 policie a&nbsp;krimin\u00e1ln\u00ed slu\u017eby. Tak\u00e9 \u010dlenov\u00e9 antikonfliktn\u00edho t\u00fdmu, speci\u00e1ln\u00ed a&nbsp;krajsk\u00e9 po\u0159\u00e1dkov\u00e9 jednotky spolu s&nbsp;kolegy na kon\u00edch, psovodi a&nbsp;leteck\u00e1 slu\u017eba. <strong>V\u00edce o&nbsp;t\u011bchto opat\u0159en\u00edch se do\u010dtete <a href=\"https:\/\/tydenikpolicie.cz\/v-praze-se-odehraje-finalove-utkani-konferencni-ligy-ocekava-se-prijezd-tisicu-fanousku-west-hamu-i-fiorentiny\/\">ZDE<\/a>.<\/strong><\/p>\r\n<p>Nejv\u011bt\u0161\u00ed dopravn\u00ed omezen\u00ed je t\u0159eba o\u010dek\u00e1vat v&nbsp;okol\u00ed stadionu v&nbsp;Edenu v&nbsp;Praze 10, kde doch\u00e1z\u00ed k&nbsp;uzav\u00edrk\u00e1m ulic a&nbsp;odklonu dopravy. <strong>V\u00edce informac\u00ed naleznete <a href=\"https:\/\/www.praha7.cz\/wp-content\/uploads\/2023\/05\/2023_05_31_UECL_dopravni\u0301-opatr\u030ceni\u0301.pdf\" target=\"_blank\" rel=\"noopener\">ZDE.<\/a><\/strong><\/p>\r\n<p>Opat\u0159en\u00ed se dotknou tak\u00e9 MHD. <strong>P\u0159ehled zm\u011bn ve ve\u0159ejn\u00e9 doprav\u011b je uveden <a href=\"https:\/\/www.dpp.cz\/omezeni-a-mimoradne-udalosti\/detail\/18340?fbclid=IwAR3iP64764opy9q9TV8T5bBOWqnUs3pkvu6yErIEnUhxzlvQHNfhIvZWpbs\" target=\"_blank\" rel=\"noopener\">ZDE.<\/a><\/strong><\/p>\r\n<p>&nbsp;<\/p>\r\n<h3><\/h3>\r\n<h4>Opat\u0159en\u00ed t\u00fdkaj\u00edc\u00ed se dopravy z&nbsp;FAN MEETING POINT\u016e:<\/h4>\r\n<p>Kolem stadionu nebude prob\u00edhat \u017e\u00e1dn\u00e1 doprovodn\u00e1 akce, aby do Prahy 10 p\u0159ij\u00ed\u017ed\u011bli pouze fanou\u0161ci se vstupenkou. Na m\u00edst\u011b tak vznikne vn\u011bj\u0161\u00ed bezpe\u010dnostn\u00ed perimetr.<\/p>\r\n<p>Na v\u0161echny ofici\u00e1ln\u00ed akce p\u0159\u00edmo souvisej\u00edc\u00ed s&nbsp;fin\u00e1le budou dohl\u00ed\u017eet \u010dlenov\u00e9 soukrom\u00e9 bezpe\u010dnostn\u00ed slu\u017eby, a&nbsp;to jak na stadionu, tak ve Fan Meeting Pointech na V\u00fdstavi\u0161ti Praha a&nbsp;na Letensk\u00e9 pl\u00e1ni.\u00a0<\/p>\r\n<p>V den z\u00e1pasu budou na leti\u0161ti vyhrazeny autobusy pro p\u0159\u00edznivce obou klub\u016f, kter\u00e9 pojedou p\u0159\u00edmo do ur\u010den\u00fdch Fan Meeting Point\u016f. Pro podve\u010dern\u00ed cestu na stadion budou m\u00edt fanou\u0161ci Fiorentiny k&nbsp;dispozici speci\u00e1ln\u00ed vlaky z&nbsp;Hole\u0161ovic p\u0159\u00edmo do Edenu a&nbsp;kv\u016fli p\u0159\u00edznivc\u016fm West Hamu bude v\u00fdrazn\u011b pos\u00edlena linka metra A&nbsp;ze stanie Hrad\u010dansk\u00e1. <strong>Po utk\u00e1n\u00ed nav\u00edc bude provoz metra na v\u0161ech link\u00e1ch a\u017e do 2:00.<\/strong><\/p>\r\n<p>Fanou\u0161ci t\u00fdmu West Ham budou p\u0159ich\u00e1zet na stadion od stanice metra \u017delivsk\u00e9ho a&nbsp;fanou\u0161ci Fiorentina p\u0159ijedou vlakem do zast\u00e1vky Eden.\u00a0<\/p>","protected":false},"excerpt":{"rendered":"[perex] Ve st\u0159edu 7.&nbsp;\u010dervna 2023 Praha host\u00ed fin\u00e1le Evropsk\u00e9 konferen\u010dn\u00ed ligy UEFA. Mimo\u0159\u00e1dn\u00e1 sportovn\u00ed ud\u00e1lost pout\u00e1 pozornost fotbalov\u00fdch p\u0159\u00edznivc\u016f a&nbsp;nab\u00eddne Pra\u017ean\u016fm doprovodn\u00e9 akce. Na Letensk\u00e9 pl\u00e1ni je p\u0159ipravena fanz\u00f3na ur\u010den\u00e1 fanou\u0161k\u016fm West Hamu, na V\u00fdstavi\u0161ti p\u0159\u00edznivc\u016fm Fiorentiny. Na \u00fazem\u00ed Prahy&nbsp;7\u00a0 nejsou pl\u00e1nov\u00e1ny dopravn\u00ed uzav\u00edrky, upozor\u0148ujeme v\u0161ak ob\u010dany, \u017ee se s&nbsp;p\u0159\u00edtomnost\u00ed v\u011bt\u0161\u00edho mno\u017estv\u00ed fanou\u0161k\u016f ve fanz\u00f3n\u00e1ch [&hellip;]","protected":false},"author":251,"featured_media":67175,"comment_status":"closed","ping_status":"open","sticky":false,"template":"","format":"standard","meta":[],"categories":[34],"tags":[],"_links":{"self":[{"href":"https:\/\/www.praha7.cz\/api\/wp\/v2\/posts\/67173"}],"collection":[{"href":"https:\/\/www.praha7.cz\/api\/wp\/v2\/posts"}],"about":[{"href":"https:\/\/www.praha7.cz\/api\/wp\/v2\/types\/post"}],"author":[{"embeddable":true,"href":"https:\/\/www.praha7.cz\/api\/wp\/v2\/users\/251"}],"replies":[{"embeddable":true,"href":"https:\/\/www.praha7.cz\/api\/wp\/v2\/comments?post=67173"}],"version-history":[{"count":19,"href":"https:\/\/www.praha7.cz\/api\/wp\/v2\/posts\/67173\/revisions"}],"predecessor-version":[{"id":67345,"href":"https:\/\/www.praha7.cz\/api\/wp\/v2\/posts\/67173\/revisions\/67345"}],"wp:featuredmedia":[{"embeddable":true,"href":"https:\/\/www.praha7.cz\/api\/wp\/v2\/media\/67175"}],"wp:attachment":[{"href":"https:\/\/www.praha7.cz\/api\/wp\/v2\/media?parent=67173"}],"wp:term":[{"taxonomy":"category","embeddable":true,"href":"https:\/\/www.praha7.cz\/api\/wp\/v2\/categories?post=67173"},{"taxonomy":"post_tag","embeddable":true,"href":"https:\/\/www.praha7.cz\/api\/wp\/v2\/tags?post=67173"}],"curies":[{"name":"wp","href":"https:\/\/api.w.org\/{rel}","templated":true}]}}