    
{"id":67014,"date":"2023-05-26T09:50:31","date_gmt":"2023-05-26T07:50:31","guid":{"rendered":"https:\/\/www.praha7.cz\/?p=67014"},"modified":"2023-06-07T12:46:34","modified_gmt":"2023-06-07T10:46:34","slug":"chybi-nam-kultura-pohybu","status":"publish","type":"post","link":"https:\/\/www.praha7.cz\/chybi-nam-kultura-pohybu\/","title":{"rendered":"Chyb\u00ed n\u00e1m kultura pohybu"},"content":{"rendered":"<p>[perex]<\/p>\r\n<p>Petra Fridrichov\u00e1 v&nbsp;Hole\u0161ovic\u00edch ji\u017e p\u0159es osm let provozuje <a href=\"https:\/\/www.petraspecialyoga.cz\/\" target=\"_blank\" rel=\"noopener\">vlastn\u00ed praxi<\/a>, v&nbsp;n\u00ed\u017e se zam\u011b\u0159uje na pohybovou terapii d\u011bt\u00ed i&nbsp;dosp\u011bl\u00fdch s&nbsp;t\u011b\u017ek\u00fdmi hybn\u00fdmi poruchami, p\u0159edev\u0161\u00edm spastickou cerebel\u00e1rn\u00ed par\u00e9zou, zn\u00e1mou t\u00e9\u017e pod n\u00e1zvem d\u011btsk\u00e1 mozkov\u00e1 obrna (DMO). Sama navzdory tomuto onemocn\u011bn\u00ed vede d\u00edky pravideln\u00fdm terapi\u00edm plnohodnotn\u00fd, samostatn\u00fd \u017eivot a&nbsp;sv\u00e9 poznatky uplat\u0148uje v&nbsp;pomoci lidem, kter\u00e9 postihl podobn\u00fd osud. Jej\u00ed terapeutickou metodu lze ozna\u010dit za jedine\u010dnou. N\u00e1\u0161 rozhovor se to\u010dil kolem odli\u0161nosti vn\u00edm\u00e1n\u00ed sv\u011bta zdrav\u00e9ho a&nbsp;nemocn\u00e9ho \u010dlov\u011bka, ale m\u00edsty n\u00e1s zavedl mnohem d\u00e1l.<\/p>\r\n<p>[\/perex]<\/p>\r\n<p><strong>Za\u010dala bych va\u0161\u00edm p\u0159\u00edb\u011bhem, kter\u00fd v\u00e1s dovedl a\u017e do tohoto bodu. V\u00edm, \u017ee jste m\u011bla lehkou formu d\u011btsk\u00e9 mozkov\u00e9 obrny.<\/strong><br \/>\r\nM\u00e1m ji st\u00e1le. Obrna v\u011bt\u0161inou vznik\u00e1 kolem narozen\u00ed nebo po n\u011bm n\u00e1sledkem jin\u00fdch komplikac\u00ed. J\u00e1 jsem se narodila skoro o&nbsp;t\u0159i m\u011bs\u00edce d\u0159\u00edv a&nbsp;n\u00e1sledovalo krv\u00e1cen\u00ed do mozku. A&nbsp;nejn\u00e1chyln\u011bj\u0161\u00ed ke krv\u00e1cen\u00ed jsou centra, kter\u00e1 \u0159\u00edd\u00ed pohyb. Sc\u00e9n\u00e1\u0159 m\u016f\u017ee b\u00fdt t\u00e9m\u011b\u0159 toto\u017en\u00fd u&nbsp;mnoha d\u011bt\u00ed, li\u0161\u00ed se ale m\u00edra posti\u017een\u00ed. J\u00e1 m\u00e1m lehkou spastickou tripar\u00e9zu, co\u017e je posti\u017een\u00ed t\u0159\u00ed kon\u010detin, obou nohou a&nbsp;jedn\u00e9 ruky, ale \u0161k\u00e1la tohoto posti\u017een\u00ed je tak obrovsk\u00e1, \u017ee tripar\u00e9zu m\u016f\u017ee m\u00edt \u010dlov\u011bk, kter\u00fd je stejn\u011b schopn\u00fd jako j\u00e1, a&nbsp;m\u016f\u017ee ji m\u00edt \u010dlov\u011bk, kter\u00fd je odk\u00e1zan\u00fd na l\u016f\u017eko.<\/p>\r\n<p><strong>Velkou roli asi hraje, \u017ee jste za\u010dala intenzivn\u011b cvi\u010dit.<\/strong><br \/>\r\nVojtova metoda, o&nbsp;kter\u00e9 si budeme pov\u00eddat, nen\u00ed jenom terapie, je to i&nbsp;diagnostick\u00fd syst\u00e9m, kter\u00fd, pokud jej l\u00e9ka\u0159 ovl\u00e1d\u00e1, dok\u00e1\u017ee nejpozd\u011bji v&nbsp;\u0161esti m\u011bs\u00edc\u00edch v\u011bku spolehliv\u011b odhalit ohro\u017een\u00ed v\u00fdvojem d\u011btsk\u00e9 mozkov\u00e9 obrny. Kdy\u017e se na diagn\u00f3zu p\u0159ijde do p\u016fl roku a&nbsp;za\u010dne se intenzivn\u011b cvi\u010dit, d\u00e1 se a\u017e u&nbsp;poloviny d\u011bt\u00ed rozvoj nemoci zvr\u00e1tit, ne samoz\u0159ejm\u011b ve v\u0161ech p\u0159\u00edpadech, ale t\u0159eba u&nbsp;leh\u010d\u00edch forem ano. To v\u0161ak nebyl m\u016fj p\u0159\u00edpad. J\u00e1 m\u00e1m lehkou formu obrny, je\u017e nebyla v&nbsp;prvn\u00edch m\u011bs\u00edc\u00edch zjevn\u00e1. Moje maminka byla nav\u00edc t\u011b\u017ece nemocn\u00e1, tak\u017ee diagn\u00f3zu DMO jsem dostala a\u017e po prvn\u00edm roce v\u011bku. To u\u017e je pozd\u011b, obrn\u011b se v&nbsp;tomto st\u00e1diu ji\u017e ned\u00e1 zabr\u00e1nit. Ale ani potom to nebylo jednoduch\u00e9 \u2013 a\u017e v&nbsp;m\u00fdch \u010dty\u0159ech letech za\u010dala terapie podle Vojty vypadat tak, jak m\u011bla. I&nbsp;navzdory k&nbsp;tomu v\u0161emu jsem na tom dnes vlastn\u011b velmi dob\u0159e.<\/p>\r\n<p><strong>\u0158\u00edkala jste, \u017ee v\u010dasnou diagn\u00f3zou se d\u00e1 nemoc zvr\u00e1tit. To znamen\u00e1 skute\u010dn\u011b do stavu, jako by \u010dlov\u011bk nikdy nebyl nemocn\u00fd?<\/strong><br \/>\r\nAno. Profesor V\u00e1clav Vojta dokonce obrnu odv\u00e1\u017en\u011b ozna\u010dil za potenci\u00e1ln\u00ed stav. Probl\u00e9m je, \u017ee p\u0159edev\u0161\u00edm jej\u00ed lehk\u00e9 formy nejsou na prvn\u00ed pohled patrn\u00e9 a&nbsp;manifestuj\u00ed se v\u00fdrazn\u011bji t\u0159eba a\u017e po onom \u0161est\u00e9m m\u011bs\u00edci v\u011bku, kdy u\u017e je p\u0159\u00edli\u0161 pozd\u011b. Pokud se diagn\u00f3za stanov\u00ed p\u0159ed \u0161est\u00fdm m\u011bs\u00edcem v\u011bku a&nbsp;d\u00edt\u011b se ihned intenzivn\u011b a&nbsp;kvalitn\u011b odcvi\u010d\u00ed, lze a\u017e u&nbsp;poloviny d\u011bt\u00ed v\u00fdvoj DMO zcela zvr\u00e1tit. Jen\u017ee n\u00e1\u0161 zdravotnick\u00fd syst\u00e9m na to zat\u00edm nen\u00ed diagnosticky vybaven\u00fd, nen\u00ed dost l\u00e9ka\u0159\u016f, kte\u0159\u00ed by nemoc dok\u00e1zali v\u010das rozpoznat.<\/p>\r\n<p><strong>Tak\u017ee i&nbsp;v&nbsp;dne\u0161n\u00ed dob\u011b hodn\u011b z\u00e1le\u017e\u00ed na \u0161t\u011bst\u00ed? Na tom, zda se dostanete do rukou dostate\u010dn\u011b znal\u00e9ho l\u00e9ka\u0159e?<\/strong><br \/>\r\nBohu\u017eel je to tak. Osvojit si v\u010dasnou diagnostiku toti\u017e vy\u017eaduje pom\u011brn\u011b dlouhou dobu a&nbsp;dostate\u010dn\u00fd po\u010det mal\u00fdch d\u011bt\u00ed \u2013 kojenc\u016f, kter\u00e9 lze vy\u0161et\u0159ovat. Nejde jen o&nbsp;to v\u011bd\u011bt, co m\u00e1 l\u00e9ka\u0159 vy\u0161et\u0159it, ale mus\u00ed tak\u00e9 z\u00edskat ve vy\u0161et\u0159en\u00ed zru\u010dnost a&nbsp;pak v\u00fdsledky spr\u00e1vn\u011b vyhodnotit. J\u00e1 osobn\u011b zn\u00e1m jen jednoho l\u00e9ka\u0159e, <a href=\"https:\/\/mudr-stanislav-severa.zdravotniregistr.cz\/?fbclid=IwAR2-_Nu2s7zgJwnI-6R4AUf8cHeiI8vi6rqX6zOG01nBgIOprVmwOYyJWgM\" target=\"_blank\" rel=\"noopener\">MUDr. Stanislava Severu<\/a>, a\u00a0v\u00edm o\u00a0druh\u00e9m dal\u0161\u00edm, kter\u00fd v\u010dasnou diagnostiku mistrn\u011b a\u00a0spolehliv\u011b ovl\u00e1d\u00e1 tak jako s\u00e1m profesor Vojta.<\/p>\r\n<p>Pokud je pediatr osv\u00edcen\u011bj\u0161\u00ed a&nbsp;l\u00e9pe zn\u00e1 psychomotorick\u00fd v\u00fdvoj d\u00edt\u011bte, je na n\u011bm, aby tehdy, kdy\u017e se mu n\u011bco nezd\u00e1, odeslal d\u00edt\u011b na neurologii nebo rovnou na rehabilitaci. Probl\u00e9m je v&nbsp;tom, \u017ee u&nbsp;d\u011bt\u00ed s&nbsp;n\u00e1ro\u010dnou anamn\u00e9zou, kdy nap\u0159\u00edklad prob\u011bhl t\u011b\u017ek\u00fd porod nebo krv\u00e1cen\u00ed, se t\u0159eba d\u011bl\u00e1 i&nbsp;rezonance, proto\u017ee se rozvoj DMO o\u010dek\u00e1v\u00e1, ale u&nbsp;miminka, kter\u00e9 m\u011blo porodn\u00ed pr\u016fb\u011bh v&nbsp;po\u0159\u00e1dku a&nbsp;nestalo se nic moc z\u00e1va\u017en\u00e9ho, se na probl\u00e9m nep\u0159ijde \u2013 prost\u011b proto, \u017ee nikdo \u017e\u00e1dnou poruchu nehled\u00e1.<\/p>\r\n<p><strong>Vyu\u010duje se tato problematika dostate\u010dn\u011b na vysok\u00fdch \u0161kol\u00e1ch, jsou v&nbsp;tomto ohledu medici edukov\u00e1ni, nebo to stoj\u00ed stranou?<\/strong><br \/>\r\nJe to stranou. Diagnostika DMO se nevyu\u010duje ani v&nbsp;postgradu\u00e1ln\u00edm vzd\u011bl\u00e1v\u00e1n\u00ed. Ani Vojtova terapie vlastn\u011b nen\u00ed sou\u010d\u00e1st\u00ed vysoko\u0161kolsk\u00e9ho studia medic\u00edny. Kdy\u017e se budeme bavit t\u0159eba o&nbsp;terapii DMO, tak bychom mohli skoro mluvit o&nbsp;samostatn\u00e9m oboru. Kdy\u017e se tomu \u010dlov\u011bk v\u011bnuje, nem\u016f\u017ee v&nbsp;podstat\u011b d\u011blat nic jin\u00e9ho, proto\u017ee obrna m\u00e1 sv\u016fj \u201ejazyk\u201c a&nbsp;vy mus\u00edte ch\u00e1pat, jak funguje a&nbsp;jak s&nbsp;takov\u00fdm d\u00edt\u011btem pracovat. Je to neuv\u011b\u0159iteln\u011b obs\u00e1hl\u00fd a&nbsp;komplikovan\u00fd probl\u00e9m.<\/p>\r\n<p>Nev\u00edm, jak je to t\u0159eba v&nbsp;p\u0159\u00edpad\u011b, kdy se l\u00e9ka\u0159 atestuje z&nbsp;d\u011btsk\u00e9 neurologie, ale co se t\u00fdk\u00e1 fyzioterapie, tak absolvent v\u00ed, \u017ee je n\u011bjak\u00fd Vojta, v\u00ed, \u017ee se to cvi\u010d\u00ed hlavn\u011b s&nbsp;miminky a&nbsp;d\u011btmi s&nbsp;DMO, a&nbsp;t\u00edm to kon\u010d\u00ed. A&nbsp;kdy\u017e m\u00e1 \u0161t\u011bst\u00ed, tak mo\u017en\u00e1 t\u0159eba na fyzioterapii v&nbsp;Olomouci, kter\u00e1 je bl\u00edzko \u0161kolic\u00edho centra RL-Corpus (priv\u00e1tn\u00ed zdravotnick\u00e9 centrum specializuj\u00edc\u00ed se na aplikaci Vojtovy metody u&nbsp;hybn\u00fdch poruch, pozn. red.), v&nbsp;posledn\u00edm ro\u010dn\u00edku magistersk\u00e9ho studia absolvuje \u010d\u00e1st \u0161kolen\u00ed na Vojtu. Jen\u017ee ani kurzy Vojtovy metody neposkytnou dostate\u010dn\u00e9 pro\u0161kolen\u00ed v&nbsp;diagnostice DMO. Dokonce ani nejsou z\u00e1rukou, \u017ee kdo jimi projde, bude si hned v\u011bd\u011bt rady s&nbsp;pacienty nap\u0159\u00edklad s&nbsp;nejt\u011b\u017e\u0161\u00ed formou obrny. Budovat tu dovednost si mus\u00ed ka\u017ed\u00fd s\u00e1m.<\/p>\r\n<p>V podstat\u011b se tedy jen v\u00ed, \u017ee mo\u017enost diagnostiky tu je. Ale v\u011bd\u011bt nesta\u010d\u00ed, v\u011bd\u011bn\u00ed je v&nbsp;tomhle p\u0159\u00edpad\u011b nic. Dne\u0161n\u00ed pediat\u0159i u\u017e mnohdy tu\u0161\u00ed, \u017ee kdy\u017e v\u00fdvoj nejde spr\u00e1vn\u00fdm sm\u011brem, \u017ee tam je ohro\u017een\u00ed n\u011bjakou poruchou \u2013 \u0159\u00edk\u00e1 se tomu souhrnn\u011b centr\u00e1ln\u00ed koordina\u010dn\u00ed porucha. Ale nejsou t\u0159eba schopni \u0159\u00edct, \u017ee by to mohla b\u00fdt DMO, a&nbsp;nejednaj\u00ed v\u010das. Tak\u017ee se nap\u0159\u00edklad v\u00ed, \u017ee d\u00edt\u011b d\u00e1v\u00e1 hlavi\u010dku na stranu, \u017ee preferuje jednu stranu, ale \u0159ekne se, \u017ee je to predilekce, tedy lehk\u00e1 koordina\u010dn\u00ed porucha, kter\u00e1 se d\u00e1 napravit i&nbsp;jin\u00fdmi technikami nebo prostou zm\u011bnou handlingu (zp\u016fsob, jak d\u00edt\u011b spr\u00e1vn\u011b uchopit a&nbsp;polohovat, pozn. red.). A&nbsp;ona to p\u0159itom m\u016f\u017ee b\u00fdt sou\u010d\u00e1st v\u011bt\u0161\u00edho probl\u00e9mu, m\u016f\u017ee to b\u00fdt za\u010d\u00e1tek obrny. A&nbsp;d\u00edt\u011bti b\u011b\u017e\u00ed \u010das, proto\u017ee z&nbsp;pohledu l\u00e9ka\u0159e je to mali\u010dkost a&nbsp;na Vojtu je \u201ebrzo\u201c. Jen\u017ee pak u\u017e je pozd\u011b.<\/p>\r\n<p><strong>Tak\u017ee to potom bude asi hodn\u011b na rodi\u010d\u00edch, aby d\u00edt\u011b pozorovali\u2026<\/strong><br \/>\r\nAno. V&nbsp;tomhle jsou v\u00fdborn\u00e9 babi\u010dky, kter\u00e9 u\u017e pohybov\u00fd v\u00fdvoj znaj\u00ed l\u00e9pe ne\u017e rodi\u010de, proto\u017ee maj\u00ed zku\u0161enosti. M\u016fj dobr\u00fd p\u0159\u00edtel, ji\u017e zm\u00edn\u011bn\u00fd neurolog MUDr. Severa \u0159\u00edk\u00e1, \u017ee babi\u010dka je lep\u0161\u00ed diagnostik ne\u017e leckter\u00fd pediatr. Pokud se rodi\u010d nep\u00edd\u00ed, neum\u00ed nebo nen\u00ed zvykl\u00fd t\u0159\u00eddit informace, nepohybuje se v&nbsp;prost\u0159ed\u00ed, kter\u00e9 tomu rozum\u00ed, v\u011bt\u0161inou na to s\u00e1m nep\u0159ijde. Tak\u00e9 z\u00e1le\u017e\u00ed na n\u00e1tu\u0159e rodi\u010de. Nejhor\u0161\u00ed je nechat se ukonej\u0161it, \u017ee to bude dobr\u00e9. M\u00e1m v&nbsp;pr\u00e1ci rodi\u010de, kte\u0159\u00ed mi zp\u011btn\u011b \u0159eknou, \u017ee diagn\u00f3zu necht\u011bli sly\u0161et. Necht\u011bli cvi\u010dit. Mnoh\u00fdm to neurolog jasn\u011b \u0159ekl, ale oni to necht\u011bli sly\u0161et, proto\u017ee jejich kr\u00e1sn\u00e9 miminko p\u0159ece tak t\u011b\u017ekou poruchu m\u00edt nemohlo. Podcen\u011bn\u00ed v\u010dasn\u00e9 terapie je velk\u00fd probl\u00e9m, ale z\u00e1le\u017e\u00ed na ka\u017ed\u00e9m z&nbsp;n\u00e1s.<\/p>\r\n<p>Ani m\u016fj p\u0159\u00edb\u011bh nen\u00ed p\u0159\u00edkladem intenzivn\u00ed terapie, ale m\u011bla jsem \u0161t\u011bst\u00ed, proto\u017ee jsem od \u010dty\u0159 let byla v&nbsp;p\u00e9\u010di Vojtovy spole\u010dnosti, co\u017e je okruh terapeutek, kter\u00e9 byly velmi bl\u00edzko profesoru Vojtovi a&nbsp;cvi\u010d\u00ed velmi dob\u0159e. Mnoho rodi\u010d\u016f by dalo nev\u00edm co za to, kdyby jejich d\u011bti vypadaly tak, jak vypad\u00e1m j\u00e1 te\u010f, i&nbsp;u&nbsp;t\u011bch, kter\u00e9 cvi\u010d\u00ed od narozen\u00ed. M\u011bla jsem velk\u00e9 \u0161t\u011bst\u00ed. Od m\u00fdch 12 do 19 let, kdy u\u017e v\u011bt\u0161ina rodi\u010d\u016f cvi\u010dit p\u0159est\u00e1v\u00e1, byla moje pan\u00ed fyzioterapeutka natolik v\u011bdom\u00e1 a&nbsp;odhodlan\u00e1 dostat m\u011b na maximum, \u017ee \u0159ekla tat\u00ednkovi: \u201ePod\u00edvej se, te\u010f p\u0159ece nep\u0159estane\u0161, te\u010f by ses do toho m\u011bl op\u0159\u00edt, aby ta holka mohla norm\u00e1ln\u011b \u017e\u00edt.\u201c P\u0159i pohledu na svou dceru si \u010dasto vzpomenu, jak se pan\u00ed fyzioterapeutka v&nbsp;m\u00fdch dev\u00edti letech b\u00e1la, jestli moje p\u00e1te\u0159 jednou vydr\u017e\u00ed t\u011bhotenstv\u00ed. Necht\u011bla vyl\u00e9\u010dit obrnu, ale cht\u011bla mi vybojovat d\u016fstojn\u00fd \u017eivot navzdory v\u0161emu, co se v&nbsp;m\u00e9 terapii nezda\u0159ilo. A&nbsp;povedlo se j\u00ed to! Jen\u017ee takov\u00e9 \u0161t\u011bst\u00ed nem\u00e1 ka\u017ed\u00fd. Ne ka\u017ed\u00e9 d\u00edt\u011b na terapii takto reaguje. Mus\u00ed se j\u00ed otev\u0159\u00edt a&nbsp;mus\u00ed si z&nbsp;n\u00ed vz\u00edt maximum a&nbsp;j\u00e1 jsem m\u011bla \u0161t\u011bst\u00ed na fyzioterapeutku, kter\u00e9 jsem d\u016fv\u011b\u0159ovala natolik, \u017ee si se mnou vlastn\u011b mohla d\u011blat, co cht\u011bla.<br \/>\r\n<br \/>\r\n<\/p>\r\n<p><img loading=\"lazy\" src=\"https:\/\/www.praha7.cz\/wp-content\/uploads\/2023\/05\/347413190_1025267148441901_9057227208065515957_n-560x400.jpg\" alt=\"\" width=\"560\" height=\"400\" class=\"alignnone size-medium wp-image-67057\" srcset=\"https:\/\/www.praha7.cz\/wp-content\/uploads\/2023\/05\/347413190_1025267148441901_9057227208065515957_n-560x400.jpg 560w, https:\/\/www.praha7.cz\/wp-content\/uploads\/2023\/05\/347413190_1025267148441901_9057227208065515957_n-1400x1000.jpg 1400w, https:\/\/www.praha7.cz\/wp-content\/uploads\/2023\/05\/347413190_1025267148441901_9057227208065515957_n-768x549.jpg 768w, https:\/\/www.praha7.cz\/wp-content\/uploads\/2023\/05\/347413190_1025267148441901_9057227208065515957_n-1536x1097.jpg 1536w, https:\/\/www.praha7.cz\/wp-content\/uploads\/2023\/05\/347413190_1025267148441901_9057227208065515957_n.jpg 1772w\" sizes=\"(max-width: 560px) 100vw, 560px\" \/><br \/>\r\n<br \/>\r\n<\/p>\r\n<p><strong>Na va\u0161em webu jsem si p\u0159e\u010detla, \u017ee ve v\u00e1s sv\u00fdm zp\u016fsobem rozpoznala potenci\u00e1l a&nbsp;inteligenci. Mo\u017en\u00e1 byla schopn\u00e1 dohl\u00e9dnout d\u00e1l, za handicap, za t\u011blo, trochu v\u00edc dovnit\u0159?<\/strong><br \/>\r\nVojtova metoda nepracuje s&nbsp;v\u011bdomou slo\u017ekou motoriky, to znamen\u00e1, \u017ee d\u00edt\u011b p\u0159i terapii nijak aktivn\u011b nespolupracuje. Ne\u0159\u00edk\u00e1 se mu: \u201eTakhle se postav, tohle ud\u011blej.\u201c Vojtova metoda je \u010dist\u011b reflexn\u00ed z\u00e1le\u017eitost. Funguje podv\u011bdom\u011b a&nbsp;d\u00edt\u011b p\u0159i n\u00ed nespolupracuje aktivn\u011b. Probl\u00e9m ale nast\u00e1v\u00e1 v&nbsp;moment\u011b, kdy u\u017e je d\u00edt\u011b v\u011bt\u0161\u00ed a&nbsp;n\u011bco si o&nbsp;sv\u00e9m t\u011ble mysl\u00ed a&nbsp;m\u00e1 k&nbsp;n\u011bmu n\u011bjak\u00fd vztah, proto\u017ee psychick\u00e1 slo\u017eka psychomotoriky tu nen\u00ed o\u0161et\u0159ena. Pracuje se pouze se slo\u017ekou motorickou, ale s&nbsp;mysl\u00ed d\u00edt\u011bte \u2013 s&nbsp;t\u00edm, jak t\u011blo a&nbsp;terapii vn\u00edm\u00e1, jestli se t\u0159eba boj\u00ed, jestli m\u00e1 stres, strach \u2013 s&nbsp;t\u00edm se nepracuje. A&nbsp;proto jak d\u00edt\u011b roste, tak Vojtova metoda zd\u00e1nliv\u011b u\u017e nem\u00e1 takov\u00fd \u00fa\u010dinek.<\/p>\r\n<p><strong>Nev\u00edm, jestli to nen\u00ed hloup\u00e1 ot\u00e1zka, ale jakou roli v&nbsp;tom v\u0161em hraje inteligence? Proto\u017ee u&nbsp;va\u0161\u00ed formy obrny je zasa\u017een pohybov\u00fd apar\u00e1t a&nbsp;mozek jako takov\u00fd je relativn\u011b v\u00a0po\u0159\u00e1dku.<\/strong><br \/>\r\nTo je velmi individu\u00e1ln\u00ed. K&nbsp;DMO jsou \u010dasto p\u0159idru\u017een\u00e9 jin\u00e9 poruchy. Ale mysl\u00edm \u2013 musely bychom se pod\u00edvat na statistiku \u2013, \u017ee tak jedna t\u0159etina, mo\u017en\u00e1 a\u017e dv\u011b t\u0159etiny lid\u00ed s&nbsp;DMO maj\u00ed i&nbsp;n\u011bjak\u00fd ment\u00e1ln\u00ed handicap v&nbsp;ur\u010dit\u00e9 \u0161\u00ed\u0159i nebo ur\u010dit\u00e9 intenzit\u011b. Nemus\u00ed ho m\u00edt, ale mohou. M\u016f\u017ee tam b\u00fdt porucha autistick\u00e9ho spektra, velmi \u010dast\u00e9 jsou centr\u00e1ln\u00ed poruchy zraku, m\u00e9n\u011b \u010dasto sluchu.<\/p>\r\n<p><strong>T\u0159eba i\u00a0\u0159e\u010dov\u00e9 vady?<\/strong><br \/>\r\nTak\u00e9. A&nbsp;ment\u00e1ln\u00ed retardace od lehk\u00e9 a\u017e po t\u011b\u017ekou, ta \u0161k\u00e1la je \u0161irok\u00e1. V&nbsp;podstat\u011b jde o&nbsp;to, kdo si vyt\u00e1hne \u010dern\u00e9ho Petra.<\/p>\r\n<p><strong>Tak\u017ee je to velice specifick\u00e9.<\/strong><br \/>\r\nAno. N\u011bkdy je to tak, \u017ee kdy\u017e m\u00e1 d\u00edt\u011b n\u011bjakou ment\u00e1ln\u00ed disharmonii, tak terapii paradoxn\u011b sn\u00e1\u0161\u00ed l\u00e9pe a\u00a0jej\u00ed efekty jsou v\u00edc vid\u011bt. Proto\u017ee kam takov\u00e9 d\u00edt\u011b polo\u017e\u00edm, tam z\u016fstane, nebude se mnou diskutovat. Nem\u00e1 t\u0159eba takov\u00fd pud sebez\u00e1chovy. Nehodnot\u00ed, co mu t\u011blo dovoluje, kam se ur\u010dit\u00fdm pohybem m\u016f\u017ee dostat. A\u00a0\u010d\u00edm m\u00ed\u0148 si je v\u011bdomo toho, co mu porucha zp\u016fsobuje, t\u00edm sn\u00e1z se adaptuje na zm\u011bnu a\u00a0zlep\u0161en\u00ed, kter\u00e9 mu Vojta nab\u00edz\u00ed. Tak\u017ee by se klidn\u011b mohlo st\u00e1t, \u017ee d\u00edt\u011b, kter\u00e9 je velmi chytr\u00e9, bude efekt Vojty blokovat.<\/p>\r\n<p><strong>Zaj\u00edmav\u00e9, to znamen\u00e1, \u017ee to m\u016f\u017ee b\u00fdt vlastn\u011b p\u0159esn\u011b naopak.<\/strong><br \/>\r\nAno! Proto\u017ee je to podv\u011bdom\u00e1 z\u00e1le\u017eitost, a&nbsp;jestli\u017ee nemohu uplatnit svoje v\u011bdom\u00ed a&nbsp;to, jak t\u011blo vn\u00edm\u00e1m, na ur\u010dit\u00e9 \u00farovni se tomu uzav\u0159u. A\u0165 chci nebo ne, tak patologie \u2013 to, co se v&nbsp;pohybov\u00e9m projevu odchyluje od zdrav\u00e9ho \u2013 je pro \u010dlov\u011bka s&nbsp;obrnou norma. On v&nbsp;n\u00ed \u017eije. Od prvn\u00edho n\u00e1dechu jeho t\u011blo selh\u00e1v\u00e1 a&nbsp;on na tom stav\u00ed. Uv\u011bdom\u011bn\u00ed, \u017ee Vojta p\u0159in\u00e1\u0161\u00ed \u00falevu, nen\u00ed tak jednoduch\u00e9, proto\u017ee obrna nezasahuje jen pohyb, ale tak\u00e9 emoce, schopnost zpracov\u00e1n\u00ed vn\u011bj\u0161\u00edch podn\u011bt\u016f a&nbsp;flexibilitu na n\u011b reagovat.<\/p>\r\n<p>J\u00e1 jsem m\u011bla tu v\u00fdhodu, \u017ee by\u0165 nejsem zrovna \u010dlov\u011bk, kter\u00fd by se sebou nechal d\u011blat \u00fapln\u011b cokoli, velmi dob\u0159e jsem rozpoznala, jak mi terapie prosp\u00edv\u00e1 \u2013 otev\u0159ela jsem se j\u00ed a&nbsp;mysl\u00edm, \u017ee terapeutka to p\u0159i rehabilitaci vid\u011bla. Velmi z\u00e1le\u017e\u00ed na charakteru d\u00edt\u011bte, na jeho vztahu s&nbsp;terapeutem, na tom, co terapeut do terapie s\u00e1m vkl\u00e1d\u00e1. Je d\u016fle\u017eit\u00e9, jak terapeut na d\u00edt\u011b nahl\u00ed\u017e\u00ed, jak se ho dot\u00fdk\u00e1. Moje terapeutka <a href=\"https:\/\/nasregion.cz\/obdivuhodna-marcela-v-80-letech-stale-pomaha-jak-zacnu-pracovat-prestane-me-vsechno-bolet-212347\/\" target=\"_blank\" rel=\"noopener\">Marcela Klemov\u00e1<\/a> je v&nbsp;oboru absolutn\u00ed \u0161pi\u010dka. Ona tady Vojtu za totality udr\u017eela. Je to terapeutka, kter\u00e1 se na d\u00edt\u011b pod\u00edv\u00e1, s\u00e1hne na n\u011bj a&nbsp;v\u00ed naprosto p\u0159esn\u011b, co chce. Ono se j\u00ed rozpust\u00ed pod rukama, proto\u017ee se c\u00edt\u00ed bezpe\u010dn\u011b a&nbsp;m\u00e1 funk\u010dn\u00ed veden\u00ed. A&nbsp;j\u00e1 jsem se c\u00edtila bezpe\u010dn\u011b, co\u017e bylo n\u011bco, co mi chyb\u011blo. Nav\u00edc jsem ji milovala. Nejsp\u00ed\u0161 d\u00edky tomu v\u0161emu se to da\u0159ilo.<\/p>\r\n<p><strong>Mohlo by to b\u00fdt i&nbsp;t\u00edm, \u017ee se nevzd\u00e1vala\u2026<\/strong><br \/>\r\nNikdy to nepodcen\u00ed.<\/p>\r\n<p><strong>Mo\u017en\u00e1 d\u00e1v\u00e1 nad\u011bji?<\/strong><br \/>\r\nTo bylo velmi zaj\u00edmav\u00e9. Ona se zdr\u00e1hala, obzvl\u00e1\u0161\u0165 u&nbsp;m\u011b, \u0159\u00edci, \u017ee m\u011b z&nbsp;toho dostane, proto\u017ee je velmi sebekritick\u00e1 a&nbsp;nikdy by mi nedala fale\u0161nou nad\u011bji. Z\u00e1rove\u0148 vid\u011bla, \u017ee velmi dob\u0159e reaguju a&nbsp;jsem schopn\u00e1 o&nbsp;v\u0161em komunikovat. To nen\u00ed u&nbsp;d\u011bt\u00ed ani dosp\u011bl\u00fdch \u010dast\u00e9. Nejsou schopni popsat, co s&nbsp;nimi Vojta d\u011bl\u00e1, proto\u017ee je to velmi abstraktn\u00ed \u2013 n\u011bkdo na v\u00e1s s\u00e1hne, n\u011bco se s&nbsp;t\u00edm t\u011blem stane, ale vy nev\u00edte, co a&nbsp;kudy, proto\u017ee je to podv\u011bdom\u00e9. Ale j\u00e1 jsem byla schopn\u00e1 vysv\u011btlit, co c\u00edt\u00edm, a&nbsp;to byla cenn\u00e1 informace, proto\u017ee z&nbsp;toho terapeut pak m\u016f\u017ee vych\u00e1zet i&nbsp;v&nbsp;pr\u00e1ci s&nbsp;ostatn\u00edmi pacienty. I&nbsp;to byl d\u016fvod, pro\u010d u&nbsp;terapie vydr\u017eet. By\u0165 ten efekt \u2013 a&nbsp;to je z\u00e1sadn\u00ed \u2013 nemusel b\u00fdt zvenku a\u017e tak vid\u011bt.<\/p>\r\n<p>Zven\u010d\u00ed se m\u016f\u017ee zd\u00e1t, \u017ee se nic z\u00e1sadn\u00edho nezm\u011bnilo, d\u00edt\u011b nap\u0159\u00edklad po\u0159\u00e1d chod\u00ed \u0161patn\u011b, \u017e\u00e1dnou novou funkci se nepovedlo obnovit. T\u0159eba u&nbsp;hemipar\u00e9zy, tedy jednostrann\u00e9ho posti\u017een\u00ed nohy a&nbsp;ruky, by si \u010dlov\u011bk mohl \u0159\u00edct, \u017ee to nem\u00e1 smysl, \u017ee se nepovedlo ruku otev\u0159\u00edt, proto\u017ee d\u00edt\u011b tu ruku po\u0159\u00e1d nos\u00ed, po\u0159\u00e1d ji chov\u00e1. Jen\u017ee ona m\u016f\u017ee nastat zm\u011bna t\u0159eba v&nbsp;tom, \u017ee kdyby ztratilo rovnov\u00e1hu, tak se d\u00edky terapii tou rukou chyt\u00ed \u2013 a&nbsp;bez terapie by to nedok\u00e1zalo. D\u00edky terapii ji vnit\u0159n\u011b vn\u00edm\u00e1 v&nbsp;pohybov\u00e9m sch\u00e9matu.<\/p>\r\n<p><strong>A pokud to d\u011bti nejsou schopn\u00e9 vyj\u00e1d\u0159it, tak\u2026<\/strong><br \/>\r\n\u2026 tak se od terapie bohu\u017eel ustupuje d\u0159\u00edv. A\u00a0to je velk\u00e1 \u0161koda a\u00a0obrovsk\u00fd probl\u00e9m.<\/p>\r\n<p><strong>Vy jste s&nbsp;pan\u00ed Klemovou tedy pro\u0161la Vojtovou metodou a\u00a0potom jste se dostala k\u00a0dal\u0161\u00edm podstatn\u00fdm lidem.<\/strong><br \/>\r\nProto\u017ee jsem vid\u011bla, \u017ee rozd\u00edl mezi t\u00edm, kdy cvi\u010d\u00edm a&nbsp;necvi\u010d\u00edm, je velk\u00fd, a&nbsp;hledala jsem dal\u0161\u00ed cesty. Kdy\u017e jsem potom v&nbsp;osmn\u00e1cti letech ode\u0161la z&nbsp;domu a&nbsp;osamostatnila se, hledala jsem zp\u016fsob, jak bych mohla cvi\u010dit sama, aby se mi ulevilo aspo\u0148 p\u0159ibli\u017en\u011b tak, jak se mi ulevilo p\u0159i vojtovce. Ale ono to nen\u00ed jednoduch\u00e9, proto\u017ee Vojta je p\u0159\u00edm\u00fd dialog s&nbsp;mozkem a&nbsp;efekt je v\u00fdrazn\u011b hlub\u0161\u00ed. \u017d\u00e1dn\u00fdm v\u011bdom\u00fdm zp\u016fsobem terapie to nahradit nejde. Obrna p\u0159in\u00e1\u0161\u00ed ur\u010dit\u00e9 subjektivn\u00ed obt\u00ed\u017ee \u2013 \u00fanavu, k\u0159e\u010de, bolesti. Bez terapie je pohyb t\u0159eba mo\u017en\u00fd, ale za cenu velk\u00e9 \u00fanavy.<\/p>\r\n<p>J\u00e1 osobn\u011b c\u00edt\u00edm propastn\u00fd rozd\u00edl ve schopnosti vn\u00edmat svoje t\u011blo bez terapie a&nbsp;s&nbsp;n\u00ed. U&nbsp;hemiparetick\u00fdch forem je toti\u017e velmi \u010dast\u00e1 tzv. hemiastereognozie a&nbsp;hemianopsie \u2013 neschopnost hmatov\u00e9ho pozn\u00e1v\u00e1n\u00ed posti\u017eenou stranou t\u011bla a&nbsp;v\u00fdpadek zorn\u00e9ho pole \u2013 a&nbsp;to v\u0161echno se prom\u00edt\u00e1 do toho, jak vn\u00edm\u00e1m prostor. Tak\u017ee sice v\u00edm o&nbsp;sv\u00e9 lev\u00e9 ruce, ale nec\u00edt\u00edm ji jako svoji a&nbsp;ve vztahu k&nbsp;t\u011blu a&nbsp;prostoru kolem sebe s&nbsp;n\u00ed vlastn\u011b nepo\u010d\u00edt\u00e1m.<\/p>\r\n<p>Hledala jsem tedy zp\u016fsob, jak by se mi mohlo ulevit i&nbsp;bez z\u00e1vislosti na Vojtovi. Jen\u017ee to v\u016fbec nen\u00ed jednoduch\u00e9. Jak\u00fdkoli pohyb je pro \u010dlov\u011bka s&nbsp;obrnou s\u00e1m o&nbsp;sob\u011b n\u00e1ro\u010dn\u00fd, kdy\u017e nem\u00e1 k&nbsp;dispozici spr\u00e1vn\u00e9 vzp\u0159imovac\u00ed mechanismy a&nbsp;nev\u00ed, jak je v\u011bdom\u011b spustit. Jak z&nbsp;toho ven, jsem prvn\u011b hledala skrz j\u00f3gu, kter\u00e1 s&nbsp;p\u0159edstavou t\u011bla, s&nbsp;mysl\u00ed, pracuje. Ale i&nbsp;to bylo velmi t\u011b\u017ek\u00e9, proto\u017ee i&nbsp;j\u00f3ga m\u00e1 dnes \u010dasto velmi kondi\u010dn\u00ed charakter.<\/p>\r\n<p><strong>To potvrzuji. Za\u010d\u00ednala jste tedy s&nbsp;klasickou j\u00f3gou? Na\u0161la jste si pozice a&nbsp;zkou\u0161ela jste, co v\u00e1m vyhovuje?<\/strong><br \/>\r\nNebylo to tak, \u017ee bych prahla po tom cvi\u010dit j\u00f3gu, to jsem naopak nikdy d\u011blat necht\u011bla, proto\u017ee pr\u00e1v\u011b soust\u0159ed\u011bn\u00ed a&nbsp;zpomalen\u00ed je n\u011bco, co je pro \u010dlov\u011bka s&nbsp;DMO velmi t\u011b\u017ek\u00e9. N\u00e1hodou jsem na\u0161la terapeutick\u00fd syst\u00e9m j\u00f3gy, kter\u00fd pracuje p\u0159edev\u0161\u00edm s&nbsp;d\u011btmi \u2013 Yoga for the Special Child, jeho\u017e zakladatelkou je Sonia Sumar \u2013 Brazilka, kter\u00e1 m\u011bla dceru s&nbsp;Downov\u00fdm syndromem. M\u00e1m za sebou ucelen\u00fd v\u00fdcvik t\u00e9to terapeutick\u00e9 j\u00f3gy pro d\u011bti i&nbsp;dosp\u011bl\u00e9 s&nbsp;r\u016fzn\u00fdmi typy posti\u017een\u00ed. Ten zp\u016fsob cvi\u010den\u00ed byl pro mne uchopiteln\u011bj\u0161\u00ed, snaz\u0161\u00ed, m\u00e9n\u011b n\u00e1ro\u010dn\u00fd, ale \u00faleva se nedostavovala.<\/p>\r\n<p>Pokud by obrna m\u011bla mluvit emoc\u00ed, tak je to byt\u00ed ve st\u0159ehu. Proto jsou d\u011bti s&nbsp;obrnou lekav\u00e9, neust\u00e1le se ptaj\u00ed, kam p\u016fjdeme, co budeme d\u011blat. Proto\u017ee kdy\u017e m\u00e1m zku\u0161enost, \u017ee moje t\u011blo selh\u00e1v\u00e1, jsem po\u0159\u00e1d ve st\u0159ehu a&nbsp;mus\u00edm ho kontrolovat, aby fungovalo tak, jak pot\u0159ebuju. A&nbsp;ta \u00faleva, psychick\u00e1 \u00faleva, \u017ee nemus\u00edm t\u011blo kontrolovat, \u017ee m\u016f\u017eu prost\u011b jenom b\u00fdt, ta p\u0159i j\u00f3ze nep\u0159ich\u00e1zela. P\u0159i\u0161la a\u017e v&nbsp;moment\u011b, kdy jsem potkala <a href=\"http:\/\/www.yogaprague.cz\/?fbclid=IwAR2vqM2YHH488bQcnqkaF1hxreOO6X8E2F1QJUnitvSKDpse4cqyUUncdKQ\" target=\"_blank\" rel=\"noopener\">Ji\u0159\u00edho \u010cumpel\u00edka<\/a>, co\u017e je fyzioterapeut baletu N\u00e1rodn\u00edho divadla. Ji\u0159\u00ed je nejen u\u010ditel j\u00f3gy a&nbsp;\u0161pi\u010dkov\u00fd fyzioterapeut, ale tak\u00e9 b\u00fdval\u00fd baletn\u00ed tane\u010dn\u00edk, tak\u017ee je zvykl\u00fd sv\u00e9 t\u011blo velmi dob\u0159e ovl\u00e1dat a&nbsp;c\u00edtit. Kdy\u017e se v&nbsp;70.&nbsp;letech vr\u00e1til ze \u010dty\u0159let\u00e9 j\u00f3gov\u00e9 st\u00e1\u017ee v&nbsp;Indii, v\u011bd\u011bl toho tolik, \u017ee mu jeho bl\u00edzk\u00fd p\u0159\u00edtel docent V\u00e9le, zakladatel Pra\u017esk\u00e9 \u0161koly rehabilitace, kolega a&nbsp;vrstevn\u00edk profesora Vojty, doporu\u010dil vystudovat fyzioterapii, aby mohl oboru p\u0159in\u00e9st to, co v\u00ed. To Ji\u0159\u00ed skute\u010dn\u011b ud\u011blal a&nbsp;cel\u00fd \u017eivot pak pracoval na fyzioterapii baletu N\u00e1rodn\u00edho divadla. Zku\u0161enost z&nbsp;j\u00f3gy, baletu, ale p\u0159edev\u0161\u00edm dokonalou znalost kineziologie propojuje v&nbsp;celek, kter\u00fd mi naprosto vyhovuje.<\/p>\r\n<p><strong>Pan \u010cumpel\u00edk byl pro v\u00e1s tedy dal\u0161\u00ed zlomov\u00fd bod\u2026<\/strong><br \/>\r\nAno. Tomu, kdo nestudoval Vojt\u016fv princip, se s&nbsp;\u010dlov\u011bkem s&nbsp;DMO pracuje velmi t\u011b\u017eko. Nikdo jin\u00fd na celosv\u011btov\u00e9 rehabilita\u010dn\u00ed a&nbsp;neurologick\u00e9 sc\u00e9n\u011b se l\u00e9\u010dbou cerebel\u00e1rn\u00ed par\u00e9zy (DMO) nikdy nezab\u00fdval tak hluboce jako profesor Vojta. Zasv\u011btil pozorov\u00e1n\u00ed, diagnostice a&nbsp;terapii cel\u00fd sv\u016fj profesn\u00ed \u017eivot.<\/p>\r\n<p>Vojta je princip, zp\u016fsob v\u00fdkladu psychomotoriky. Profesor Vojta pozorov\u00e1n\u00edm a&nbsp;porovn\u00e1v\u00e1n\u00edm fyziologicky zdrav\u00fdch a&nbsp;posti\u017een\u00fdch kojenc\u016f zjistil a&nbsp;popsal, \u017ee d\u016fvodem, pro\u010d se d\u00edt\u011b h\u00fdbe, je jeho nutkav\u00e1 touha po pozn\u00e1n\u00ed \u2013 tedy \u017ee v\u016fbec nep\u0159em\u00fd\u0161l\u00ed, jak se h\u00fdbat, ale za \u010d\u00edm. Objasnil cel\u00fd psychomotorick\u00fd v\u00fdvoj a&nbsp;stanovil, jak, pokud je to t\u0159eba, d\u00edt\u011b v&nbsp;jeho fyziologick\u00e9m v\u00fdvoji podpo\u0159it \u2013 pustit v\u00fdvoj jen spr\u00e1vnou cestou a&nbsp;rozvoji poruchy zabr\u00e1nit d\u0159\u00edv, ne\u017e se stihne manifestovat.<\/p>\r\n<p>Ji\u0159\u00ed \u010cumpel\u00edk, kter\u00fd cel\u00fd Vojt\u016fv princip dokonale ch\u00e1pe, mi jako prvn\u00ed \u0159ekl: \u201eKdy\u017e chce\u0161 l\u00e9\u010dit mozek, mus\u00ed\u0161 mluvit jeho \u0159e\u010d\u00ed.\u201c Co\u017e v&nbsp;m\u00e9m p\u0159\u00edpad\u011b znamenalo \u0159e\u010d\u00ed po\u0161kozen\u00e9ho mozku. D\u00e1t mu takov\u00fd pokyn, aby mu rozum\u011bl a&nbsp;nemohl si to vylo\u017eit \u0161patn\u011b a&nbsp;aby v\u00fdsledek znamenal funk\u010dn\u00ed zm\u011bnu. D\u00e1m jednoduch\u00fd p\u0159\u00edklad: kdy\u017e se d\u00edt\u011bti s&nbsp;obrnou \u0159\u00edk\u00e1 \u201edej \u0161pi\u010dky od sebe, narovnej z\u00e1da a&nbsp;srovnej hlavu\u201c, \u0159\u00edk\u00e1 mu to zdrav\u00fd \u010dlov\u011bk. P\u0159edstava \u010dlov\u011bka se zdrav\u00fdm mozkem je toti\u017e takov\u00e1, \u017ee kdy\u017e sed\u00edm trochu shrben\u011b a&nbsp;narovn\u00e1m se, tak mi to pom\u016f\u017ee. \u010clov\u011bk s&nbsp;obrnou ale nesed\u00ed shrben\u011b, proto\u017ee si ulevuje, on sed\u00ed shrben\u011b, proto\u017ee mu nefunguje opora, jak by m\u011bla, a&nbsp;toto je jeho p\u0159edstava o&nbsp;ide\u00e1ln\u00ed poloze. M\u016f\u017ee si myslet, \u017ee se nap\u0159\u00edmil, a&nbsp;nebude to pravda. Moje sestra se m\u011b jednou zeptala, pro\u010d po\u0159\u00e1d nechod\u00edm norm\u00e1ln\u011b, kdy\u017e se mi to ob\u010das povede. Proto\u017ee to nen\u00ed v\u011bdom\u00e1 z\u00e1le\u017eitost, proto\u017ee m\u016fj \u0159\u00eddic\u00ed syst\u00e9m, software vys\u00edl\u00e1 patologii. A&nbsp;j\u00e1 ji v&nbsp;terapii mus\u00edm zru\u0161it.<\/p>\r\n<p>Vojta tedy \u0159\u00edk\u00e1, \u017ee d\u00edt\u011b se h\u00fdbe, proto\u017ee m\u00e1 nutkavou touhu po pozn\u00e1n\u00ed. Prvn\u00edm pohybem, kter\u00fd d\u00edt\u011b ud\u011bl\u00e1, je s\u00e1n\u00ed, m\u00e1 hlad, tak hled\u00e1 prso a&nbsp;p\u0159isaje se, pak oto\u010d\u00ed hlavu a&nbsp;pak to pokra\u010duje d\u00e1l. Tomu se \u0159\u00edk\u00e1 konkr\u00e9tn\u00ed my\u0161len\u00ed, tedy ideomotorika. Ne\u017e to ale ud\u011bl\u00e1, mus\u00ed z\u00edskat funk\u010dn\u00ed oporu ve v\u0161ech v\u00fdvojov\u00fdch poloh\u00e1ch a&nbsp;n\u011bjakou dobu v&nbsp;nich setrvat, ne\u017e nabude takovou svalovou s\u00edlu, aby mohl zaujmout dal\u0161\u00ed, vy\u0161\u0161\u00ed polohu \u2013 od prost\u00e9ho lehu na z\u00e1dech p\u0159es ot\u00e1\u010den\u00ed a\u017e po lezen\u00ed a&nbsp;ch\u016fzi po dvou. Praxe lid\u00ed, kte\u0159\u00ed neum\u011bj\u00ed Vojtu a&nbsp;sna\u017e\u00ed se pracovat s&nbsp;lidmi s&nbsp;DMO, je v&nbsp;drtiv\u00e9 v\u011bt\u0161in\u011b velmi kondi\u010dn\u00ed. V&nbsp;dobr\u00e9 v\u00ed\u0159e, \u017ee \u010d\u00edm v\u00edce budou pacienta nutit do kontroly pohybu a&nbsp;drilovat ho, t\u00edm sp\u00ed\u0161 se n\u011bco v&nbsp;mozku zm\u011bn\u00ed. A&nbsp;on na to mo\u017en\u00e1 zareaguje n\u00e1r\u016fstem svalov\u00e9 hmoty, v\u00fddr\u017e\u00ed, lep\u0161\u00ed rovnov\u00e1hou, ale nikdy to nen\u00ed trval\u00e1 zm\u011bna. Pro\u010d? P\u0159edstava o&nbsp;tom, co t\u011blo dok\u00e1\u017ee a&nbsp;co je k&nbsp;tomu pot\u0159eba, se v\u016fbec nezm\u011bnila. \u0158\u00edk\u00e1m p\u0159edstava, ale mysl\u00edm sp\u00ed\u0161 vztah k&nbsp;t\u011blu. Kdy\u017e m\u00e1 d\u00edt\u011b o&nbsp;t\u011ble p\u0159edstavu, \u017ee nem\u00e1 ruku a&nbsp;nepot\u0159ebuje ji pou\u017e\u00edt, a&nbsp;Vojta mu najednou, ani\u017e by tu\u0161ilo jak, tu ruku otev\u0159e, je to pro n\u011b \u0161ok. Ale takto se d\u00edt\u011b pomalu vzd\u00e1v\u00e1 patologick\u00e9 p\u0159edstavy.<\/p>\r\n<p><strong>Tak\u017ee je to vlastn\u011b p\u0159eprogramov\u00e1n\u00ed mozku.<\/strong><br \/>\r\nAno. Profesor Vojta tomu \u0159\u00edkal vyhodit v\u00fdhybku. To znamen\u00e1 nevracet se do m\u00edsta nehody. Nepustit v\u00fdvoj nebo pohyb patologickou cestou, ale nab\u00eddnout mu jinou. To, jak mozek s&nbsp;t\u011blem h\u00fdbe, z\u00e1vis\u00ed na tom, jak je schopen vyhodnocovat prost\u0159ed\u00ed, ve kter\u00e9m se nach\u00e1z\u00ed. M\u00e1 jedin\u00fd \u00fakol, udr\u017eet n\u00e1s vzp\u0159\u00edmen\u011b, a\u0165 u\u017e jakkoli. Obrna je v&nbsp;podstat\u011b neschopnost mozku zaujmout funk\u010dn\u00ed oporu. A&nbsp;tam, kde chyb\u00ed opora, se m\u011bn\u00ed svalov\u00fd tonus a&nbsp;blokuje vzp\u0159\u00edmen\u00ed. Kdy\u017e nejsem schopn\u00e1 v\u00e9st t\u011blo do funk\u010dn\u00ed opory v\u011bdom\u011b, mus\u00edm to ud\u011blat reflexn\u011b. Doktor \u010cumpel\u00edk m\u00e1 ten syst\u00e9m natolik propracovan\u00fd a&nbsp;j\u00e1 jsem natolik v\u011bdom\u011b schopn\u00e1 \u0159\u00eddit svoji mysl a&nbsp;t\u011blo, \u017ee jsme tu spole\u010dnou cestu na\u0161li. Jsme schopn\u00ed dos\u00e1hnout v&nbsp;podstat\u011b identick\u00e9 \u00falevy, jako bych cvi\u010dila Vojtu. T\u00edm jsem se zbavila z\u00e1vislosti na n\u011bkom dal\u0161\u00edm, co\u017e byla obrovsk\u00e1 \u00faleva a&nbsp;zlom.<\/p>\r\n<p>Na sc\u00e9n\u011b terapie DMO a&nbsp;Vojtovy metody se neust\u00e1le hled\u00e1 zp\u016fsob, jak zajistit, aby si i&nbsp;star\u0161\u00ed \u010dlov\u011bk p\u0159evzal zm\u011bnu do spont\u00e1nn\u00ed motoriky v&nbsp;takov\u00e9 m\u00ed\u0159e, v&nbsp;jak\u00e9 si ji p\u0159ebere miminko. A&nbsp;j\u00e1 si mysl\u00edm, \u017ee Ji\u0159\u00ed \u010cumpel\u00edk na to p\u0159i\u0161el. D\u016fvod je v&nbsp;mysli. Kdy\u017e si \u010dlov\u011bk zafixuje patologick\u00fd zp\u016fsob pohybov\u00e9 kontroly a&nbsp;p\u0159edstavy o&nbsp;n\u00ed, mus\u00edm s&nbsp;t\u00edm v&nbsp;terapii po\u010d\u00edtat, mus\u00edm mu uk\u00e1zat, jak s&nbsp;mozkem komunikovat, aby ho poslechl jinak ne\u017e patologicky. Nen\u00ed cesta p\u0159emlouvat \u010dlov\u011bka, kter\u00fd nedok\u00e1\u017ee otev\u0159\u00edt posti\u017eenou dla\u0148, aby to zkusil a&nbsp;je\u0161t\u011b v\u00edc se soust\u0159edil. Cesta je poskytnout mu oporu a&nbsp;soust\u0159edit jeho mysl jinak, vyv\u00e1zat ji z&nbsp;prim\u00e1rn\u00edho p\u0159esv\u011bd\u010den\u00ed, \u017ee to znovu nep\u016fjde. Je to, jako byste m\u011bla hybridn\u00ed telefon. Kdy\u017e vy na va\u0161em telefonu zm\u00e1\u010dknete 1, tak vyto\u010d\u00ed 1, ale m\u016fj bu\u010f nevyto\u010d\u00ed nic, nebo vyto\u010d\u00ed n\u011bco \u00fapln\u011b jin\u00e9ho. A&nbsp;j\u00e1 to mus\u00edm v\u011bd\u011bt a&nbsp;d\u00e1t mu takov\u00fd pokyn, aby vyto\u010dil to, co pot\u0159ebuju.<\/p>\r\n<p><strong>M\u00e1te zku\u0161enost s&nbsp;t\u00edm, jak v\u00e1s a&nbsp;va\u0161i praxi vn\u00edmaj\u00ed klasi\u010dt\u00ed l\u00e9ka\u0159i a&nbsp;fyzioterapeuti? Nevznikaj\u00ed tam t\u0159eba n\u011bjak\u00e9 t\u0159ec\u00ed plochy? <br \/>\r\n<\/strong>Dokud n\u011bkte\u0159\u00ed nepochopili, co vlastn\u011b d\u011bl\u00e1m, b\u00fdval to probl\u00e9m. P\u0159edev\u0161\u00edm proto, \u017ee polohy, ve kter\u00fdch s&nbsp;pacienty pracuji, jsou s&nbsp;Vojtou toto\u017en\u00e9, m\u011bli dojem, \u017ee si Vojtu upravuju k&nbsp;obrazu sv\u00e9mu. Ale to m\u00e1 funk\u010dn\u00ed d\u016fvod a&nbsp;ony v\u00fdchoz\u00ed polohy Vojtovi nepat\u0159\u00ed, jsou sou\u010d\u00e1st\u00ed psychomotorick\u00e9ho v\u00fdvoje. Ne n\u00e1hodou se ka\u017ed\u00e9 d\u00edt\u011b vyv\u00edj\u00ed stejn\u011b! Aby se v&nbsp;centr\u00e1ln\u00edm \u0159\u00edzen\u00ed motoriky mohlo n\u011bco zm\u011bnit, funk\u010dn\u00ed poloha je podm\u00ednkou jak u&nbsp;miminka, tak u&nbsp;dosp\u011bl\u00e9ho, a\u0165 u\u017e se na terapii aktivn\u011b pod\u00edl\u00ed, nebo ne. Vojtova metoda je uzav\u0159en\u00fd reflexn\u00ed syst\u00e9m, nelze do n\u011bj zasahovat. J\u00e1 ale pracuji p\u0159edev\u0161\u00edm s&nbsp;d\u011btmi, kter\u00e9 z&nbsp;r\u016fzn\u00fdch d\u016fvod\u016f Vojtu \u0161patn\u011b sn\u00e1\u0161ej\u00ed, v&nbsp;terapii nejdou dop\u0159edu, proto\u017ee zoufale pot\u0159ebuj\u00ed b\u00fdt do procesu l\u00e9\u010dby ment\u00e1ln\u011b zahrnuty. Nebo s&nbsp;dosp\u011bl\u00fdmi, kte\u0159\u00ed jsou schopni v\u00e9st si terapii sami. \u010casto pracujeme nad r\u00e1mec reflexn\u00ed terapie, ale to u\u017e nen\u00ed Vojta.<br \/>\r\n<br \/>\r\n<strong>To, co d\u011bl\u00e1te vy, je tedy v&nbsp;t\u00e9to f\u00e1zi u\u017e jedine\u010dn\u00e1 metoda, proto\u017ee spojujete vlastn\u011b n\u011bkolik p\u0159\u00edstup\u016f. Dalo by se \u0159\u00edct, \u017ee je to Pet\u0159ina j\u00f3ga. Pet\u0159ina metoda.<\/strong><br \/>\r\n(sm\u00edch) To mi \u0159\u00edkal pan doktor Severa: \u201eTak tomu bude\u0161 \u0159\u00edkat metoda Fridrichov\u00e1.\u201c J\u00f3gu, jak jsem ji p\u016fvodn\u011b studovala, kondi\u010dn\u011b, u\u017e ale dlouho ned\u011bl\u00e1m. J\u00f3ga tak, jak ji vykl\u00e1d\u00e1 t\u0159eba Ji\u0159\u00ed \u010cumpel\u00edk, je v&nbsp;podstat\u011b jen zp\u016fsob, jak funk\u010dn\u011b a&nbsp;dob\u0159e ob\u00fdvat sv\u00e9 t\u011blo. Jak\u00e9 mu d\u00e1vat podn\u011bty prost\u0159ednictv\u00edm mysli, aby reagovalo klidem v&nbsp;poloze a&nbsp;pohybu. A&nbsp;proto\u017ee cestu, jak z&nbsp;patologick\u00e9ho programu ven, objasnil profesor Vojta, musela jsem se nau\u010dit a&nbsp;pochopit i&nbsp;Vojtu. Vojt\u016fv princip plat\u00ed pro ka\u017ed\u00e9ho z&nbsp;n\u00e1s, pro v\u00e1s tak\u00e9. Tak\u017ee j\u00e1 jsem s&nbsp;ni\u010d\u00edm nov\u00fdm nep\u0159i\u0161la, j\u00e1 jen poslouch\u00e1m sv\u00e9 u\u010ditele.<\/p>\r\n<p><strong>M\u00e1m te\u010f ot\u00e1zku, na kterou jsem se cht\u011bla zeptat od za\u010d\u00e1tku: je va\u0161e jedine\u010dn\u00e1 metoda aplikovateln\u00e1 i&nbsp;na \u010dlov\u011bka bez handicapu?<\/strong><br \/>\r\nMysl\u00edm, \u017ee rozhodn\u011b. Ob\u010das nap\u0159\u00edklad cvi\u010d\u00edm i&nbsp;rodi\u010de, aby si proc\u00edtili, co se s&nbsp;jejich d\u00edt\u011btem d\u011bje, a&nbsp;d\u011blali to dob\u0159e. M\u016f\u017ee to na v\u00e1s p\u016fsobit stejn\u011b blahod\u00e1rn\u011b. Vy\u010dist\u00edte si hlavu, bude se v\u00e1m l\u00e9pe h\u00fdbat. Koneckonc\u016f ani Vojtova metoda se nevyu\u017e\u00edv\u00e1 jen u&nbsp;d\u011bt\u00ed s&nbsp;DMO, ale t\u0159eba taky u&nbsp;po\u00farazov\u00fdch stav\u016f, nebo kdy\u017e v\u00e1s bol\u00ed z\u00e1da.<\/p>\r\n<p><strong>J\u00e1 m\u00e1m vlastn\u00ed zku\u0161enost, \u017ee po letech, co cvi\u010d\u00edm j\u00f3gu, jsem si uv\u011bdomila, \u017ee nech\u00e1pu, jak v\u016fbec m\u016f\u017ee n\u011bkdo existovat bez n\u00ed. Najednou se ve sv\u00e9m t\u011ble c\u00edt\u00edte \u00fapln\u011b jinak a&nbsp;mnohem l\u00e9pe. I&nbsp;\u010dlov\u011bk, kter\u00fd je objektivn\u011b zdrav\u00fd, se m\u016f\u017ee c\u00edtit l\u00e9pe a&nbsp;je\u0161t\u011b l\u00e9pe.<\/strong><br \/>\r\nMy jako spole\u010dnost vlastn\u011b nem\u00e1me \u017e\u00e1dnou kulturu pohybu. Nejsme zvykl\u00ed se sv\u00fdm t\u011blem v\u011bdom\u011b pracovat, d\u011bl\u00e1me to, a\u017e kdy\u017e m\u00e1me n\u011bjak\u00fd probl\u00e9m. To je \u0161koda, proto\u017ee pr\u00e1ce s&nbsp;t\u011blem je pr\u00e1ce s&nbsp;emocemi a&nbsp;pro\u017e\u00edv\u00e1n\u00edm, a&nbsp;kdy\u017e to ned\u011bl\u00e1me, p\u0159ich\u00e1z\u00edme o&nbsp;spoustu v\u011bc\u00ed. Jsem daleko od toho m\u00edt n\u011bjakou svou metodu, ale je pravda, \u017ee profesor Vojta se o&nbsp;roli mysli v&nbsp;pohybu nijak nezaj\u00edmal. Nezahrnoval ji. Ve sv\u011btle toho ano, je jedine\u010dn\u00e9, \u017ee j\u00e1 si to dovol\u00edm \u2013 dodr\u017eet principy, na kter\u00fdch Vojta p\u0159i l\u00e9\u010db\u011b obrny trv\u00e1, a&nbsp;p\u0159itom aktivn\u011b zapojit mysl, to tu je\u0161t\u011b nebylo. (sm\u00edch)<\/p>\r\n<p><strong>Dalo by se \u0159\u00edct, kdy\u017e to budete generalizovat \u2013 co\u017e asi moc nejde \u2013 \u017ee d\u011bti, kter\u00e9 maj\u00ed handicap, maj\u00ed sou\u010dasn\u011b i&nbsp;n\u011bjakou v\u00fdhodu? V&nbsp;pohledu na\u0161\u00ed spole\u010dnosti handicap z\u016fstane handicapem, ale d\u00e1 se v&nbsp;n\u011bm vid\u011bt i&nbsp;n\u011bjak\u00fd dar?<\/strong><br \/>\r\nJe velmi o\u0161emetn\u00e9 tvrdit, \u017ee je to v\u00fdhoda. Nem\u016f\u017eu mluvit za v\u0161echny, ale mysl\u00edm, \u017ee kdy\u017e \u010dlov\u011bk chce, tak se z\u00a0toho d\u00e1 vz\u00edt i\u00a0to dobr\u00e9. Ale nen\u00ed to nic jednoduch\u00e9ho a\u00a0ned\u00e1 se to rozhodn\u011b \u00fapln\u011b oto\u010dit. Nen\u00ed to dobr\u00e9, nen\u00ed to v\u00a0po\u0159\u00e1dku. Mus\u00edm si do jist\u00e9 m\u00edry p\u0159iznat, \u017ee to nen\u00ed zrovna jednoduch\u00fd stav, mus\u00edm naj\u00edt rovnov\u00e1hu.<\/p>\r\n<p><strong>To je vlastn\u011b moje dal\u0161\u00ed ot\u00e1zka. Jakou roli hraje p\u0159ijet\u00ed st\u00e1vaj\u00edc\u00edho stavu? Pokud \u010dlov\u011bk nem\u00e1 p\u0159idru\u017een\u00e9 ment\u00e1ln\u00ed posti\u017een\u00ed a&nbsp;je schopen p\u0159em\u00fd\u0161let o&nbsp;tom, co se mu d\u011bje, mus\u00ed nejsp\u00ed\u0161 doj\u00edt do bodu, kdy sv\u016fj handicap pln\u011b p\u0159ijme. Proto\u017ee pokud by proti n\u011bmu bojoval, byl by to probl\u00e9m nav\u00edc.<\/strong><br \/>\r\nOt\u00e1zka je, co znamen\u00e1 p\u0159ijmout. J\u00e1 jsem t\u0159eba velmi dlouho ch\u00e1pala p\u0159ijet\u00ed jako stav, kdy se o&nbsp;sebe nebudu starat a&nbsp;nech\u00e1m t\u011blo tak, jak je, proto\u017ee na tom mohlo b\u00fdt mnohem h\u016f\u0159. Ale p\u0159ijmout pro m\u011b v&nbsp;tuhle chv\u00edli znamen\u00e1, \u017ee p\u0159ijmu svoje omezen\u00e9 mo\u017enosti, \u017ee si t\u0159eba \u0159eknu o&nbsp;pomoc, kdy\u017e to pot\u0159ebuju, nebo \u017ee m\u00e1m omezen\u00fd po\u010det klient\u016f, kter\u00e9 m\u016f\u017eu cvi\u010dit za den. Tak\u00e9 to, \u017ee sama pot\u0159ebuji ur\u010dit\u00fd zp\u016fsob p\u00e9\u010de, terapie.<\/p>\r\n<p><strong>Nen\u00ed to ale pasivn\u00ed p\u0159ijet\u00ed, sp\u00ed\u0161 by se dalo \u0159\u00edct aktivn\u00ed p\u0159ijet\u00ed\u2026<\/strong><br \/>\r\nTo \u0159\u00edk\u00e1m v\u017edycky na za\u010d\u00e1tku rodi\u010d\u016fm. Spousta rodi\u010d\u016f v\u011b\u0159\u00ed tomu \u2013 a&nbsp;potvrzuje jim to mnoho pseudoodborn\u00edk\u016f \u2013, \u017ee z&nbsp;toho d\u00edt\u011b vysekaj\u00ed, \u017ee ho postav\u00ed na nohy. Ale co kdy\u017e ne? Pro v\u011bt\u0161inu rodi\u010d\u016f je velmi t\u011b\u017ek\u00e9 vnit\u0159n\u011b p\u0159ijmout skute\u010dnost, \u017ee t\u011b\u017ece posti\u017een\u00e9 d\u00edt\u011b pot\u0159ebuje vysoce kvalitn\u00ed p\u00e9\u010di, tedy zrovna pr\u00e1v\u011b Vojtu n\u011bkolikr\u00e1t denn\u011b a&nbsp;z&nbsp;jejich rukou, nikoli proto, aby naplnilo jejich p\u0159edstavy, ale aby mu bylo dob\u0159e a&nbsp;bezpe\u010dn\u011b. Je mysl\u00edm kl\u00ed\u010dov\u00e9, abychom si v\u0161t\u00edpili p\u00e9\u010di o&nbsp;sebe i&nbsp;o&nbsp;sv\u00e9 d\u011bti z&nbsp;principu l\u00e1sky a&nbsp;pokory, nikoli zisku.<\/p>\r\n<p>Jsem \u0161\u0165astn\u00e1, \u017ee jsem nemusela \u0159e\u0161it, jestli si m\u016f\u017eu dovolit m\u00edt d\u011bti, jestli dok\u00e1\u017eu b\u00fdt nez\u00e1visl\u00e1. Nemusela jsem se vzd\u00e1t \u017e\u00e1dn\u00e9ho sv\u00e9ho snu, ale tak\u00e9 jsem si musela uv\u011bdomit, \u017ee i&nbsp;k&nbsp;obrn\u011b mus\u00edm zaujmout aktivn\u00ed postoj. M\u016f\u017eu si vybrat na ni nereagovat, ale mus\u00edm v\u011bd\u011bt, \u017ee se mi to t\u0159eba za 20 let vymst\u00ed. \u017divot s&nbsp;obrnou je prost\u011b celo\u017eivotn\u00ed terapie, te\u010dka. A&nbsp;to je velmi n\u00e1ro\u010dn\u00e9 vysv\u011btlit t\u0159eba pr\u00e1v\u011b rodi\u010d\u016fm. Vy\u017eaduje to vlastn\u011b mnoho pokory. Ka\u017ed\u00fd \u010dlov\u011bk m\u00e1 jin\u00e9 n\u00e1roky na \u0161t\u011bst\u00ed a&nbsp;spokojenost, ale nemysl\u00edm si, \u017ee je spr\u00e1vn\u00e9 uzav\u00edrat to do \u0161katulky \u201evyhr\u00e1l jsem nad obrnou\u201c, \u201esm\u00ed\u0159il jsem se a&nbsp;vzdal\u201c nebo naopak \u201enikdy se nevzd\u00e1m a&nbsp;obrnu nep\u0159ijmu\u201c. To nen\u00ed spr\u00e1vn\u00e9. To, \u017ee se n\u011b\u010deho vzd\u00e1m, neznamen\u00e1, \u017ee nem\u016f\u017eu z\u00edskat n\u011bco jin\u00e9ho. Ale mysl se velmi t\u011b\u017eko nastavuje t\u00edmhle sm\u011brem, kdy\u017e jsme ze spole\u010dnosti, kter\u00e1 je zat\u00ed\u017een\u00e1 na v\u00fdkon a&nbsp;na normu\u2026 a&nbsp;obrna jaksi nen\u00ed spole\u010densky p\u0159ijateln\u00e1 norma.<\/p>\r\n<p><strong>Zn\u00e1te Feldenkraisovu metodu?<\/strong><br \/>\r\nZn\u00e1m. Dokonce jsem uva\u017eovala o&nbsp;studiu t\u00e9to techniky, ale v&nbsp;t\u00e9 dob\u011b jsem potkala Ji\u0159\u00edho \u010cumpel\u00edka a&nbsp;pochopila, jak obt\u00ed\u017en\u00e9 by pro mne jej\u00ed studium bylo. Zd\u00e1lo by se, \u017ee technika, kter\u00e1 pracuje s&nbsp;p\u0159edstavou a&nbsp;pro\u017e\u00edv\u00e1n\u00edm t\u011bla, by pro mne byla snesiteln\u00e1, jen\u017ee jako \u010dlov\u011bk, jeho\u017e mozek je permanentn\u011b p\u0159esv\u011bd\u010den o&nbsp;tom, \u017ee patologick\u00fd vzorec pohybu je ten jedin\u00fd bezpe\u010dn\u00fd, nedok\u00e1\u017eu sv\u00e9 t\u011blo vn\u00edmat abstraktn\u011b. V\u011bdom\u00e9 \u0159\u00edzen\u00ed pohybu mus\u00ed pro mne m\u00edt pevn\u00fd z\u00e1klad, tedy Vojtu. Vojta je jedin\u00e1 terapie, kter\u00e1 se p\u0159\u00edmo vztahuje k&nbsp;psychomotorick\u00e9mu v\u00fdvoji. Zat\u00edmco Feldenkrais, stejn\u011b jako jin\u00e9 zn\u00e1m\u00e9 techniky pohybov\u00e9 terapie a&nbsp;p\u0159ev\u00fdchovy, m\u00e1 za sebou p\u0159\u00edb\u011bh \u2013 p\u0159\u00edb\u011bh \u010dlov\u011bka se specifickou pohybovou zku\u0161enost\u00ed, kter\u00e1 ale byla na m\u00edle vzd\u00e1len\u00e1 t\u00e9 m\u00e9 patologick\u00e9.<\/p>\r\n<p><strong>Feldenkrais je o&nbsp;pozorov\u00e1n\u00ed t\u011bla, tak\u017ee by \u010dlov\u011bk asi vlastn\u011b z\u016fst\u00e1val v\u00a0patologii.<\/strong><br \/>\r\nTerapeut se samoz\u0159ejm\u011b sna\u017e\u00ed \u010dlov\u011bka z&nbsp;patologie vyv\u00e9st. Probl\u00e9m ale je, \u017ee j\u00e1 jako \u010dlov\u011bk s&nbsp;obrnou nedok\u00e1\u017eu dostate\u010dn\u011b vn\u00edmat, jak\u00fdm zp\u016fsobem jsem pod veden\u00edm n\u011bkoho jin\u00e9ho tu patologii opustila. A&nbsp;kdy\u017e nev\u00edm, co je pot\u0159eba k&nbsp;tomu, abych mohla patologii opustit, z\u00e1konit\u011b se do n\u00ed budu vracet. Abych si mohla dovolit po \u010dlov\u011bku s&nbsp;obrnou cht\u00edt v\u011bdom\u011b a&nbsp;trvale zm\u011bnit zp\u016fsob, jak se h\u00fdbe, musela bych mu dokonale vysv\u011btlit syst\u00e9m vzp\u0159\u00edmen\u00ed a&nbsp;zp\u016fsob, jak ho vyvolat, a&nbsp;z\u00e1rove\u0148 ho nau\u010dit, jak poznat, \u017ee se mu to neda\u0159\u00ed.<\/p>\r\n<p>S n\u011bkter\u00fdmi lidmi, kte\u0159\u00ed Feldenkraisovu metodu u\u010d\u00ed, se \u010dasto dost\u00e1v\u00e1me do st\u0159etu, proto\u017ee nech\u00e1pou, \u017ee p\u0159edstava nemocn\u00e9ho \u010dlov\u011bka je tak zasa\u017een\u00e1, \u017ee sice m\u016f\u017ee do\u010dasn\u011b reagovat nebo se nau\u010dit techniky, jak si ulevit, ale je ot\u00e1zkou, jestli to nebude za cenu kompenzace n\u011bkde jinde. To patologick\u00e9 pro\u017e\u00edv\u00e1n\u00ed a&nbsp;kompenzace nemus\u00ed b\u00fdt v\u016fbec vid\u011bt, probl\u00e9m m\u016f\u017ee b\u00fdt t\u0159eba jen v&nbsp;tom, \u017ee j\u00e1 si vnit\u0159n\u011b v\u016fbec neodpo\u010dinu, po\u0159\u00e1d to pro m\u011b bude z\u00e1t\u011b\u017e, nep\u0159inese mi to takov\u00e9 uvoln\u011bn\u00ed jako v\u00e1m, \u00falevu, roz\u0161\u00ed\u0159en\u00ed v\u011bdom\u00ed. Feldenkrais je \u00fa\u017easn\u00e1 metoda, ale i&nbsp;nad\u00e1le plat\u00ed, \u017ee klid mysli a&nbsp;vyv\u00e1z\u00e1n\u00ed se z&nbsp;patologie v&nbsp;pln\u00e9m rozsahu p\u0159inese \u010dlov\u011bku jen dob\u0159e veden\u00e1 Vojtova terapie. Bylo by skv\u011bl\u00e9, kdyby se ty dva p\u0159\u00edstupy se\u0161ly na p\u016fli cesty, ale Vojtu z&nbsp;terapie DMO nelze nikdy vylou\u010dit. Ne, kdy\u017e tu pr\u00e1ci chci d\u011blat stoprocentn\u011b.<\/p>\r\n<p><strong>Zd\u00e1 se mi, \u017ee by st\u00e1lo za to zalo\u017eit v\u011bdn\u00ed obor, proto\u017ee to, o&nbsp;\u010dem se tady bav\u00edme, jsou skoro a\u017e v\u011bdeck\u00e9 z\u00e1le\u017eitosti a\u00a0je tam p\u0159\u00edtomn\u00e9 neust\u00e1l\u00e9 b\u00e1d\u00e1n\u00ed.<\/strong><br \/>\r\nAno, to je p\u0159esn\u011b to, co d\u011blal profesor Vojta. Netvo\u0159il si z\u00e1v\u011bry na z\u00e1klad\u011b vlastn\u00edch preferenc\u00ed, vlastn\u00edho pro\u017eitku. Pozoroval, zkoumal a&nbsp;vyvozoval. Kdy\u017e se vy jako \u010dlov\u011bk se zdrav\u00fdm mozkem budete rozhodovat, jestli sv\u00e9mu t\u011blu d\u00e1te pot\u0159ebnou p\u00e9\u010di skrz j\u00f3gu, tai-\u010di, nebo Feldenkraisovu metodu, bude fungovat ta, ve kter\u00e9 se budete c\u00edtit dob\u0159e. Ale \u010dlov\u011bk s&nbsp;obrnou nem\u00e1 na v\u00fdb\u011br. Kdy\u017e ho nech\u00e1te pohnout se \u0161patn\u011b a&nbsp;teprve pak ho opravujete, tak je to, jako byste vypustili pilota do vzduchu, kdy\u017e m\u00e1 v&nbsp;krvi 3 promile, a&nbsp;pak na n\u011bj ve vzduchu \u0159vali, \u017ee nelet\u00edme do Kalkaty, ale do Lond\u00fdna. J\u00e1 ho nem\u016f\u017eu dirigovat ve vzduchu. J\u00e1 se mus\u00edm ujistit na zemi, ne\u017e se za\u010dne h\u00fdbat, \u017ee ch\u00e1pe, \u017ee let\u00edme do Lond\u00fdna. T\u00edm, jak se u&nbsp;Vojty brzd\u00ed odpov\u011b\u010f d\u00edt\u011bte na reflexn\u00ed stimulaci a&nbsp;br\u00e1n\u00ed se mu v&nbsp;pohybu, jeho mozek neust\u00e1le hled\u00e1 spr\u00e1vnou, zdravou cestu. Zamezuje se tomu, aby se d\u00edt\u011b pohnulo v&nbsp;patologii. Proto docent V\u00e9le \u0159\u00edkal, \u017ee je to objev na Nobelovu cenu, a\u00a0j\u00e1 s\u00a0n\u00edm souhlas\u00edm.<br \/>\r\n<br \/>\r\n<strong>Je\u0161t\u011b m\u011b zaj\u00edm\u00e1 intenzita va\u0161\u00ed pr\u00e1ce. Jak \u010dasto k\u00a0v\u00e1m mus\u00ed pacienti chodit?<\/strong><br \/>\r\nV\u0161ichni moji pacienti poctiv\u011b cvi\u010d\u00ed doma. Na terapii ke mn\u011b doch\u00e1zej\u00ed minim\u00e1ln\u011b jednou a\u017e dvakr\u00e1t t\u00fddn\u011b. Ti, kte\u0159\u00ed p\u0159ij\u00ed\u017ed\u011bj\u00ed z&nbsp;daleka, jezd\u00ed na pravideln\u00e9 n\u011bkolikat\u00fddenn\u00ed terapie. A&nbsp;tam, kde bojujeme s&nbsp;\u010dasem, pracujeme intenzivn\u011b i&nbsp;nad r\u00e1mec pravideln\u00fdch terapi\u00ed. Tento t\u00fdden m\u00e1m t\u0159eba miminko s&nbsp;t\u011b\u017ekou kvadrupar\u00e9zou (\u010d\u00e1ste\u010dn\u00e9 ochrnut\u00ed v\u0161ech \u010dty\u0159 kon\u010detin, pozn. red.), kter\u00e9 cvi\u010d\u00edm u\u017e t\u00fdden v&nbsp;kuse ka\u017ed\u00e9 r\u00e1no j\u00e1 a&nbsp;t\u0159ikr\u00e1t denn\u011b je\u0161t\u011b maminka \u2013 a&nbsp;ka\u017ed\u00fd t\u00fdden chod\u00ed minim\u00e1ln\u011b jednou na kontrolu.<\/p>\r\n<p><strong>A jak je to s&nbsp;financov\u00e1n\u00edm? Hrad\u00ed va\u0161e slu\u017eby poji\u0161\u0165ovna?<\/strong><br \/>\r\nBohu\u017eel, moji pacienti jsou samopl\u00e1tci. M\u00e1me ale \u0161t\u011bst\u00ed \u2013 spoust\u011b z&nbsp;nich pom\u00e1haj\u00ed nadace, kter\u00e9 mne velmi dob\u0159e znaj\u00ed, a&nbsp;z\u00edskat jejich pomoc nen\u00ed t\u011b\u017ek\u00e9. V\u00fdborn\u011b tak\u00e9 funguje Letensk\u00e1 parta, kde se nejednou na\u0161lo mnoho lid\u00ed, kte\u0159\u00ed prost\u0159ednictv\u00edm r\u016fzn\u00fdch sb\u00edrek p\u0159isp\u011bli m\u00fdm klientsk\u00fdm d\u011btem na terapie.<\/p>\r\n<p><strong>Vyb\u00edrala jste si pro svou praxi z\u00e1m\u011brn\u011b Hole\u0161ovice? Nebo to byla n\u00e1hoda a&nbsp;a\u017e pozd\u011bji se uk\u00e1zalo, \u017ee tady lid\u00e9 funguj\u00ed komunitn\u011b?<\/strong><br \/>\r\nTa komunitn\u00ed pospolitost se uk\u00e1zala a\u017e pozd\u011bji. J\u00e1 jsem se do t\u00e9 doby i&nbsp;kv\u016fli klient\u016fm pohybovala neust\u00e1le mezi Prahou 7 a&nbsp;9, proto\u017ee ta byla pro v\u011bt\u0161inu klient\u016f dob\u0159e dostupn\u00e1. P\u0159edloni jsem p\u0159es Letenskou partu hledala ubytov\u00e1n\u00ed a&nbsp;ozval se mi majitel s\u00e1m. Na zdej\u0161\u00ed komunitu, nezi\u0161tnou p\u00e9\u010di o&nbsp;sebe navz\u00e1jem si opravdu nemohu st\u011b\u017eovat. U\u017e n\u011bkolikr\u00e1t mi t\u0159eba n\u011bkdo \u00fapln\u011b ciz\u00ed donesl l\u00e9ky na migr\u00e9nu. (sm\u00edch) \u017dije a&nbsp;pracuje se mi tu velmi p\u0159\u00edjemn\u011b.<\/p>\r\n<hr \/>\r\n<p><strong>Petra Fridrichov\u00e1<\/strong> (*1995) se zab\u00fdv\u00e1 psychomotorikou a&nbsp;terapi\u00ed mysli a&nbsp;t\u011bla d\u011bt\u00ed, dosp\u00edvaj\u00edc\u00edch a&nbsp;dosp\u011bl\u00fdch s&nbsp;hybn\u00fdmi \u010di kombinovan\u00fdmi poruchami. Od \u00fatl\u00e9ho d\u011btstv\u00ed v\u011bd\u011bla, \u017ee se chce v&nbsp;\u017eivot\u011b v\u011bnovat pohybu, rehabilitaci a&nbsp;d\u011btem, mezi kter\u00e9 sama pat\u0159ila. Jako prvn\u00ed \u010ce\u0161ka studovala certifikovan\u00fd program Yoga for the Special Child (Sonia Sumar, USA), od roku 2017 si buduje vlastn\u00ed klientelu ve sv\u00fdch prostor\u00e1ch v&nbsp;Praze. Hlavn\u00ed n\u00e1pln\u00ed jej\u00ed praxe je terapie osob se spastickou cerebel\u00e1rn\u00ed par\u00e9zou, a\u0165 u\u017e formou self-trainingu, podp\u016frn\u00e9 terapie p\u0159i Vojtov\u011b metod\u011b nebo ment\u00e1ln\u00ed stimulace. P\u0159edn\u00e1\u0161\u00ed v&nbsp;odborn\u00fdch kruz\u00edch a&nbsp;na sv\u00fdch semin\u00e1\u0159\u00edch u\u010d\u00ed rodi\u010de i&nbsp;odborn\u00edky jin\u00e9mu pohledu na psychomotoriku a&nbsp;funk\u010dn\u00ed komunikaci v&nbsp;terapii. Dlouhodob\u011b se zab\u00fdv\u00e1 psychologi\u00ed Vojtovy terapie, vede iniciativu D\u011bti V\u00e1clava Vojty.<br \/>\r\n<br \/>\r\n<img loading=\"lazy\" src=\"https:\/\/www.praha7.cz\/wp-content\/uploads\/2023\/05\/1F2A7644-299x400.jpg\" alt=\"\" width=\"299\" height=\"400\" class=\"alignnone size-medium wp-image-67020\" srcset=\"https:\/\/www.praha7.cz\/wp-content\/uploads\/2023\/05\/1F2A7644-299x400.jpg 299w, https:\/\/www.praha7.cz\/wp-content\/uploads\/2023\/05\/1F2A7644-749x1000.jpg 749w, https:\/\/www.praha7.cz\/wp-content\/uploads\/2023\/05\/1F2A7644.jpg 759w\" sizes=\"(max-width: 299px) 100vw, 299px\" \/> <br \/>\r\n<br \/>\r\n<a href=\"http:\/\/www.petraspecialyoga.cz\" target=\"_blank\" rel=\"noopener\">www.petraspecialyoga.cz<\/a><br \/>\r\n<a href=\"https:\/\/www.detivaclavavojty.cz\/\">www.detivaclavavojty.cz<\/a><\/p>","protected":false},"excerpt":{"rendered":"[perex] Petra Fridrichov\u00e1 v&nbsp;Hole\u0161ovic\u00edch ji\u017e p\u0159es osm let provozuje vlastn\u00ed praxi, v&nbsp;n\u00ed\u017e se zam\u011b\u0159uje na pohybovou terapii d\u011bt\u00ed i&nbsp;dosp\u011bl\u00fdch s&nbsp;t\u011b\u017ek\u00fdmi hybn\u00fdmi poruchami, p\u0159edev\u0161\u00edm spastickou cerebel\u00e1rn\u00ed par\u00e9zou, zn\u00e1mou t\u00e9\u017e pod n\u00e1zvem d\u011btsk\u00e1 mozkov\u00e1 obrna (DMO). Sama navzdory tomuto onemocn\u011bn\u00ed vede d\u00edky pravideln\u00fdm terapi\u00edm plnohodnotn\u00fd, samostatn\u00fd \u017eivot a&nbsp;sv\u00e9 poznatky uplat\u0148uje v&nbsp;pomoci lidem, kter\u00e9 postihl podobn\u00fd osud. Jej\u00ed [&hellip;]","protected":false},"author":292,"featured_media":67019,"comment_status":"closed","ping_status":"open","sticky":false,"template":"","format":"standard","meta":[],"categories":[37],"tags":[],"_links":{"self":[{"href":"https:\/\/www.praha7.cz\/api\/wp\/v2\/posts\/67014"}],"collection":[{"href":"https:\/\/www.praha7.cz\/api\/wp\/v2\/posts"}],"about":[{"href":"https:\/\/www.praha7.cz\/api\/wp\/v2\/types\/post"}],"author":[{"embeddable":true,"href":"https:\/\/www.praha7.cz\/api\/wp\/v2\/users\/292"}],"replies":[{"embeddable":true,"href":"https:\/\/www.praha7.cz\/api\/wp\/v2\/comments?post=67014"}],"version-history":[{"count":12,"href":"https:\/\/www.praha7.cz\/api\/wp\/v2\/posts\/67014\/revisions"}],"predecessor-version":[{"id":67343,"href":"https:\/\/www.praha7.cz\/api\/wp\/v2\/posts\/67014\/revisions\/67343"}],"wp:featuredmedia":[{"embeddable":true,"href":"https:\/\/www.praha7.cz\/api\/wp\/v2\/media\/67019"}],"wp:attachment":[{"href":"https:\/\/www.praha7.cz\/api\/wp\/v2\/media?parent=67014"}],"wp:term":[{"taxonomy":"category","embeddable":true,"href":"https:\/\/www.praha7.cz\/api\/wp\/v2\/categories?post=67014"},{"taxonomy":"post_tag","embeddable":true,"href":"https:\/\/www.praha7.cz\/api\/wp\/v2\/tags?post=67014"}],"curies":[{"name":"wp","href":"https:\/\/api.w.org\/{rel}","templated":true}]}}