    
{"id":66799,"date":"2023-05-18T09:28:13","date_gmt":"2023-05-18T07:28:13","guid":{"rendered":"https:\/\/www.praha7.cz\/?p=66799"},"modified":"2024-01-22T15:19:37","modified_gmt":"2024-01-22T14:19:37","slug":"pozvanka-na-4-radne-jednani-zastupitelstva-mc-praha-7","status":"publish","type":"post","link":"https:\/\/www.praha7.cz\/pozvanka-na-4-radne-jednani-zastupitelstva-mc-praha-7\/","title":{"rendered":"Pozv\u00e1nka na 4.&nbsp;\u0159\u00e1dn\u00e9 jedn\u00e1n\u00ed Zastupitelstva M\u010c Praha&nbsp;7"},"content":{"rendered":"<p style=\"text-align: justify;\">[perex]<\/p>\r\n<p style=\"text-align: justify;\">4.&nbsp;\u0159\u00e1dn\u00e9 jedn\u00e1n\u00ed Zastupitelstva M\u010c Praha&nbsp;7 se kon\u00e1 v&nbsp;pond\u011bl\u00ed 29.&nbsp;kv\u011btna 2023 od 17.00 hodin.<\/p>\r\n<p style=\"text-align: justify;\">P\u0159enos jedn\u00e1n\u00ed m\u016f\u017eete sledovat\u00a0<a href=\"https:\/\/youtube.com\/live\/FZGcnR2tBHc?feature=share\">ZDE<\/a>.\u00a0<\/p>\r\n<p>Materi\u00e1ly k&nbsp;4.&nbsp;\u0159\u00e1dn\u00e9mu zased\u00e1n\u00ed Zastupitelstva M\u010c Praha&nbsp;7 najdete <a href=\"https:\/\/usneseni.praha7.cz\/usneseni\/jednani\/105\" target=\"_blank\" rel=\"noopener\">ZDE<\/a>.<\/p>\r\n<p style=\"text-align: justify;\">[\/perex]<\/p>\r\n<p style=\"text-align: justify;\"><strong>Program 4.&nbsp;\u0159\u00e1dn\u00e9ho jedn\u00e1n\u00ed Zastupitelstva M\u010c Praha&nbsp;7\u00a0<\/strong><\/p>\r\n<ul>\r\n\t<li>Pravideln\u00fd bod programu za\u0159azen\u00fd za bod \u010d. 2 \u2013 Dotazy a&nbsp;p\u0159ipom\u00ednky ob\u010dan\u016f 1<\/li>\r\n\t<li>Pravideln\u00fd bod programu za\u0159azen\u00fd pevn\u011b na 18 hodinu \u2013 Dotazy a\u00a0p\u0159ipom\u00ednky ob\u010dan\u016f 2\u00a0<\/li>\r\n<\/ul>\r\n<p style=\"text-align: justify;\"><strong>1.\u00a0<\/strong> Zah\u00e1jen\u00ed &#8211; schv\u00e1len\u00ed programu<\/p>\r\n<p style=\"text-align: justify;\"><strong>2.<\/strong>\u00a0 Volba n\u00e1vrhov\u00e9ho a&nbsp;volebn\u00edho v\u00fdboru Z&nbsp;M\u010c P7<\/p>\r\n<p style=\"text-align: justify;\"><strong>3.\u00a0<\/strong> N\u00c1VRH k&nbsp;volb\u011b p\u0159\u00edsed\u00edc\u00edch Obvodn\u00edho soudu pro Prahu 7<\/p>\r\n<p style=\"text-align: justify;\"><strong>4.\u00a0<\/strong> N\u00c1VRH k&nbsp;bez\u00faplatn\u00e9mu p\u0159evodu hmotn\u00e9ho majetku M\u010c Praha&nbsp;7 do majetku p\u0159\u00edsp\u011bvkov\u00e9 organizace Fakultn\u00ed z\u00e1kladn\u00ed \u0161koly PedF UK a&nbsp;Mate\u0159sk\u00e9 \u0161koly U&nbsp;Stud\u00e1nky na z\u00e1klad\u011b n\u00e1vrhu Likvida\u010dn\u00ed komise Rady M\u010c Praha&nbsp;7<\/p>\r\n<p style=\"text-align: justify;\"><strong>5.<\/strong>\u00a0 N\u00c1VRH ke smlouv\u011b o&nbsp;smlouv\u011b budouc\u00ed darovac\u00ed v&nbsp;n\u00e1vaznosti na z\u00e1m\u011br vybudov\u00e1n\u00ed nov\u00e9 p\u0159\u00edstupov\u00e9 cesty (dl\u00e1\u017ed\u011bn\u00e9ho chodn\u00edku) k&nbsp;objektu Dukelsk\u00fdch hrdin\u016f 848\/17 p\u0159es pozemek M\u010c Praha&nbsp;7 parc. \u010d. 2074\/1, v&nbsp;k.\u00fa. Hole\u0161ovice, park mezi ulicemi Dukelsk\u00fdch hrdin\u016f \/ Skaleck\u00e1 \/ Kosteln\u00ed<\/p>\r\n<p style=\"text-align: justify;\"><strong>6.\u00a0 <\/strong>N\u00c1VRH k&nbsp;darovac\u00ed smlouv\u011b mezi M\u010c Praha&nbsp;7 a&nbsp;Bratrskou \u0161kolou &#8211; c\u00edrkevn\u00ed z\u00e1kladn\u00ed \u0161kolou, se s\u00eddlem Rajsk\u00e1 300\/3, 170&nbsp;00 Praha&nbsp;7 &#8211; Hole\u0161ovice, I\u010cO: 48546119, na finan\u010dn\u00ed dar ve v\u00fd\u0161i 229&nbsp;000&nbsp;K\u010d na zabezpe\u010den\u00ed vzd\u011bl\u00e1v\u00e1n\u00ed pro 55 d\u011bt\u00ed s&nbsp;trval\u00fdm pobytem v&nbsp;Praze 7 ve \u0161koln\u00edm roce 2022\/2023<\/p>\r\n<p style=\"text-align: justify;\"><strong>7.\u00a0 <\/strong>INFORMACE o&nbsp;stavu rozvoje VR\u00da Bubny \u2013 Z\u00e1tory\u00a0<\/p>\r\n<p style=\"text-align: justify;\"><strong>8.\u00a0<\/strong> INFORMACE k&nbsp;v\u00fdsledk\u016fm hospoda\u0159en\u00ed a&nbsp;\u00fa\u010detn\u00ed z\u00e1v\u011brce spole\u010dnosti 7U s.r.o. za rok 2022, v\u010detn\u011b rozd\u011blen\u00ed zisku a&nbsp;z\u00e1m\u011bru n\u00e1kupu nov\u00e9ho valn\u00edku<\/p>\r\n<p style=\"text-align: justify;\"><strong>9.\u00a0 <\/strong>INFORMACE o&nbsp;\u010dinnosti Rady M\u010c Praha&nbsp;7 a&nbsp;pln\u011bn\u00ed \u00fakol\u016f ulo\u017een\u00fdch Rad\u011b M\u010c Praha&nbsp;7 Zastupitelstvem\u00a0 M\u010c Praha&nbsp;7 v\u00a0obdob\u00ed mezi 3.&nbsp;a&nbsp;4.&nbsp;jedn\u00e1n\u00edm Zastupitelstva M\u010c Praha&nbsp;7 v\u00a0roce 2023<\/p>\r\n<p style=\"text-align: justify;\"><strong>10.<\/strong> INFORMACE o&nbsp;\u010dinnosti Kontroln\u00edho v\u00fdboru Zastupitelstva M\u010c Praha&nbsp;7 v&nbsp;obdob\u00ed mezi 3.&nbsp;a&nbsp;4.&nbsp;zased\u00e1n\u00edm Zastupitelstva M\u010c Praha&nbsp;7 v\u00a0roce 2023<\/p>\r\n<p style=\"text-align: justify;\"><strong>11.<\/strong> INFORMACE o&nbsp;\u010dinnosti Finan\u010dn\u00edho v\u00fdboru Zastupitelstva M\u010c Praha&nbsp;7 v\u00a0obdob\u00ed mezi 3.&nbsp;a&nbsp;4.&nbsp;zased\u00e1n\u00edm Zastupitelstva M\u010c Praha&nbsp;7 v\u00a0roce 2023<\/p>\r\n<p style=\"text-align: justify;\"><strong>12.<\/strong> INFORMACE o&nbsp;\u010dinnosti V\u00fdboru pro vzd\u011bl\u00e1v\u00e1n\u00ed, soci\u00e1ln\u00ed politiku a&nbsp;zdravotnictv\u00ed Zastupitelstva M\u010c Praha&nbsp;7 v\u00a0obdob\u00ed mezi 3.&nbsp;a&nbsp;4.&nbsp;zased\u00e1n\u00edm Zastupitelstva M\u010c Praha&nbsp;7 v\u00a0roce 2023<\/p>\r\n<p style=\"text-align: justify;\"><strong>13.<\/strong> Dopisy, adresovan\u00e9 Z\u00a0M\u010c P7<\/p>\r\n<p style=\"text-align: justify;\"><strong>14.<\/strong> R\u016fzn\u00e9<\/p>\r\n<p style=\"text-align: justify;\"><strong>15.<\/strong> Z\u00e1v\u011br\u00a0\u00a0\u00a0\u00a0\u00a0\u00a0\u00a0<\/p>\r\n<p style=\"text-align: justify;\">Mgr. Jan \u010ci\u017einsk\u00fd<br \/>\r\nstarosta m\u011bstsk\u00e9 \u010d\u00e1sti Praha&nbsp;7<\/p>","protected":false},"excerpt":{"rendered":"[perex] 4.&nbsp;\u0159\u00e1dn\u00e9 jedn\u00e1n\u00ed Zastupitelstva M\u010c Praha&nbsp;7 se kon\u00e1 v&nbsp;pond\u011bl\u00ed 29.&nbsp;kv\u011btna 2023 od 17.00 hodin. P\u0159enos jedn\u00e1n\u00ed m\u016f\u017eete sledovat\u00a0ZDE.\u00a0 Materi\u00e1ly k&nbsp;4.&nbsp;\u0159\u00e1dn\u00e9mu zased\u00e1n\u00ed Zastupitelstva M\u010c Praha&nbsp;7 najdete ZDE. [\/perex] Program 4.&nbsp;\u0159\u00e1dn\u00e9ho jedn\u00e1n\u00ed Zastupitelstva M\u010c Praha&nbsp;7\u00a0 Pravideln\u00fd bod programu za\u0159azen\u00fd za bod \u010d. 2 \u2013 Dotazy a&nbsp;p\u0159ipom\u00ednky ob\u010dan\u016f 1 Pravideln\u00fd bod programu za\u0159azen\u00fd pevn\u011b na 18 hodinu \u2013 [&hellip;]","protected":false},"author":14,"featured_media":33780,"comment_status":"closed","ping_status":"open","sticky":false,"template":"","format":"standard","meta":[],"categories":[34],"tags":[],"_links":{"self":[{"href":"https:\/\/www.praha7.cz\/api\/wp\/v2\/posts\/66799"}],"collection":[{"href":"https:\/\/www.praha7.cz\/api\/wp\/v2\/posts"}],"about":[{"href":"https:\/\/www.praha7.cz\/api\/wp\/v2\/types\/post"}],"author":[{"embeddable":true,"href":"https:\/\/www.praha7.cz\/api\/wp\/v2\/users\/14"}],"replies":[{"embeddable":true,"href":"https:\/\/www.praha7.cz\/api\/wp\/v2\/comments?post=66799"}],"version-history":[{"count":7,"href":"https:\/\/www.praha7.cz\/api\/wp\/v2\/posts\/66799\/revisions"}],"predecessor-version":[{"id":73084,"href":"https:\/\/www.praha7.cz\/api\/wp\/v2\/posts\/66799\/revisions\/73084"}],"wp:featuredmedia":[{"embeddable":true,"href":"https:\/\/www.praha7.cz\/api\/wp\/v2\/media\/33780"}],"wp:attachment":[{"href":"https:\/\/www.praha7.cz\/api\/wp\/v2\/media?parent=66799"}],"wp:term":[{"taxonomy":"category","embeddable":true,"href":"https:\/\/www.praha7.cz\/api\/wp\/v2\/categories?post=66799"},{"taxonomy":"post_tag","embeddable":true,"href":"https:\/\/www.praha7.cz\/api\/wp\/v2\/tags?post=66799"}],"curies":[{"name":"wp","href":"https:\/\/api.w.org\/{rel}","templated":true}]}}