    
{"id":66761,"date":"2023-07-13T16:13:03","date_gmt":"2023-07-13T14:13:03","guid":{"rendered":"https:\/\/www.praha7.cz\/?p=66761"},"modified":"2023-07-24T17:12:15","modified_gmt":"2023-07-24T15:12:15","slug":"v-podchodech-to-zije","status":"publish","type":"post","link":"https:\/\/www.praha7.cz\/v-podchodech-to-zije\/","title":{"rendered":"Letn\u00ed skateboardov\u00fd program v&nbsp;podchodech"},"content":{"rendered":"<p>[perex]<\/p>\r\n<p>V podchodech na Vltavsk\u00e9 to \u017eije i&nbsp;v&nbsp;l\u00e9t\u011b! Do multifunk\u010dn\u00edho sportovn\u011b-spole\u010densk\u00e9ho centra V7 underground v\u00e1s zveme na lekce skateboardingu s&nbsp;legendou \u010desk\u00e9ho skatu Petrem L\u00f6wym. Prkno i&nbsp;helmu v\u00e1m p\u016fj\u010d\u00ed na m\u00edst\u011b, lekce jsou zdarma, sta\u010d\u00ed p\u0159ij\u00edt.<\/p>\r\n<p>[\/perex]<\/p>\r\n<p>Podrobn\u011bj\u0161\u00ed program na cel\u00fd rok 2023 bude postupn\u011b zve\u0159ej\u0148ov\u00e1n na facebookov\u00e9 str\u00e1nce <a href=\"https:\/\/www.facebook.com\/V7underground\" target=\"_blank\" rel=\"noopener\">V7 underground<\/a>. Akce jsou zdarma, zm\u011bna programu vyhrazena.\u00a0<\/p>\r\n<h3><span style=\"color: #0000ff;\">Z\u00e1kladn\u00ed lekce skateboardingu<\/span><\/h3>\r\n<p><strong>st\u0159edy v&nbsp;16.30<\/strong><\/p>\r\n<p>19.&nbsp;a&nbsp;26.&nbsp;\u010dervence<\/p>\r\n<p>2., 9., 16., 23.&nbsp;a&nbsp;30.&nbsp;srpna<\/p>\r\n<p>13., 20., 27.&nbsp;z\u00e1\u0159\u00ed<\/p>\r\n<p><a href=\"https:\/\/www.praha7.cz\/wp-content\/uploads\/2023\/07\/V7_SUMMER_23.jpg\"><img loading=\"lazy\" src=\"https:\/\/www.praha7.cz\/wp-content\/uploads\/2023\/07\/V7_SUMMER_23-739x1000.jpg\" alt=\"\" width=\"640\" height=\"866\" class=\"alignnone size-large wp-image-68715\" srcset=\"https:\/\/www.praha7.cz\/wp-content\/uploads\/2023\/07\/V7_SUMMER_23-739x1000.jpg 739w, https:\/\/www.praha7.cz\/wp-content\/uploads\/2023\/07\/V7_SUMMER_23-296x400.jpg 296w, https:\/\/www.praha7.cz\/wp-content\/uploads\/2023\/07\/V7_SUMMER_23-768x1039.jpg 768w, https:\/\/www.praha7.cz\/wp-content\/uploads\/2023\/07\/V7_SUMMER_23-1136x1536.jpg 1136w, https:\/\/www.praha7.cz\/wp-content\/uploads\/2023\/07\/V7_SUMMER_23-1514x2048.jpg 1514w, https:\/\/www.praha7.cz\/wp-content\/uploads\/2023\/07\/V7_SUMMER_23.jpg 1663w\" sizes=\"(max-width: 640px) 100vw, 640px\" \/><\/a><\/p>","protected":false},"excerpt":{"rendered":"[perex] V&nbsp;podchodech na Vltavsk\u00e9 to \u017eije i&nbsp;v&nbsp;l\u00e9t\u011b! Do multifunk\u010dn\u00edho sportovn\u011b-spole\u010densk\u00e9ho centra V7 underground v\u00e1s zveme na lekce skateboardingu s&nbsp;legendou \u010desk\u00e9ho skatu Petrem L\u00f6wym. Prkno i&nbsp;helmu v\u00e1m p\u016fj\u010d\u00ed na m\u00edst\u011b, lekce jsou zdarma, sta\u010d\u00ed p\u0159ij\u00edt. [\/perex] Podrobn\u011bj\u0161\u00ed program na cel\u00fd rok 2023 bude postupn\u011b zve\u0159ej\u0148ov\u00e1n na facebookov\u00e9 str\u00e1nce V7 underground. Akce jsou zdarma, zm\u011bna programu [&hellip;]","protected":false},"author":251,"featured_media":66762,"comment_status":"closed","ping_status":"open","sticky":false,"template":"","format":"standard","meta":[],"categories":[34],"tags":[],"_links":{"self":[{"href":"https:\/\/www.praha7.cz\/api\/wp\/v2\/posts\/66761"}],"collection":[{"href":"https:\/\/www.praha7.cz\/api\/wp\/v2\/posts"}],"about":[{"href":"https:\/\/www.praha7.cz\/api\/wp\/v2\/types\/post"}],"author":[{"embeddable":true,"href":"https:\/\/www.praha7.cz\/api\/wp\/v2\/users\/251"}],"replies":[{"embeddable":true,"href":"https:\/\/www.praha7.cz\/api\/wp\/v2\/comments?post=66761"}],"version-history":[{"count":7,"href":"https:\/\/www.praha7.cz\/api\/wp\/v2\/posts\/66761\/revisions"}],"predecessor-version":[{"id":68716,"href":"https:\/\/www.praha7.cz\/api\/wp\/v2\/posts\/66761\/revisions\/68716"}],"wp:featuredmedia":[{"embeddable":true,"href":"https:\/\/www.praha7.cz\/api\/wp\/v2\/media\/66762"}],"wp:attachment":[{"href":"https:\/\/www.praha7.cz\/api\/wp\/v2\/media?parent=66761"}],"wp:term":[{"taxonomy":"category","embeddable":true,"href":"https:\/\/www.praha7.cz\/api\/wp\/v2\/categories?post=66761"},{"taxonomy":"post_tag","embeddable":true,"href":"https:\/\/www.praha7.cz\/api\/wp\/v2\/tags?post=66761"}],"curies":[{"name":"wp","href":"https:\/\/api.w.org\/{rel}","templated":true}]}}