    
{"id":66739,"date":"2023-05-16T15:54:10","date_gmt":"2023-05-16T13:54:10","guid":{"rendered":"https:\/\/www.praha7.cz\/?p=66739"},"modified":"2023-05-18T11:22:15","modified_gmt":"2023-05-18T09:22:15","slug":"dilny-pro-skoly-za-zit-umeni-na-avu","status":"publish","type":"post","link":"https:\/\/www.praha7.cz\/dilny-pro-skoly-za-zit-umeni-na-avu\/","title":{"rendered":"D\u00edlny pro \u0161koly Za\/\u017e\u00edt um\u011bn\u00ed na AVU"},"content":{"rendered":"<p>[perex]<br \/>\r\nNa Akademii v\u00fdtvarn\u00fdch um\u011bn\u00ed vznikaj\u00ed nov\u011b workshopy pro z\u00e1kladn\u00ed a&nbsp;st\u0159edn\u00ed \u0161koly veden\u00e9 studentkami a&nbsp;studenty Akademie. \u0160koln\u00ed skupiny se tak mohou sezn\u00e1mit se sou\u010dasn\u00fdm um\u011bn\u00edm p\u0159\u00edmo tam, kde se formuje.<br \/>\r\n[\/perex]\u00a0<br \/>\r\nV&nbsp;letn\u00edm semestru vznikl na <a href=\"https:\/\/avu.cz\/\" target=\"_blank\" rel=\"noopener\">AVU<\/a> nov\u00fd p\u0159edm\u011bt zam\u011b\u0159en\u00fd na spolupr\u00e1ci um\u011blc\u016f a&nbsp;um\u011blky\u0148 se \u0161koln\u00edmi skupinami. Studuj\u00edc\u00ed si v&nbsp;r\u00e1mci n\u011bj vyzkou\u0161\u00ed p\u0159edstavit svoji tvorbu, p\u0159ed\u00e1vat inspiraci a&nbsp;n\u00e1m\u011bty ze sou\u010dasn\u00e9ho um\u011bn\u00ed \u017e\u00e1k\u016fm a&nbsp;\u017ea\u010dk\u00e1m ze z\u00e1kladn\u00edch a&nbsp;st\u0159edn\u00edch \u0161kol. Workshopy, kter\u00e9 v&nbsp;r\u00e1mci semin\u00e1\u0159e vznikaj\u00ed, m\u016f\u017eou vyu\u017e\u00edt \u0161koly jako netradi\u010dn\u00ed sou\u010d\u00e1st hodin v\u00fdtvarn\u00e9 v\u00fdchovy. C\u00edlem d\u00edlen je obecn\u011b p\u0159ibl\u00ed\u017eit d\u011btem sou\u010dasn\u00e9 um\u011bn\u00ed skrze vlastn\u00ed tvorbu a&nbsp;tak\u00e9 prost\u0159ed\u00ed na\u0161\u00ed nejstar\u0161\u00ed vysok\u00e9 \u0161koly zam\u011b\u0159en\u00e9 na p\u0159\u00edpravu um\u011blc\u016f.<\/p>\r\n<p>Konkr\u00e9tn\u00ed t\u00e9ma ka\u017ed\u00e9ho workshopu z\u00e1le\u017e\u00ed na studuj\u00edc\u00edch z&nbsp;AVU, n\u011bkte\u0159\u00ed cht\u011bj\u00ed p\u0159ed\u00e1vat p\u0159\u00edmo podn\u011bty z&nbsp;vlastn\u00ed tvorby, pozvou \u0161koln\u00ed skupinu do sv\u00e9ho ateli\u00e9ru, nebo s&nbsp;n\u00ed pracuj\u00ed v&nbsp;kr\u00e1sn\u00fdch prostor\u00e1ch b\u00fdval\u00e9 galerie AVU \u010di na zahrad\u011b \u0161koly. Aktivity b\u011bhem workshop\u016f se neomezuj\u00ed jen na pr\u00e1ci s&nbsp;tradi\u010dn\u00edmi m\u00e9dii, do hry vstupuj\u00ed netradi\u010dn\u00ed zp\u016fsoby um\u011bleck\u00e9ho vyj\u00e1d\u0159en\u00ed. D\u011bti se dozv\u011bd\u00ed spoustu nov\u00fdch informac\u00ed o&nbsp;sou\u010dasn\u00e9m um\u011bn\u00ed, kter\u00e9 se jim otev\u00edr\u00e1 skrze mlad\u00e9 lidi se z\u00e1jmem debatovat o&nbsp;sv\u00e9 tvorb\u011b a&nbsp;inspirovat druh\u00e9.\u00a0<\/p>\r\n<p><img loading=\"lazy\" src=\"https:\/\/www.praha7.cz\/wp-content\/uploads\/2023\/05\/dilny-AVU_2-1500x835.jpg\" alt=\"\" width=\"640\" height=\"356\" class=\"alignnone size-large wp-image-66758\" srcset=\"https:\/\/www.praha7.cz\/wp-content\/uploads\/2023\/05\/dilny-AVU_2-1500x835.jpg 1500w, https:\/\/www.praha7.cz\/wp-content\/uploads\/2023\/05\/dilny-AVU_2-600x334.jpg 600w, https:\/\/www.praha7.cz\/wp-content\/uploads\/2023\/05\/dilny-AVU_2-768x428.jpg 768w, https:\/\/www.praha7.cz\/wp-content\/uploads\/2023\/05\/dilny-AVU_2-1536x855.jpg 1536w, https:\/\/www.praha7.cz\/wp-content\/uploads\/2023\/05\/dilny-AVU_2-2048x1141.jpg 2048w\" sizes=\"(max-width: 640px) 100vw, 640px\" \/><br \/>\r\n\u00a0<br \/>\r\nZ&nbsp;n\u011bkolika pilotn\u00edch d\u00edlen, kter\u00e9 zat\u00edm prob\u011bhly, je z\u0159ejm\u00e9, \u017ee takov\u00e1to forma vzd\u011bl\u00e1v\u00e1n\u00ed, kter\u00e9 je neform\u00e1ln\u00ed, p\u0159esahuj\u00edc\u00ed dosavadn\u00ed zku\u0161enosti d\u011bt\u00ed s&nbsp;um\u011bn\u00edm a&nbsp;zprost\u0159edkovan\u00e9 v\u011bkov\u011b bl\u00edzk\u00fdmi lektory ve velmi p\u0159\u00e1telsk\u00e9m duchu, m\u00e1 velk\u00fd smysl a&nbsp;\u017ee je d\u011bti i&nbsp;vyu\u010duj\u00edc\u00ed velmi oce\u0148uj\u00ed. B\u011bhem \u010dervna budou prob\u00edhat workshopy, kter\u00e9 jsou ji\u017e vyzkou\u0161en\u00e9. Pro \u0161koln\u00ed skupiny jsou zdarma, pokud by v\u00e1s zaj\u00edmala mo\u017enost p\u0159ihl\u00e1\u0161en\u00ed, napi\u0161te na e-mail: <a href=\"mailto:kreativni@avu.cz\">kreativni@avu.cz<\/a><\/p>\r\n<hr \/>\r\n<p>Workshopy jsou realizov\u00e1ny v&nbsp;r\u00e1mci projekt\u016f kreativn\u00edho vzd\u011bl\u00e1v\u00e1n\u00ed, za finan\u010dn\u00ed spolu\u00fa\u010dasti EU prost\u0159ednictv\u00edm N\u00e1rodn\u00edho pl\u00e1nu obnovy a&nbsp;MK \u010cR.<\/p>","protected":false},"excerpt":{"rendered":"[perex] Na Akademii v\u00fdtvarn\u00fdch um\u011bn\u00ed vznikaj\u00ed nov\u011b workshopy pro z\u00e1kladn\u00ed a&nbsp;st\u0159edn\u00ed \u0161koly veden\u00e9 studentkami a&nbsp;studenty Akademie. \u0160koln\u00ed skupiny se tak mohou sezn\u00e1mit se sou\u010dasn\u00fdm um\u011bn\u00edm p\u0159\u00edmo tam, kde se formuje. [\/perex]\u00a0 V&nbsp;letn\u00edm semestru vznikl na AVU nov\u00fd p\u0159edm\u011bt zam\u011b\u0159en\u00fd na spolupr\u00e1ci um\u011blc\u016f a&nbsp;um\u011blky\u0148 se \u0161koln\u00edmi skupinami. Studuj\u00edc\u00ed si v&nbsp;r\u00e1mci n\u011bj vyzkou\u0161\u00ed p\u0159edstavit svoji tvorbu, p\u0159ed\u00e1vat [&hellip;]","protected":false},"author":251,"featured_media":66757,"comment_status":"closed","ping_status":"open","sticky":false,"template":"","format":"standard","meta":[],"categories":[34],"tags":[],"_links":{"self":[{"href":"https:\/\/www.praha7.cz\/api\/wp\/v2\/posts\/66739"}],"collection":[{"href":"https:\/\/www.praha7.cz\/api\/wp\/v2\/posts"}],"about":[{"href":"https:\/\/www.praha7.cz\/api\/wp\/v2\/types\/post"}],"author":[{"embeddable":true,"href":"https:\/\/www.praha7.cz\/api\/wp\/v2\/users\/251"}],"replies":[{"embeddable":true,"href":"https:\/\/www.praha7.cz\/api\/wp\/v2\/comments?post=66739"}],"version-history":[{"count":5,"href":"https:\/\/www.praha7.cz\/api\/wp\/v2\/posts\/66739\/revisions"}],"predecessor-version":[{"id":66818,"href":"https:\/\/www.praha7.cz\/api\/wp\/v2\/posts\/66739\/revisions\/66818"}],"wp:featuredmedia":[{"embeddable":true,"href":"https:\/\/www.praha7.cz\/api\/wp\/v2\/media\/66757"}],"wp:attachment":[{"href":"https:\/\/www.praha7.cz\/api\/wp\/v2\/media?parent=66739"}],"wp:term":[{"taxonomy":"category","embeddable":true,"href":"https:\/\/www.praha7.cz\/api\/wp\/v2\/categories?post=66739"},{"taxonomy":"post_tag","embeddable":true,"href":"https:\/\/www.praha7.cz\/api\/wp\/v2\/tags?post=66739"}],"curies":[{"name":"wp","href":"https:\/\/api.w.org\/{rel}","templated":true}]}}