    
{"id":66695,"date":"2023-05-12T14:57:27","date_gmt":"2023-05-12T12:57:27","guid":{"rendered":"https:\/\/www.praha7.cz\/?p=66695"},"modified":"2023-06-15T11:52:31","modified_gmt":"2023-06-15T09:52:31","slug":"upravy-v-ulicich-veletrzni-a-bubenska","status":"publish","type":"post","link":"https:\/\/www.praha7.cz\/upravy-v-ulicich-veletrzni-a-bubenska\/","title":{"rendered":"\u00dapravy v&nbsp;ulic\u00edch Veletr\u017en\u00ed a&nbsp;Bubensk\u00e1"},"content":{"rendered":"<p>[perex]<\/p>\r\n<p>V term\u00ednu od 15.&nbsp;5.&nbsp;do 22.&nbsp;6.&nbsp;2023 budou prob\u00edhat \u00fapravy ve spodn\u00ed \u010d\u00e1sti ul. Veletr\u017en\u00ed. V&nbsp;k\u0159i\u017eovatce s&nbsp;ul. Bubensk\u00e1 dojde k&nbsp;rekonstrukci sv\u011bteln\u00e9ho signaliza\u010dn\u00edho za\u0159\u00edzen\u00ed. P\u0159i t\u00e9to p\u0159\u00edle\u017eitosti budou realizov\u00e1ny d\u00edl\u010d\u00ed \u00fapravy t\u00e9to k\u0159i\u017eovatky i&nbsp;n\u00e1vazn\u00e9ho \u00faseku ul. Veletr\u017en\u00ed po ul. Janovsk\u00e9ho.\u00a0<\/p>\r\n<p>[\/perex]<\/p>\r\n<h3>\u00dapravy Veletr\u017en\u00ed &#8211; Bubensk\u00e1<\/h3>\r\n<p>V r\u00e1mci \u00faprav realizovan\u00fdch Technickou spr\u00e1vou komunikac\u00ed hl. m. Prahy dojde ke zv\u00fd\u0161en\u00ed bezpe\u010dnosti a&nbsp;p\u0159ehlednosti k\u0159i\u017eovatek, zkr\u00e1cen\u00ed a&nbsp;zabezpe\u010den\u00ed p\u0159echod\u016f pro chodce a&nbsp;zlep\u0161en\u00ed prostupnosti t\u00e9to lokality (tak\u00e9 v&nbsp;n\u00e1vaznosti na p\u0159ipravovan\u00e9 propojen\u00ed p\u0159es Bubny v&nbsp;ose ulic Veletr\u017en\u00ed \u2013 D\u011blnick\u00e1). Dopln\u011bna zde rovn\u011b\u017e budou opat\u0159en\u00ed pro cyklisty a&nbsp;nov\u00e1 rychloobr\u00e1tkov\u00e1 parkovac\u00ed m\u00edsta pro zaji\u0161t\u011bn\u00ed obsluhy okoln\u00edch dom\u016f a&nbsp;z\u00e1sobov\u00e1n\u00ed m\u00edstn\u00edch podnik\u016f.<\/p>\r\n<p><strong>P\u0159edpokl\u00e1dan\u00e9 term\u00edny realizace<\/strong><\/p>\r\n<p><strong>1.&nbsp;etapa: 15.&nbsp;5.&nbsp;2023 &#8211; 22.&nbsp;5.&nbsp;2023<\/strong><\/p>\r\n<p>Z\u00e1bor chodn\u00edk\u016f a&nbsp;parkovac\u00edch st\u00e1n\u00ed.<\/p>\r\n<p><strong>2.&nbsp;etapa: 22.&nbsp;5.&nbsp;2023 &#8211; 22.&nbsp;6.&nbsp;2023<\/strong><\/p>\r\n<p>Z\u00e1bor chodn\u00edk\u016f a&nbsp;parkovac\u00edch st\u00e1n\u00ed. <strong>Lev\u00e9 odbo\u010den\u00ed z&nbsp;ul. Veletr\u017en\u00ed do\u010dasn\u011b vedeno po obj\u00edzdn\u00e9 trase: U&nbsp;Smaltovny, \u0160im\u00e1\u010dkova.<\/strong> Z\u00e1bor \u0159ad\u00edc\u00edho pruhu pro odbo\u010den\u00ed vpravo v&nbsp;ul. Veletr\u017en\u00ed. Z\u00e1bor \u0159ad\u00edc\u00edho pruhu pro odbo\u010den\u00ed vlevo v&nbsp;ul. Bubensk\u00e1.<\/p>\r\n<p>&nbsp;<\/p>\r\n<p><strong>Term\u00edny prac\u00ed jsou p\u0159edb\u011b\u017en\u00e9 a&nbsp;mohou se m\u011bnit s&nbsp;ohledem na nutnou koordinaci s&nbsp;prob\u00edhaj\u00edc\u00ed modernizac\u00ed dr\u00e1hy.\u00a0<\/strong><\/p>\r\n<p>&nbsp;<\/p>","protected":false},"excerpt":{"rendered":"[perex] V&nbsp;term\u00ednu od 15.&nbsp;5.&nbsp;do 22.&nbsp;6.&nbsp;2023 budou prob\u00edhat \u00fapravy ve spodn\u00ed \u010d\u00e1sti ul. Veletr\u017en\u00ed. V&nbsp;k\u0159i\u017eovatce s&nbsp;ul. Bubensk\u00e1 dojde k&nbsp;rekonstrukci sv\u011bteln\u00e9ho signaliza\u010dn\u00edho za\u0159\u00edzen\u00ed. P\u0159i t\u00e9to p\u0159\u00edle\u017eitosti budou realizov\u00e1ny d\u00edl\u010d\u00ed \u00fapravy t\u00e9to k\u0159i\u017eovatky i&nbsp;n\u00e1vazn\u00e9ho \u00faseku ul. Veletr\u017en\u00ed po ul. Janovsk\u00e9ho.\u00a0 [\/perex] \u00dapravy Veletr\u017en\u00ed &#8211; Bubensk\u00e1 V&nbsp;r\u00e1mci \u00faprav realizovan\u00fdch Technickou spr\u00e1vou komunikac\u00ed hl. m. Prahy dojde ke [&hellip;]","protected":false},"author":5,"featured_media":66696,"comment_status":"closed","ping_status":"open","sticky":false,"template":"","format":"standard","meta":[],"categories":[34],"tags":[],"_links":{"self":[{"href":"https:\/\/www.praha7.cz\/api\/wp\/v2\/posts\/66695"}],"collection":[{"href":"https:\/\/www.praha7.cz\/api\/wp\/v2\/posts"}],"about":[{"href":"https:\/\/www.praha7.cz\/api\/wp\/v2\/types\/post"}],"author":[{"embeddable":true,"href":"https:\/\/www.praha7.cz\/api\/wp\/v2\/users\/5"}],"replies":[{"embeddable":true,"href":"https:\/\/www.praha7.cz\/api\/wp\/v2\/comments?post=66695"}],"version-history":[{"count":10,"href":"https:\/\/www.praha7.cz\/api\/wp\/v2\/posts\/66695\/revisions"}],"predecessor-version":[{"id":67618,"href":"https:\/\/www.praha7.cz\/api\/wp\/v2\/posts\/66695\/revisions\/67618"}],"wp:featuredmedia":[{"embeddable":true,"href":"https:\/\/www.praha7.cz\/api\/wp\/v2\/media\/66696"}],"wp:attachment":[{"href":"https:\/\/www.praha7.cz\/api\/wp\/v2\/media?parent=66695"}],"wp:term":[{"taxonomy":"category","embeddable":true,"href":"https:\/\/www.praha7.cz\/api\/wp\/v2\/categories?post=66695"},{"taxonomy":"post_tag","embeddable":true,"href":"https:\/\/www.praha7.cz\/api\/wp\/v2\/tags?post=66695"}],"curies":[{"name":"wp","href":"https:\/\/api.w.org\/{rel}","templated":true}]}}