    
{"id":66672,"date":"2023-05-12T10:56:16","date_gmt":"2023-05-12T08:56:16","guid":{"rendered":"https:\/\/www.praha7.cz\/?p=66672"},"modified":"2023-05-12T10:57:01","modified_gmt":"2023-05-12T08:57:01","slug":"charitativni-bazar-na-zs-korunovacni","status":"publish","type":"post","link":"https:\/\/www.praha7.cz\/charitativni-bazar-na-zs-korunovacni\/","title":{"rendered":"Charitativn\u00ed bazar na Z\u0160 Korunova\u010dn\u00ed"},"content":{"rendered":"<p>[perex]<\/p>\r\n<p>Spolek Korunka a&nbsp;Z\u0160 Korunova\u010dn\u00ed srde\u010dn\u011b zvou v\u0161echny obyvatele na\u0161\u00ed m\u011bstsk\u00e9 \u010d\u00e1sti na ji\u017e 6.&nbsp;charitativn\u00ed bazar pro Korunku. Kon\u00e1 se v&nbsp;sobotu 13.&nbsp;kv\u011btna 2023 od 10 do 18 hodin a&nbsp;v&nbsp;ned\u011bli 14.&nbsp;kv\u011btna 2023 od 10 do 14 hodin. A&nbsp;na co se m\u016f\u017eete t\u011b\u0161it?<\/p>\r\n<p>[\/perex]<\/p>\r\n<p>P\u0159ij\u010fte a&nbsp;vyb\u00edrejte z&nbsp;nab\u00eddky oble\u010den\u00ed, knih, hra\u010dek, sportovn\u00edho vybaven\u00ed atd. za m\u00edrn\u00e9 ceny. P\u0159ipraveny jsou slosovateln\u00e9 vstupenky, tich\u00e1 aukce, projekt st\u00ednov\u00e1n\u00ed, doprovodn\u00fd program a&nbsp;sousedsk\u00e1 kav\u00e1rna.<\/p>\r\n<p>Va\u0161e podpora bude trojn\u00e1sobn\u00e1: v\u00fdt\u011b\u017eek poputuje na podporu spolkov\u00fdch projekt\u016f pro Z\u0160 Korunova\u010dn\u00ed, materi\u00e1ln\u00ed podpora sm\u011b\u0159uje k&nbsp;soci\u00e1ln\u011b znev\u00fdhodn\u011bn\u00fdm z&nbsp;Prahy&nbsp;7 a&nbsp;zbyl\u00e9 neprodan\u00e9 p\u0159edm\u011bty organiz\u00e1to\u0159i v\u011bnuj\u00ed Diakonii Broumov.<\/p>\r\n<p>V\u0161e o&nbsp;cel\u00e9 akci se dozv\u00edte na str\u00e1nk\u00e1ch <a href=\"https:\/\/spolek-korunka.webnode.cz\/akce2\/\" target=\"_blank\" rel=\"noopener\">spolku Korunka<\/a>.<\/p>\r\n<p><a href=\"https:\/\/www.praha7.cz\/wp-content\/uploads\/2023\/05\/bazar-korunka-23.jpg\"><img loading=\"lazy\" src=\"https:\/\/www.praha7.cz\/wp-content\/uploads\/2023\/05\/bazar-korunka-23-707x1000.jpg\" alt=\"\" width=\"640\" height=\"905\" class=\"alignnone size-large wp-image-66673\" srcset=\"https:\/\/www.praha7.cz\/wp-content\/uploads\/2023\/05\/bazar-korunka-23-707x1000.jpg 707w, https:\/\/www.praha7.cz\/wp-content\/uploads\/2023\/05\/bazar-korunka-23-283x400.jpg 283w, https:\/\/www.praha7.cz\/wp-content\/uploads\/2023\/05\/bazar-korunka-23-768x1086.jpg 768w, https:\/\/www.praha7.cz\/wp-content\/uploads\/2023\/05\/bazar-korunka-23-1086x1536.jpg 1086w, https:\/\/www.praha7.cz\/wp-content\/uploads\/2023\/05\/bazar-korunka-23.jpg 1403w\" sizes=\"(max-width: 640px) 100vw, 640px\" \/><\/a><\/p>","protected":false},"excerpt":{"rendered":"[perex] Spolek Korunka a&nbsp;Z\u0160 Korunova\u010dn\u00ed srde\u010dn\u011b zvou v\u0161echny obyvatele na\u0161\u00ed m\u011bstsk\u00e9 \u010d\u00e1sti na ji\u017e 6.&nbsp;charitativn\u00ed bazar pro Korunku. Kon\u00e1 se v&nbsp;sobotu 13.&nbsp;kv\u011btna 2023 od 10 do 18 hodin a&nbsp;v&nbsp;ned\u011bli 14.&nbsp;kv\u011btna 2023 od 10 do 14 hodin. A&nbsp;na co se m\u016f\u017eete t\u011b\u0161it? [\/perex] P\u0159ij\u010fte a&nbsp;vyb\u00edrejte z&nbsp;nab\u00eddky oble\u010den\u00ed, knih, hra\u010dek, sportovn\u00edho vybaven\u00ed atd. za m\u00edrn\u00e9 ceny. P\u0159ipraveny [&hellip;]","protected":false},"author":251,"featured_media":66676,"comment_status":"closed","ping_status":"open","sticky":false,"template":"","format":"standard","meta":[],"categories":[34],"tags":[],"_links":{"self":[{"href":"https:\/\/www.praha7.cz\/api\/wp\/v2\/posts\/66672"}],"collection":[{"href":"https:\/\/www.praha7.cz\/api\/wp\/v2\/posts"}],"about":[{"href":"https:\/\/www.praha7.cz\/api\/wp\/v2\/types\/post"}],"author":[{"embeddable":true,"href":"https:\/\/www.praha7.cz\/api\/wp\/v2\/users\/251"}],"replies":[{"embeddable":true,"href":"https:\/\/www.praha7.cz\/api\/wp\/v2\/comments?post=66672"}],"version-history":[{"count":1,"href":"https:\/\/www.praha7.cz\/api\/wp\/v2\/posts\/66672\/revisions"}],"predecessor-version":[{"id":66677,"href":"https:\/\/www.praha7.cz\/api\/wp\/v2\/posts\/66672\/revisions\/66677"}],"wp:featuredmedia":[{"embeddable":true,"href":"https:\/\/www.praha7.cz\/api\/wp\/v2\/media\/66676"}],"wp:attachment":[{"href":"https:\/\/www.praha7.cz\/api\/wp\/v2\/media?parent=66672"}],"wp:term":[{"taxonomy":"category","embeddable":true,"href":"https:\/\/www.praha7.cz\/api\/wp\/v2\/categories?post=66672"},{"taxonomy":"post_tag","embeddable":true,"href":"https:\/\/www.praha7.cz\/api\/wp\/v2\/tags?post=66672"}],"curies":[{"name":"wp","href":"https:\/\/api.w.org\/{rel}","templated":true}]}}