    
{"id":66597,"date":"2023-05-10T15:46:06","date_gmt":"2023-05-10T13:46:06","guid":{"rendered":"https:\/\/www.praha7.cz\/?p=66597"},"modified":"2023-05-10T15:47:01","modified_gmt":"2023-05-10T13:47:01","slug":"66597-2","status":"publish","type":"post","link":"https:\/\/www.praha7.cz\/66597-2\/","title":{"rendered":"Rekonstrukce ulice Badeniho v\u010detn\u011b tramvajov\u00e9 trati"},"content":{"rendered":"<p>[perex]<\/p>\r\n<p>V\u00a0ulici Badeniho na pomez\u00ed Prahy&nbsp;7 a&nbsp;Prahy 6 prob\u00edh\u00e1 rekonstrukce v\u00a0\u00faseku ul. Na \u0160pejcharu \u2013 Chotkova. Pr\u00e1ce zde budou v\u00a0n\u011bkolika etap\u00e1ch prob\u00edhat a\u017e do konce srpna tohoto roku. V\u00a0term\u00ednu od 15.&nbsp;5.&nbsp;do 30.&nbsp;6.&nbsp;2023\u00a0dojde k&nbsp;v\u00fdluce automobilov\u00e9 i&nbsp;tramvajov\u00e9 dopravy.<\/p>\r\n<p>[\/perex]<\/p>\r\n<p>Rekonstrukce se t\u00fdk\u00e1 vozovky i&nbsp;chodn\u00edk\u016f. Sou\u010d\u00e1st\u00ed stavby jsou tak\u00e9 opravy odvodn\u011bn\u00ed, p\u0159elo\u017eky sto\u017e\u00e1r\u016f ve\u0159ejn\u00e9ho osv\u011btlen\u00ed a&nbsp;in\u017een\u00fdrsk\u00fdch s\u00edt\u00ed. Pr\u00e1ce prob\u00edhaj\u00ed v&nbsp;\u00fazk\u00e9 koordinaci s&nbsp;Dorpavn\u00edm podnikem hl. m. Prahy, kter\u00fd zde soub\u011b\u017en\u011b realizuje rekonstrukci tramvajov\u00e9 trati.<\/p>\r\n<p><strong>V\u00edce informac\u00ed o&nbsp;stavebn\u00edch prac\u00edch najdete <a href=\"https:\/\/opravujeme.to\/action\/1326\/\" target=\"_blank\" rel=\"noopener\">ZDE<\/a>.\u00a0<\/strong><\/p>\r\n<p><strong>Podrobnosti k&nbsp;v\u00fdluce tramvajov\u00e9 dopravy jsou uvedeny <a href=\"https:\/\/www.dpp.cz\/omezeni-a-mimoradne-udalosti\/detail\/17891\" target=\"_blank\" rel=\"noopener\">ZDE<\/a>.\u00a0<\/strong><\/p>\r\n<p><a href=\"https:\/\/www.praha7.cz\/wp-content\/uploads\/2023\/05\/Schema_provozu_behem_opatreni_Hradcanska_Chotkovy_sady.png\"><img loading=\"lazy\" src=\"https:\/\/www.praha7.cz\/wp-content\/uploads\/2023\/05\/Schema_provozu_behem_opatreni_Hradcanska_Chotkovy_sady-600x349.png\" alt=\"\" width=\"600\" height=\"349\" class=\"alignnone wp-image-66602 size-medium\" srcset=\"https:\/\/www.praha7.cz\/wp-content\/uploads\/2023\/05\/Schema_provozu_behem_opatreni_Hradcanska_Chotkovy_sady-600x349.png 600w, https:\/\/www.praha7.cz\/wp-content\/uploads\/2023\/05\/Schema_provozu_behem_opatreni_Hradcanska_Chotkovy_sady-768x447.png 768w, https:\/\/www.praha7.cz\/wp-content\/uploads\/2023\/05\/Schema_provozu_behem_opatreni_Hradcanska_Chotkovy_sady.png 1463w\" sizes=\"(max-width: 600px) 100vw, 600px\" \/><\/a><\/p>\r\n<p>&nbsp;<\/p>","protected":false},"excerpt":{"rendered":"[perex] V\u00a0ulici Badeniho na pomez\u00ed Prahy&nbsp;7 a&nbsp;Prahy 6 prob\u00edh\u00e1 rekonstrukce v\u00a0\u00faseku ul. Na \u0160pejcharu \u2013 Chotkova. Pr\u00e1ce zde budou v\u00a0n\u011bkolika etap\u00e1ch prob\u00edhat a\u017e do konce srpna tohoto roku. V\u00a0term\u00ednu od 15.&nbsp;5.&nbsp;do 30.&nbsp;6.&nbsp;2023\u00a0dojde k&nbsp;v\u00fdluce automobilov\u00e9 i&nbsp;tramvajov\u00e9 dopravy. [\/perex] Rekonstrukce se t\u00fdk\u00e1 vozovky i&nbsp;chodn\u00edk\u016f. Sou\u010d\u00e1st\u00ed stavby jsou tak\u00e9 opravy odvodn\u011bn\u00ed, p\u0159elo\u017eky sto\u017e\u00e1r\u016f ve\u0159ejn\u00e9ho osv\u011btlen\u00ed a&nbsp;in\u017een\u00fdrsk\u00fdch s\u00edt\u00ed. Pr\u00e1ce [&hellip;]","protected":false},"author":5,"featured_media":66598,"comment_status":"closed","ping_status":"open","sticky":false,"template":"","format":"standard","meta":[],"categories":[34],"tags":[],"_links":{"self":[{"href":"https:\/\/www.praha7.cz\/api\/wp\/v2\/posts\/66597"}],"collection":[{"href":"https:\/\/www.praha7.cz\/api\/wp\/v2\/posts"}],"about":[{"href":"https:\/\/www.praha7.cz\/api\/wp\/v2\/types\/post"}],"author":[{"embeddable":true,"href":"https:\/\/www.praha7.cz\/api\/wp\/v2\/users\/5"}],"replies":[{"embeddable":true,"href":"https:\/\/www.praha7.cz\/api\/wp\/v2\/comments?post=66597"}],"version-history":[{"count":7,"href":"https:\/\/www.praha7.cz\/api\/wp\/v2\/posts\/66597\/revisions"}],"predecessor-version":[{"id":66606,"href":"https:\/\/www.praha7.cz\/api\/wp\/v2\/posts\/66597\/revisions\/66606"}],"wp:featuredmedia":[{"embeddable":true,"href":"https:\/\/www.praha7.cz\/api\/wp\/v2\/media\/66598"}],"wp:attachment":[{"href":"https:\/\/www.praha7.cz\/api\/wp\/v2\/media?parent=66597"}],"wp:term":[{"taxonomy":"category","embeddable":true,"href":"https:\/\/www.praha7.cz\/api\/wp\/v2\/categories?post=66597"},{"taxonomy":"post_tag","embeddable":true,"href":"https:\/\/www.praha7.cz\/api\/wp\/v2\/tags?post=66597"}],"curies":[{"name":"wp","href":"https:\/\/api.w.org\/{rel}","templated":true}]}}