    
{"id":66521,"date":"2023-05-05T12:36:51","date_gmt":"2023-05-05T10:36:51","guid":{"rendered":"https:\/\/www.praha7.cz\/?p=66521"},"modified":"2023-05-05T12:54:40","modified_gmt":"2023-05-05T10:54:40","slug":"praha-7-si-pripomnela-prazske-povstani-a-konec-2-sv-valky-4","status":"publish","type":"post","link":"https:\/\/www.praha7.cz\/praha-7-si-pripomnela-prazske-povstani-a-konec-2-sv-valky-4\/","title":{"rendered":"Praha&nbsp;7 si p\u0159ipomn\u011bla Pra\u017esk\u00e9 povst\u00e1n\u00ed a&nbsp;konec 2.&nbsp;sv. v\u00e1lky"},"content":{"rendered":"<p>[perex]<\/p>\r\n<p>V p\u00e1tek 5.&nbsp;kv\u011btna 2023 se v&nbsp;Praze 7 uskute\u010dnil pietn\u00ed akt u&nbsp;p\u0159\u00edle\u017eitosti Kv\u011btnov\u00e9ho povst\u00e1n\u00ed \u010desk\u00e9ho lidu a&nbsp;nadch\u00e1zej\u00edc\u00edho st\u00e1tn\u00edho sv\u00e1tku Dne v\u00edt\u011bzstv\u00ed. Vzpom\u00ednkov\u00e9ho setk\u00e1n\u00ed se z\u00fa\u010dastnili p\u0159edstavitel\u00e9 M\u010c Praha&nbsp;7, v&nbsp;\u010dele se starostou Janem \u010ci\u017einsk\u00fdm, z\u00e1stupci Sdru\u017een\u00ed v\u00e1le\u010dn\u00fdch veter\u00e1n\u016f \u010cR, Krajsk\u00e9ho vojensk\u00e9ho velitelstv\u00ed Arm\u00e1dy \u010cR, Svazu d\u016fstojn\u00edk\u016f a&nbsp;prapor\u010d\u00edk\u016f Arm\u00e1dy \u010cR, Klubu v\u00fdsadkov\u00fdch veter\u00e1n\u016f a&nbsp;\u010cesk\u00e9 obce sokolsk\u00e9. Z\u00e1stupci z\u00fa\u010dastn\u011bn\u00fdch organizac\u00ed polo\u017eili v\u011bnce a&nbsp;kv\u011btiny u&nbsp;pam\u00e1tn\u00edku v&nbsp;\u00fapat\u00ed mostu Barik\u00e1dn\u00edk\u016f, kter\u00fd je v\u011bnov\u00e1n ob\u011btem povst\u00e1n\u00ed v&nbsp;kv\u011btnu 1945.<\/p>\r\n<p>[\/perex]<\/p>\r\n\r\n<figure id=\"attachment_66522\" aria-describedby=\"caption-attachment-66522\" style=\"width: 640px\" class=\"wp-caption alignnone\"><img loading=\"lazy\" src=\"https:\/\/www.praha7.cz\/wp-content\/uploads\/2023\/05\/kvetnovy-pietni-akt-2023-1-1500x1000.jpg\" alt=\"\" width=\"640\" height=\"427\" class=\"size-large wp-image-66522\" srcset=\"https:\/\/www.praha7.cz\/wp-content\/uploads\/2023\/05\/kvetnovy-pietni-akt-2023-1-1500x1000.jpg 1500w, https:\/\/www.praha7.cz\/wp-content\/uploads\/2023\/05\/kvetnovy-pietni-akt-2023-1-600x400.jpg 600w, https:\/\/www.praha7.cz\/wp-content\/uploads\/2023\/05\/kvetnovy-pietni-akt-2023-1-768x512.jpg 768w, https:\/\/www.praha7.cz\/wp-content\/uploads\/2023\/05\/kvetnovy-pietni-akt-2023-1-1536x1024.jpg 1536w, https:\/\/www.praha7.cz\/wp-content\/uploads\/2023\/05\/kvetnovy-pietni-akt-2023-1-2048x1365.jpg 2048w\" sizes=\"(max-width: 640px) 100vw, 640px\" \/><figcaption id=\"caption-attachment-66522\" class=\"wp-caption-text\"><img loading=\"lazy\" src=\"https:\/\/www.praha7.cz\/wp-content\/uploads\/2023\/05\/kvetnovy-pietni-akt-2023-3-1500x1000.jpg\" alt=\"\" width=\"640\" height=\"427\" class=\"size-large wp-image-66525\" style=\"font-size: 16px;\" srcset=\"https:\/\/www.praha7.cz\/wp-content\/uploads\/2023\/05\/kvetnovy-pietni-akt-2023-3-1500x1000.jpg 1500w, https:\/\/www.praha7.cz\/wp-content\/uploads\/2023\/05\/kvetnovy-pietni-akt-2023-3-600x400.jpg 600w, https:\/\/www.praha7.cz\/wp-content\/uploads\/2023\/05\/kvetnovy-pietni-akt-2023-3-768x512.jpg 768w, https:\/\/www.praha7.cz\/wp-content\/uploads\/2023\/05\/kvetnovy-pietni-akt-2023-3-1536x1024.jpg 1536w, https:\/\/www.praha7.cz\/wp-content\/uploads\/2023\/05\/kvetnovy-pietni-akt-2023-3-2048x1365.jpg 2048w\" sizes=\"(max-width: 640px) 100vw, 640px\" \/><\/figcaption><\/figure>\r\n\r\n<p><img loading=\"lazy\" src=\"https:\/\/www.praha7.cz\/wp-content\/uploads\/2023\/05\/kvetnovy-pietni-akt-2023-2-1500x1000.jpg\" alt=\"\" width=\"640\" height=\"427\" class=\"size-large wp-image-66523\" style=\"font-size: 16px;\" srcset=\"https:\/\/www.praha7.cz\/wp-content\/uploads\/2023\/05\/kvetnovy-pietni-akt-2023-2-1500x1000.jpg 1500w, https:\/\/www.praha7.cz\/wp-content\/uploads\/2023\/05\/kvetnovy-pietni-akt-2023-2-600x400.jpg 600w, https:\/\/www.praha7.cz\/wp-content\/uploads\/2023\/05\/kvetnovy-pietni-akt-2023-2-768x512.jpg 768w, https:\/\/www.praha7.cz\/wp-content\/uploads\/2023\/05\/kvetnovy-pietni-akt-2023-2-1536x1024.jpg 1536w, https:\/\/www.praha7.cz\/wp-content\/uploads\/2023\/05\/kvetnovy-pietni-akt-2023-2-2048x1365.jpg 2048w\" sizes=\"(max-width: 640px) 100vw, 640px\" \/><\/p>","protected":false},"excerpt":{"rendered":"[perex] V&nbsp;p\u00e1tek 5.&nbsp;kv\u011btna 2023 se v&nbsp;Praze 7 uskute\u010dnil pietn\u00ed akt u&nbsp;p\u0159\u00edle\u017eitosti Kv\u011btnov\u00e9ho povst\u00e1n\u00ed \u010desk\u00e9ho lidu a&nbsp;nadch\u00e1zej\u00edc\u00edho st\u00e1tn\u00edho sv\u00e1tku Dne v\u00edt\u011bzstv\u00ed. Vzpom\u00ednkov\u00e9ho setk\u00e1n\u00ed se z\u00fa\u010dastnili p\u0159edstavitel\u00e9 M\u010c Praha&nbsp;7, v&nbsp;\u010dele se starostou Janem \u010ci\u017einsk\u00fdm, z\u00e1stupci Sdru\u017een\u00ed v\u00e1le\u010dn\u00fdch veter\u00e1n\u016f \u010cR, Krajsk\u00e9ho vojensk\u00e9ho velitelstv\u00ed Arm\u00e1dy \u010cR, Svazu d\u016fstojn\u00edk\u016f a&nbsp;prapor\u010d\u00edk\u016f Arm\u00e1dy \u010cR, Klubu v\u00fdsadkov\u00fdch veter\u00e1n\u016f a&nbsp;\u010cesk\u00e9 obce sokolsk\u00e9. Z\u00e1stupci [&hellip;]","protected":false},"author":5,"featured_media":66524,"comment_status":"closed","ping_status":"open","sticky":false,"template":"","format":"standard","meta":[],"categories":[34],"tags":[],"_links":{"self":[{"href":"https:\/\/www.praha7.cz\/api\/wp\/v2\/posts\/66521"}],"collection":[{"href":"https:\/\/www.praha7.cz\/api\/wp\/v2\/posts"}],"about":[{"href":"https:\/\/www.praha7.cz\/api\/wp\/v2\/types\/post"}],"author":[{"embeddable":true,"href":"https:\/\/www.praha7.cz\/api\/wp\/v2\/users\/5"}],"replies":[{"embeddable":true,"href":"https:\/\/www.praha7.cz\/api\/wp\/v2\/comments?post=66521"}],"version-history":[{"count":2,"href":"https:\/\/www.praha7.cz\/api\/wp\/v2\/posts\/66521\/revisions"}],"predecessor-version":[{"id":66527,"href":"https:\/\/www.praha7.cz\/api\/wp\/v2\/posts\/66521\/revisions\/66527"}],"wp:featuredmedia":[{"embeddable":true,"href":"https:\/\/www.praha7.cz\/api\/wp\/v2\/media\/66524"}],"wp:attachment":[{"href":"https:\/\/www.praha7.cz\/api\/wp\/v2\/media?parent=66521"}],"wp:term":[{"taxonomy":"category","embeddable":true,"href":"https:\/\/www.praha7.cz\/api\/wp\/v2\/categories?post=66521"},{"taxonomy":"post_tag","embeddable":true,"href":"https:\/\/www.praha7.cz\/api\/wp\/v2\/tags?post=66521"}],"curies":[{"name":"wp","href":"https:\/\/api.w.org\/{rel}","templated":true}]}}