    
{"id":66501,"date":"2023-05-04T15:02:13","date_gmt":"2023-05-04T13:02:13","guid":{"rendered":"https:\/\/www.praha7.cz\/?p=66501"},"modified":"2023-05-04T16:17:10","modified_gmt":"2023-05-04T14:17:10","slug":"prazsky-maraton-docasne-omezi-dopravu-v-centru-mesta","status":"publish","type":"post","link":"https:\/\/www.praha7.cz\/prazsky-maraton-docasne-omezi-dopravu-v-centru-mesta\/","title":{"rendered":"Pra\u017esk\u00fd maraton do\u010dasn\u011b omez\u00ed dopravu v&nbsp;centru m\u011bsta"},"content":{"rendered":"<p>[perex]<\/p>\r\n<p>U\u017e 27.&nbsp;ro\u010dn\u00edk Prague International Marathon se uskute\u010dn\u00ed v&nbsp;ned\u011bli 7.&nbsp;kv\u011btna 2023 v\u00a0\u0161ir\u0161\u00edm centru hlavn\u00edho m\u011bsta. Tento v\u00fdznamn\u00fd sportovn\u00ed sv\u00e1tek si v\u0161ak vy\u017e\u00e1d\u00e1 i&nbsp;n\u011bkter\u00e1 dopravn\u00ed opat\u0159en\u00ed, kter\u00e1 se budou t\u00fdkat automobilov\u00e9 dopravy a&nbsp;tak\u00e9 provozu tramvajov\u00fdch a&nbsp;autobusov\u00fdch linek m\u011bstsk\u00e9 hromadn\u00e9 dopravy.<\/p>\r\n<p>[\/perex]<\/p>\r\n<p>Novinkou leto\u0161n\u00edho ro\u010dn\u00edku je um\u00edst\u011bn\u00ed startu a&nbsp;c\u00edle z\u00e1vodu na M\u016fstek, tedy v\u00a0doln\u00ed \u010d\u00e1sti V\u00e1clavsk\u00e9ho n\u00e1m\u011bst\u00ed. Na 8 tis\u00edc b\u011b\u017ec\u016f, v\u010detn\u011b elitn\u00edch sv\u011btov\u00fdch atlet\u016f, vyb\u011bhne v\u00a09:00 hodin na v\u00edce ne\u017e 42 kilometr\u016f dlouhou tra\u0165, kter\u00e1 je povede p\u0159ev\u00e1\u017en\u011b v\u00a0okol\u00ed \u0159eky Vltavy na \u00fazem\u00ed m\u011bstsk\u00fdch \u010d\u00e1st\u00ed Praha 1, 2, 4, 5, 7 a&nbsp;8. Z\u00e1vodn\u00edci cestou nap\u0159\u00edklad p\u0159ekonaj\u00ed i&nbsp;celkem 6 pra\u017esk\u00fdch most\u016f. Ukon\u010den\u00ed z\u00e1vodu se p\u0159edpokl\u00e1d\u00e1 v\u00a016:00 hodin.<\/p>\r\n<p>Kv\u016fli kon\u00e1n\u00ed z\u00e1vodu budou do\u010dasn\u011b uzav\u0159eny pro automobilov\u00fd provoz tyto komunikace v&nbsp;Praze 1: Celetn\u00e1, \u010cech\u016fv most, Dvo\u0159\u00e1kovo n\u00e1b\u0159e\u017e\u00ed, Jir\u00e1skovo n\u00e1m\u011bst\u00ed a&nbsp;Jir\u00e1sk\u016fv most, Karl\u016fv most, Kl\u00e1rov, K\u0159i\u017eovnick\u00e1, M\u00e1nes\u016fv most, Masarykovo n\u00e1b\u0159e\u017e\u00ed, most Legi\u00ed, Mosteck\u00e1, n\u00e1m\u011bst\u00ed Republiky, Na P\u0159\u00edkop\u011b, N\u00e1rodn\u00ed, n\u00e1m\u011bst\u00ed Curieov\u00fdch, Pa\u0159\u00ed\u017esk\u00e1, Pra\u0161n\u00e1 br\u00e1na, Smetanovo n\u00e1b\u0159e\u017e\u00ed, Starom\u011bstsk\u00e9 n\u00e1m\u011bst\u00ed, T\u011b\u0161novsk\u00fd tunel a&nbsp;n\u00e1b\u0159e\u017e\u00ed Ludv\u00edka Svobody, \u00dajezd a&nbsp;Karmelitsk\u00e1, V\u00edt\u011bzn\u00e1, V\u00e1clavsk\u00e9 n\u00e1m\u011bst\u00ed i&nbsp;ulice 17.&nbsp;listopadu a&nbsp;28.&nbsp;\u0159\u00edjna.<\/p>\r\n<p>Uzav\u00edrka ulic bude platit i&nbsp;na n\u011bkter\u00fdch m\u00edstech v&nbsp;Praze 2, konkr\u00e9tn\u011b na Palack\u00e9ho n\u00e1m\u011bst\u00ed, Ra\u0161\u00ednov\u011b n\u00e1b\u0159e\u017e\u00ed, v\u00a0ulic\u00edch Na Slupi, Spytihn\u011bvova, Svobodova, Sekaninova a&nbsp;Jarom\u00edrova nebo na Ostr\u010dilov\u011b n\u00e1m\u011bst\u00ed. Dopravn\u00ed omezen\u00ed bude \u010dekat v\u00a0Praze 4 oblast Podolsk\u00e9ho n\u00e1b\u0159e\u017e\u00ed a&nbsp;tak\u00e9 Vy\u0161ehradsk\u00fd tunel, v\u00a0Praze 5 se bude jednat o&nbsp;Jir\u00e1sk\u016fv most, Diezenhoferovy sady, N\u00e1dra\u017en\u00ed, Vltavskou a&nbsp;Zborovskou, d\u00e1le o&nbsp;Palack\u00e9ho most a&nbsp;Lidickou nebo o&nbsp;ulice Svornosti, Strakonickou, N\u00e1b\u0159e\u017en\u00ed i&nbsp;o&nbsp;Ho\u0159ej\u0161\u00ed a&nbsp;Jan\u00e1\u010dkovo n\u00e1b\u0159e\u017e\u00ed. <strong>V Praze 7 se uzav\u00edrka zase dotkne Bubensk\u00e9ho n\u00e1b\u0159e\u017e\u00ed, ulic Jankovcova, Jate\u010dn\u00ed a&nbsp;Komunard\u016f i&nbsp;n\u00e1b\u0159e\u017e\u00ed Edvarda Bene\u0161e a&nbsp;kapit\u00e1na Jaro\u0161e.<\/strong> V\u00a0neposledn\u00ed \u0159ad\u011b se dopravn\u00ed omezen\u00ed t\u00fdk\u00e1 \u010d\u00e1sti Prahy 8, konkr\u00e9tn\u011b Libe\u0148sk\u00e9ho mostu, ulic Pob\u0159e\u017en\u00ed, \u0160torchovy, Voct\u00e1\u0159ovy, \u0160v\u00e1bek a&nbsp;Rohansk\u00e9ho n\u00e1b\u0159e\u017e\u00ed.<\/p>\r\n<p>Dopravu bude v\u00a0cel\u00e9 oblasti \u0159\u00eddit Policie \u010cR ve spolupr\u00e1ci s\u00a0M\u011bstskou polici\u00ed Praha a&nbsp;od 8:00 do 16:00 hodin bude postupn\u011b po trase z\u00e1vodu uzav\u00edrat a&nbsp;otev\u00edrat ulice a&nbsp;k\u0159i\u017eovatky. V\u00fdjimkou bude V\u00e1clavsk\u00e9 n\u00e1m\u011bst\u00ed a&nbsp;ulice 28.&nbsp;\u0159\u00edjna, kde bude omezen\u00ed platit d\u00e9le.<\/p>\r\n<p>Krom\u011b toho bude tak\u00e9 v\u00a0sobotu a&nbsp;v\u00a0ned\u011bli 6.&nbsp;a&nbsp;7.&nbsp;kv\u011btna 2023 platit z\u00a0d\u016fvodu zachov\u00e1n\u00ed bezpe\u010dnosti po cel\u00e9 trase z\u00e1vodu z\u00e1kaz parkov\u00e1n\u00ed, kter\u00fd by m\u011bli v\u0161ichni \u0159idi\u010di respektovat. V\u00a0opa\u010dn\u00e9m p\u0159\u00edpad\u011b budou jejich vozidla odta\u017eena.<\/p>\r\n<p>V\u00a0den kon\u00e1n\u00ed z\u00e1vodu mezi 8:35 a&nbsp;16:15 hodin bude omezen i&nbsp;provoz n\u011bkter\u00fdch tramvajov\u00fdch a&nbsp;autobusov\u00fdch linek. S\u00a0ohledem na zm\u011bny v\u00a0povrchov\u00e9 doprav\u011b je doporu\u010deno v\u00a0centru m\u011bsta vyu\u017e\u00edvat p\u0159edev\u0161\u00edm linek metra.<strong> Podrobnosti jsou k\u00a0dispozici na <a href=\"https:\/\/www.dpp.cz\/omezeni-a-mimoradne-udalosti\/detail\/17845\" target=\"_blank\" rel=\"noopener\">webu Dopravn\u00edho podniku hl. m. Prahy<\/a> nebo na infolince dopravn\u00edho podniku: 296\u00a0191\u00a0817.<\/strong><\/p>\r\n<p><strong>A\u017e do soboty 6.&nbsp;kv\u011btna 2023 bude v\u017edy od 9:00 do 18:00 hodin tak\u00e9 k\u00a0dispozici bezplatn\u00e1 dopravn\u011b-informa\u010dn\u00ed linka: 800\u00a0165\u00a0102. V\u00a0den z\u00e1vodu od 8:00 do 16:00 hodin pak bude mo\u017en\u00e9 nav\u00edc vyu\u017e\u00edt i&nbsp;linku: 800\u00a0100\u00a0991.<\/strong><\/p>\r\n<p><strong>Podrobnosti k&nbsp;z\u00e1vodu Prague International Marathon 2023 jsou k&nbsp;dispozici na <a href=\"https:\/\/www.runczech.com\/cs\/akce\/prague-international-marathon-2023\" target=\"_blank\" rel=\"noopener\">webu po\u0159adatele akce<\/a>.<\/strong><\/p>\r\n<h3><a href=\"https:\/\/cdn-vsh.runczech.com\/file\/edee\/2023\/05\/fm_map_2023.pdf\" target=\"_blank\" rel=\"noopener\">Trasa z\u00e1vodu<\/a><\/h3>","protected":false},"excerpt":{"rendered":"[perex] U\u017e 27.&nbsp;ro\u010dn\u00edk Prague International Marathon se uskute\u010dn\u00ed v&nbsp;ned\u011bli 7.&nbsp;kv\u011btna 2023 v\u00a0\u0161ir\u0161\u00edm centru hlavn\u00edho m\u011bsta. Tento v\u00fdznamn\u00fd sportovn\u00ed sv\u00e1tek si v\u0161ak vy\u017e\u00e1d\u00e1 i&nbsp;n\u011bkter\u00e1 dopravn\u00ed opat\u0159en\u00ed, kter\u00e1 se budou t\u00fdkat automobilov\u00e9 dopravy a&nbsp;tak\u00e9 provozu tramvajov\u00fdch a&nbsp;autobusov\u00fdch linek m\u011bstsk\u00e9 hromadn\u00e9 dopravy. [\/perex] Novinkou leto\u0161n\u00edho ro\u010dn\u00edku je um\u00edst\u011bn\u00ed startu a&nbsp;c\u00edle z\u00e1vodu na M\u016fstek, tedy v\u00a0doln\u00ed \u010d\u00e1sti V\u00e1clavsk\u00e9ho n\u00e1m\u011bst\u00ed. [&hellip;]","protected":false},"author":5,"featured_media":66502,"comment_status":"closed","ping_status":"open","sticky":false,"template":"","format":"standard","meta":[],"categories":[34],"tags":[],"_links":{"self":[{"href":"https:\/\/www.praha7.cz\/api\/wp\/v2\/posts\/66501"}],"collection":[{"href":"https:\/\/www.praha7.cz\/api\/wp\/v2\/posts"}],"about":[{"href":"https:\/\/www.praha7.cz\/api\/wp\/v2\/types\/post"}],"author":[{"embeddable":true,"href":"https:\/\/www.praha7.cz\/api\/wp\/v2\/users\/5"}],"replies":[{"embeddable":true,"href":"https:\/\/www.praha7.cz\/api\/wp\/v2\/comments?post=66501"}],"version-history":[{"count":3,"href":"https:\/\/www.praha7.cz\/api\/wp\/v2\/posts\/66501\/revisions"}],"predecessor-version":[{"id":66506,"href":"https:\/\/www.praha7.cz\/api\/wp\/v2\/posts\/66501\/revisions\/66506"}],"wp:featuredmedia":[{"embeddable":true,"href":"https:\/\/www.praha7.cz\/api\/wp\/v2\/media\/66502"}],"wp:attachment":[{"href":"https:\/\/www.praha7.cz\/api\/wp\/v2\/media?parent=66501"}],"wp:term":[{"taxonomy":"category","embeddable":true,"href":"https:\/\/www.praha7.cz\/api\/wp\/v2\/categories?post=66501"},{"taxonomy":"post_tag","embeddable":true,"href":"https:\/\/www.praha7.cz\/api\/wp\/v2\/tags?post=66501"}],"curies":[{"name":"wp","href":"https:\/\/api.w.org\/{rel}","templated":true}]}}