    
{"id":66474,"date":"2023-05-03T17:25:02","date_gmt":"2023-05-03T15:25:02","guid":{"rendered":"https:\/\/www.praha7.cz\/?p=66474"},"modified":"2023-05-03T17:25:34","modified_gmt":"2023-05-03T15:25:34","slug":"zmena-terminu-pravni-poradny-pro-seniory-2","status":"publish","type":"post","link":"https:\/\/www.praha7.cz\/zmena-terminu-pravni-poradny-pro-seniory-2\/","title":{"rendered":"Zm\u011bna term\u00ednu pr\u00e1vn\u00ed poradny pro seniory"},"content":{"rendered":"<p>[perex]<\/p>\r\n<p>Upozor\u0148ujeme na zm\u011bnu term\u00ednu druh\u00e9 kv\u011btnov\u00e9 pr\u00e1vn\u00ed poradny pro seniory. Z&nbsp;provozn\u00edch d\u016fvod\u016f se neuskute\u010dn\u00ed ve st\u0159edu 17.&nbsp;5, ale n\u00e1sleduj\u00edc\u00ed t\u00fdden <strong>ve st\u0159edu 24.&nbsp;5<\/strong>. Pr\u00e1vn\u00ed poradna se kon\u00e1 od 15 do 18 hodin v&nbsp;zasedac\u00ed m\u00edstnosti 2.09 (2.&nbsp;patro), U&nbsp;Pr\u016fhonu 1338\/38.<\/p>\r\n<p>V\u00edce informac\u00ed a&nbsp;dal\u0161\u00ed term\u00edny najdete <a href=\"https:\/\/www.praha7.cz\/temata\/pravni-pomoc\/pravni-poradna\/\">ZDE<\/a>.<\/p>\r\n<p>[\/perex]<\/p>","protected":false},"excerpt":{"rendered":"[perex] Upozor\u0148ujeme na zm\u011bnu term\u00ednu druh\u00e9 kv\u011btnov\u00e9 pr\u00e1vn\u00ed poradny pro seniory. Z&nbsp;provozn\u00edch d\u016fvod\u016f se neuskute\u010dn\u00ed ve st\u0159edu 17.&nbsp;5, ale n\u00e1sleduj\u00edc\u00ed t\u00fdden ve st\u0159edu 24.&nbsp;5. Pr\u00e1vn\u00ed poradna se kon\u00e1 od 15 do 18 hodin v&nbsp;zasedac\u00ed m\u00edstnosti 2.09 (2.&nbsp;patro), U&nbsp;Pr\u016fhonu 1338\/38. V\u00edce informac\u00ed a&nbsp;dal\u0161\u00ed term\u00edny najdete ZDE. [\/perex]","protected":false},"author":5,"featured_media":19229,"comment_status":"closed","ping_status":"open","sticky":false,"template":"","format":"standard","meta":[],"categories":[34],"tags":[],"_links":{"self":[{"href":"https:\/\/www.praha7.cz\/api\/wp\/v2\/posts\/66474"}],"collection":[{"href":"https:\/\/www.praha7.cz\/api\/wp\/v2\/posts"}],"about":[{"href":"https:\/\/www.praha7.cz\/api\/wp\/v2\/types\/post"}],"author":[{"embeddable":true,"href":"https:\/\/www.praha7.cz\/api\/wp\/v2\/users\/5"}],"replies":[{"embeddable":true,"href":"https:\/\/www.praha7.cz\/api\/wp\/v2\/comments?post=66474"}],"version-history":[{"count":2,"href":"https:\/\/www.praha7.cz\/api\/wp\/v2\/posts\/66474\/revisions"}],"predecessor-version":[{"id":66476,"href":"https:\/\/www.praha7.cz\/api\/wp\/v2\/posts\/66474\/revisions\/66476"}],"wp:featuredmedia":[{"embeddable":true,"href":"https:\/\/www.praha7.cz\/api\/wp\/v2\/media\/19229"}],"wp:attachment":[{"href":"https:\/\/www.praha7.cz\/api\/wp\/v2\/media?parent=66474"}],"wp:term":[{"taxonomy":"category","embeddable":true,"href":"https:\/\/www.praha7.cz\/api\/wp\/v2\/categories?post=66474"},{"taxonomy":"post_tag","embeddable":true,"href":"https:\/\/www.praha7.cz\/api\/wp\/v2\/tags?post=66474"}],"curies":[{"name":"wp","href":"https:\/\/api.w.org\/{rel}","templated":true}]}}