    
{"id":66453,"date":"2023-05-03T10:46:56","date_gmt":"2023-05-03T08:46:56","guid":{"rendered":"https:\/\/www.praha7.cz\/?p=66453"},"modified":"2023-05-03T12:53:36","modified_gmt":"2023-05-03T10:53:36","slug":"anketa-o-vyuziti-nebytoveho-prostoru-dukelskych-hrdinu-902-40","status":"publish","type":"post","link":"https:\/\/www.praha7.cz\/anketa-o-vyuziti-nebytoveho-prostoru-dukelskych-hrdinu-902-40\/","title":{"rendered":"Anketa o&nbsp;vyu\u017eit\u00ed nebytov\u00e9ho prostoru Dukelsk\u00fdch hrdin\u016f 902\/40"},"content":{"rendered":"<p>[perex]<\/p>\r\n<p>Praha&nbsp;7 spou\u0161t\u00ed pilotn\u00ed projekt s&nbsp;c\u00edlem zapojit ve\u0159ejnost do pl\u00e1nov\u00e1n\u00ed, jak budou vyu\u017eity nebytov\u00e9 prostory ve\u00a0spr\u00e1v\u011b m\u011bstsk\u00e9 \u010d\u00e1sti.<\/p>\r\n<p>[\/perex]<\/p>\r\n<p>Pr\u00e1v\u011b hled\u00e1me nov\u00e9 vyu\u017eit\u00ed pro nebytov\u00fd prostor v\u00a0ul. Dukelsk\u00fdch hrdin\u016f 902\/40. Jak\u00fd druh provozovny byste zde uv\u00edtali? Pod\u011blte se s&nbsp;n\u00e1mi o&nbsp;sv\u016fj n\u00e1zor prost\u0159ednictv\u00edm ankety. I&nbsp;vy m\u016f\u017eete ovlivnit, jak\u00fd podnik zde budete moci v\u00a0p\u0159\u00ed\u0161t\u00edch letech nav\u0161t\u011bvovat.<\/p>\r\n<h3>Anketu m\u016f\u017eete vyplnit do 31.&nbsp;7.&nbsp;2023 <a href=\"https:\/\/www.praha7.cz\/anketa-web\/dukelskychhrdinu40\">ZDE<\/a>.<\/h3>","protected":false},"excerpt":{"rendered":"[perex] Praha&nbsp;7 spou\u0161t\u00ed pilotn\u00ed projekt s&nbsp;c\u00edlem zapojit ve\u0159ejnost do pl\u00e1nov\u00e1n\u00ed, jak budou vyu\u017eity nebytov\u00e9 prostory ve\u00a0spr\u00e1v\u011b m\u011bstsk\u00e9 \u010d\u00e1sti. [\/perex] Pr\u00e1v\u011b hled\u00e1me nov\u00e9 vyu\u017eit\u00ed pro nebytov\u00fd prostor v\u00a0ul. Dukelsk\u00fdch hrdin\u016f 902\/40. Jak\u00fd druh provozovny byste zde uv\u00edtali? Pod\u011blte se s&nbsp;n\u00e1mi o&nbsp;sv\u016fj n\u00e1zor prost\u0159ednictv\u00edm ankety. I&nbsp;vy m\u016f\u017eete ovlivnit, jak\u00fd podnik zde budete moci v\u00a0p\u0159\u00ed\u0161t\u00edch letech nav\u0161t\u011bvovat. Anketu [&hellip;]","protected":false},"author":5,"featured_media":66454,"comment_status":"closed","ping_status":"open","sticky":false,"template":"","format":"standard","meta":[],"categories":[34],"tags":[],"_links":{"self":[{"href":"https:\/\/www.praha7.cz\/api\/wp\/v2\/posts\/66453"}],"collection":[{"href":"https:\/\/www.praha7.cz\/api\/wp\/v2\/posts"}],"about":[{"href":"https:\/\/www.praha7.cz\/api\/wp\/v2\/types\/post"}],"author":[{"embeddable":true,"href":"https:\/\/www.praha7.cz\/api\/wp\/v2\/users\/5"}],"replies":[{"embeddable":true,"href":"https:\/\/www.praha7.cz\/api\/wp\/v2\/comments?post=66453"}],"version-history":[{"count":2,"href":"https:\/\/www.praha7.cz\/api\/wp\/v2\/posts\/66453\/revisions"}],"predecessor-version":[{"id":66456,"href":"https:\/\/www.praha7.cz\/api\/wp\/v2\/posts\/66453\/revisions\/66456"}],"wp:featuredmedia":[{"embeddable":true,"href":"https:\/\/www.praha7.cz\/api\/wp\/v2\/media\/66454"}],"wp:attachment":[{"href":"https:\/\/www.praha7.cz\/api\/wp\/v2\/media?parent=66453"}],"wp:term":[{"taxonomy":"category","embeddable":true,"href":"https:\/\/www.praha7.cz\/api\/wp\/v2\/categories?post=66453"},{"taxonomy":"post_tag","embeddable":true,"href":"https:\/\/www.praha7.cz\/api\/wp\/v2\/tags?post=66453"}],"curies":[{"name":"wp","href":"https:\/\/api.w.org\/{rel}","templated":true}]}}