    
{"id":66425,"date":"2023-05-02T15:50:12","date_gmt":"2023-05-02T13:50:12","guid":{"rendered":"https:\/\/www.praha7.cz\/?p=66425"},"modified":"2023-05-02T15:59:11","modified_gmt":"2023-05-02T13:59:11","slug":"bytovy-a-specialista-ka","status":"publish","type":"post","link":"https:\/\/www.praha7.cz\/bytovy-a-specialista-ka\/","title":{"rendered":"Bytov\u00fd\/\u00e1 specialista\/ka"},"content":{"rendered":"<p>[perex]<\/p>\r\n<p>\u00da\u0159ad Prahy&nbsp;7 sh\u00e1n\u00ed do sv\u00e9ho t\u00fdmu kolegu \u010di kolegyni na pozici\u00a0bytov\u00fd\/\u00e1 specialista\/ka v&nbsp;projektu \u0159e\u0161en\u00ed bytov\u00e9 nouze. Chcete se pod\u00edlet na smyslupln\u00e9 pr\u00e1ci v&nbsp;dynamicky se rozv\u00edjej\u00edc\u00ed m\u011bstsk\u00e9 \u010d\u00e1sti pro \u00fa\u0159ad s&nbsp;tak trochu jin\u00fdm p\u0159\u00edstupem? Nev\u00e1hejte a&nbsp;p\u0159ihlaste se do na\u0161eho popt\u00e1vkov\u00e9ho \u0159\u00edzen\u00ed.<\/p>\r\n<p>[\/perex]<\/p>\r\n<h3>O jak\u00fd projekt se jedn\u00e1<\/h3>\r\n<p>Projekt je zam\u011b\u0159en na podporu soci\u00e1ln\u00edho za\u010dle\u0148ov\u00e1n\u00ed osob v&nbsp;bytov\u00e9 nouzi a&nbsp;bytovou nouz\u00ed ohro\u017een\u00fdch v\u00a0\u00fazem\u00ed Prahy&nbsp;7, kter\u00e1 je zalo\u017eena na jejich p\u0159\u00edm\u00e9 podpo\u0159e v&nbsp;podob\u011b zabydlov\u00e1n\u00ed do byt\u016f p\u0159i p\u0159\u00edpadn\u00e9m vyu\u017eit\u00ed soci\u00e1ln\u00ed pr\u00e1ce a&nbsp;tak\u00e9 prost\u0159ednictv\u00edm integrovan\u00e9ho \u0159e\u0161en\u00ed bytov\u00e9 nouze v\u010detn\u011b aktualizace syst\u00e9mov\u00e9ho ukotven\u00ed. Obsahem projektu jsou aktivity zam\u011b\u0159en\u00e9 na zabydlov\u00e1n\u00ed osob, fungov\u00e1n\u00ed a&nbsp;rozvoj Kontaktn\u00edho m\u00edsta pro bydlen\u00ed, komplexn\u00ed a&nbsp;intenzivn\u00ed podporu klient\u016f a&nbsp;vyu\u017eit\u00ed nov\u00fdch n\u00e1stroj\u016f v&nbsp;tomto p\u0159\u00edpad\u011b soci\u00e1ln\u00ed realitn\u00ed agentury, d\u00e1le preventivn\u00ed aktivity pro zabr\u00e1n\u011bn\u00ed ztr\u00e1ty bydlen\u00ed (nap\u0159. mediace), podporu multidisciplin\u00e1rn\u00edch t\u00fdm\u016f, vytv\u00e1\u0159en\u00ed a&nbsp;roz\u0161i\u0159ov\u00e1n\u00ed podp\u016frn\u00fdch s\u00edt\u00ed slu\u017eeb a&nbsp;jejich zefektiv\u0148ov\u00e1n\u00ed na z\u00e1klad\u011b elektronizace, aktualizaci dostupn\u00e9 dokumentace (koncepce bydlen\u00ed, demografick\u00e9 studie \u00fazem\u00ed Prahy&nbsp;7 apod.).<\/p>\r\n<p>&nbsp;<\/p>\r\n<h3>Co u&nbsp;n\u00e1s budete d\u011blat?<\/h3>\r\n<p>Budete spolupracovat na v\u00fdb\u011bru vhodn\u00e9ho bytu pro klienta, na zaji\u0161t\u011bn\u00ed vybaven\u00ed bytu a&nbsp;podpo\u0159e klient\u016f p\u0159i st\u011bhov\u00e1n\u00ed. Budete\u00a0\u0159e\u0161it technick\u00e9 z\u00e1le\u017eitosti u\u017e\u00edv\u00e1n\u00ed byt\u016f (uzav\u00edr\u00e1n\u00ed smluv, opravy atd.),\u00a0spolupracovat se soci\u00e1ln\u00edmi a&nbsp;dal\u0161\u00edmi podp\u016frn\u00fdmi pracovn\u00edky p\u0159i \u0159e\u0161en\u00ed probl\u00e9m\u016f ohro\u017euj\u00edc\u00edch n\u00e1jemn\u00ed smlouvu klienta. N\u00e1pln\u00ed va\u0161\u00ed pr\u00e1ce bude tak\u00e9\u00a0facilitace potenci\u00e1ln\u011b konfliktn\u00ed situace mezi pronaj\u00edmatelem a&nbsp;n\u00e1jemn\u00edkem, spolupr\u00e1ce se soci\u00e1ln\u00edm realitn\u00edm zprost\u0159edkovatelem p\u0159i vyhled\u00e1v\u00e1n\u00ed vhodn\u00fdch byt\u016f pro zabydlov\u00e1n\u00ed klient\u016f, vyhled\u00e1v\u00e1n\u00ed byt\u016f, kter\u00e9 by mohly b\u00fdt za\u0159azeny do programu a\u00a0navazov\u00e1n\u00ed kontakt\u016f s&nbsp;potenci\u00e1ln\u00edmi komer\u010dn\u00edmi pronaj\u00edmateli.<\/p>\r\n<p>&nbsp;<\/p>\r\n<h3>Co od v\u00e1s o\u010dek\u00e1v\u00e1me?<\/h3>\r\n<ul>\r\n\t<li>vysoko\u0161kolsk\u00e9 vzd\u011bl\u00e1n\u00ed v&nbsp;bakal\u00e1\u0159sk\u00e9m studijn\u00edm programu nebo vy\u0161\u0161\u00ed odborn\u00e9 vzd\u011bl\u00e1n\u00ed<\/li>\r\n\t<li>zku\u0161enosti s&nbsp;komunitn\u00edm pl\u00e1nov\u00e1n\u00edm, znalost z\u00e1kona 108\/2006 sb., o&nbsp;soci\u00e1ln\u00edch slu\u017eb\u00e1ch ve zn\u011bn\u00ed pozd\u011bj\u0161\u00edch p\u0159edpis\u016f) a&nbsp;dal\u0161\u00edch p\u0159edpis\u016f zam\u011b\u0159en\u00fdch na soci\u00e1ln\u00ed pr\u00e1ci, znalost case managementu<\/li>\r\n\t<li>zku\u0161enosti s&nbsp;mediac\u00ed spor\u016f a&nbsp;\u0159e\u0161en\u00edm konflikt\u016f<\/li>\r\n\t<li>zku\u0161enosti s&nbsp;poskytov\u00e1n\u00edm podpory osob\u00e1m v&nbsp;bytov\u00e9 nouzi v\u00fdhodou<\/li>\r\n\t<li>proaktivn\u00ed p\u0159\u00edstup<\/li>\r\n\t<li>komunika\u010dn\u00ed, mana\u017eersk\u00e9 a&nbsp;organiza\u010dn\u00ed dovednosti<\/li>\r\n\t<li>pe\u010dlivost, samostatnost, spolehlivost, flexibilitu<\/li>\r\n\t<li>znalost pr\u00e1ce na PC &#8211; MS Office (Outlook, Excel, Word)<\/li>\r\n\t<li>AJ a&nbsp;projektov\u00e1 zku\u0161enost v\u00fdhodou<\/li>\r\n<\/ul>\r\n<p>&nbsp;<\/p>\r\n<h3>Co v\u00e1m nab\u00edz\u00edme?<\/h3>\r\n<p>Pracovn\u00ed pom\u011br na dobu ur\u010ditou do 31.&nbsp;12.&nbsp;2025 s&nbsp;mo\u017enost\u00ed \u00favazku 0,5. N\u00e1stupn\u00ed plat v&nbsp;10.\u00a0platov\u00e9 t\u0159\u00edd\u011b a\u017e do v\u00fd\u0161e 34&nbsp;370&nbsp;K\u010d podle d\u00e9lky odborn\u00e9 praxe. Po zku\u0161ebn\u00ed dob\u011b osobn\u00ed p\u0159\u00edplatek a\u017e do v\u00fd\u0161e 100 %\u00a0maxim\u00e1ln\u00edho n\u00e1stupn\u00edho platu.\u00a0<\/p>\r\n<table width=\"1109\" height=\"217\" style=\"color: black !important; font-weight: normal !important;\">\r\n<tbody>\r\n<tr>\r\n<td style=\"height: 0px; text-align: center;\"><\/td>\r\n<td style=\"height: 0px; text-align: center;\"><\/td>\r\n<td style=\"height: 0px; text-align: center;\"><\/td>\r\n<\/tr>\r\n<tr>\r\n<td style=\"width: 361px; text-align: center;\">\r\n<p><img loading=\"lazy\" src=\"https:\/\/www.praha7.cz\/wp-content\/uploads\/2018\/11\/rust.jpg\" alt=\"\" width=\"99\" height=\"96\" class=\"alignnone size-full wp-image-21382\" \/><\/p>\r\n<span style=\"font-weight: normal !important; color: black !important;\">Platov\u00e9 ohodnocen\u00ed, kter\u00e9 roste spolu s&nbsp;v\u00e1mi.<\/span><\/td>\r\n<td style=\"width: 363px; text-align: center;\">\r\n<p><img loading=\"lazy\" src=\"https:\/\/www.praha7.cz\/wp-content\/uploads\/2018\/11\/benefit.jpg\" alt=\"\" width=\"99\" height=\"96\" class=\"alignnone size-full wp-image-21381\" \/><\/p>\r\n<span style=\"font-weight: normal !important; color: black !important;\">\u0160irokou \u0161k\u00e1lu benefit\u016f, kter\u00e9 p\u0159ich\u00e1zej\u00ed ve spr\u00e1vn\u00fd \u010das.<\/span><\/td>\r\n<td style=\"width: 363px; text-align: center;\">\r\n<p><img loading=\"lazy\" src=\"https:\/\/www.praha7.cz\/wp-content\/uploads\/2018\/11\/dovolena.jpg\" alt=\"\" width=\"99\" height=\"96\" class=\"alignnone size-full wp-image-21383\" \/><\/p>\r\n<span style=\"font-weight: normal !important; color: black !important;\">5 t\u00fddn\u016f dovolen\u00e9, na kterou nebudete cht\u00edt odjet.<\/span><\/td>\r\n<\/tr>\r\n<tr>\r\n<td style=\"width: 361px; text-align: center;\">\r\n<p><img loading=\"lazy\" src=\"https:\/\/www.praha7.cz\/wp-content\/uploads\/2018\/11\/vzdelavani.jpg\" alt=\"\" width=\"142\" height=\"96\" class=\"alignnone size-full wp-image-21384\" \/><\/p>\r\n<span style=\"font-weight: normal !important; color: black !important;\">Mo\u017enost dal\u0161\u00edho vzd\u011bl\u00e1v\u00e1n\u00ed, abyste se ve sv\u011bt\u011b neztratili.<\/span><\/td>\r\n<td style=\"width: 363px; text-align: center;\">\r\n<p><img loading=\"lazy\" src=\"https:\/\/www.praha7.cz\/wp-content\/uploads\/2018\/11\/inspirace.jpg\" alt=\"\" width=\"99\" height=\"96\" class=\"alignnone size-full wp-image-21385\" \/><\/p>\r\n<span style=\"font-weight: normal !important; color: black !important;\">Pr\u00e1ci v&nbsp;inspirativn\u00edm kolektivu, kde se p\u0159ed n\u00e1pady nezav\u00edraj\u00ed o\u010di.<\/span><\/td>\r\n<td style=\"width: 363px; text-align: center;\">\r\n<p><img loading=\"lazy\" src=\"https:\/\/www.praha7.cz\/wp-content\/uploads\/2018\/11\/perspektiva.jpg\" alt=\"\" width=\"99\" height=\"96\" class=\"alignnone size-full wp-image-21386\" \/><\/p>\r\n<span style=\"font-weight: normal !important; color: black !important;\">Perspektivn\u00ed zam\u011bstn\u00e1n\u00ed, kde pom\u00e1h\u00e1te m\u011bnit sv\u011bt kolem sebe.<\/span><\/td>\r\n<\/tr>\r\n<\/tbody>\r\n<\/table>\r\n<p>&nbsp;<\/p>\r\n<h3>Jak se k\u00a0n\u00e1m dostanete?<\/h3>\r\n<p>P\u0159ihl\u00e1\u0161ku a&nbsp;souhlas se zpracov\u00e1n\u00edm osobn\u00edch \u00fadaj\u016f (naleznete ve <a href=\"https:\/\/www.praha7.cz\/radnice\/povinne-zverejnovane-informace\/formulare\/\">Formul\u00e1\u0159\u00edch Odboru person\u00e1ln\u00edch \u010dinnost\u00ed<\/a>) v\u010detn\u011b strukturovan\u00e9ho \u017eivotopisu je mo\u017en\u00e9 osobn\u011b doru\u010dit v&nbsp;\u00fa\u0159edn\u00edch hodin\u00e1ch do podatelny \u00da\u0159adu M\u010c Praha&nbsp;7 nebo zaslat na n\u00ed\u017ee uvedenou adresu, p\u0159\u00edpadn\u011b emailem na <a href=\"mailto:pouzarovae@praha7.cz\">pouzarovae@praha7.cz<\/a> <span style=\"color: #ff0000;\"><strong>nejpozd\u011bji do 19.&nbsp;5.&nbsp;2023<\/strong><\/span>.<\/p>\r\n<p>&nbsp;<\/p>\r\n<p><strong>P\u0159edpokl\u00e1dan\u00fd vznik pracovn\u00edho pom\u011bru je 1.&nbsp;6.&nbsp;2023.<\/strong><\/p>\r\n<p>&nbsp;<\/p>\r\n<p><em>M\u011bstsk\u00e1 \u010d\u00e1st Praha&nbsp;7<\/em><\/p>\r\n<p><em>\u00da\u0159ad m\u011bstsk\u00e9 \u010d\u00e1sti Praha&nbsp;7<\/em><\/p>\r\n<p><em>Odbor person\u00e1ln\u00edch \u010dinnost\u00ed<\/em><\/p>\r\n<p><em>U Pr\u016fhonu 1338\/38<\/em><\/p>\r\n<p><em>170&nbsp;00 Praha&nbsp;7<\/em><\/p>\r\n<p>&nbsp;<\/p>\r\n<p><strong>Ve\u0161ker\u00e9 pot\u0159ebn\u00e9 informace pro p\u0159ihl\u00e1\u0161en\u00ed do popt\u00e1vkov\u00e9ho \u0159\u00edzen\u00ed najdete <a href=\"https:\/\/www.praha7.cz\/wp-content\/uploads\/2023\/05\/OVP\u0158-bytov\u00fd-specialista.pdf\" target=\"_blank\" rel=\"noopener\">ZDE<\/a>.<\/strong><strong><a href=\"https:\/\/www.praha7.cz\/wp-content\/uploads\/2021\/09\/OEK-\u00fa\u010detn\u00ed-evidence-majetku.pdf\"><\/a><\/strong><\/p>","protected":false},"excerpt":{"rendered":"[perex] \u00da\u0159ad Prahy&nbsp;7 sh\u00e1n\u00ed do sv\u00e9ho t\u00fdmu kolegu \u010di kolegyni na pozici\u00a0bytov\u00fd\/\u00e1 specialista\/ka v&nbsp;projektu \u0159e\u0161en\u00ed bytov\u00e9 nouze. Chcete se pod\u00edlet na smyslupln\u00e9 pr\u00e1ci v&nbsp;dynamicky se rozv\u00edjej\u00edc\u00ed m\u011bstsk\u00e9 \u010d\u00e1sti pro \u00fa\u0159ad s&nbsp;tak trochu jin\u00fdm p\u0159\u00edstupem? Nev\u00e1hejte a&nbsp;p\u0159ihlaste se do na\u0161eho popt\u00e1vkov\u00e9ho \u0159\u00edzen\u00ed. [\/perex] O&nbsp;jak\u00fd projekt se jedn\u00e1 Projekt je zam\u011b\u0159en na podporu soci\u00e1ln\u00edho za\u010dle\u0148ov\u00e1n\u00ed osob [&hellip;]","protected":false},"author":5,"featured_media":38329,"comment_status":"closed","ping_status":"open","sticky":false,"template":"","format":"standard","meta":[],"categories":[1],"tags":[],"_links":{"self":[{"href":"https:\/\/www.praha7.cz\/api\/wp\/v2\/posts\/66425"}],"collection":[{"href":"https:\/\/www.praha7.cz\/api\/wp\/v2\/posts"}],"about":[{"href":"https:\/\/www.praha7.cz\/api\/wp\/v2\/types\/post"}],"author":[{"embeddable":true,"href":"https:\/\/www.praha7.cz\/api\/wp\/v2\/users\/5"}],"replies":[{"embeddable":true,"href":"https:\/\/www.praha7.cz\/api\/wp\/v2\/comments?post=66425"}],"version-history":[{"count":4,"href":"https:\/\/www.praha7.cz\/api\/wp\/v2\/posts\/66425\/revisions"}],"predecessor-version":[{"id":66436,"href":"https:\/\/www.praha7.cz\/api\/wp\/v2\/posts\/66425\/revisions\/66436"}],"wp:featuredmedia":[{"embeddable":true,"href":"https:\/\/www.praha7.cz\/api\/wp\/v2\/media\/38329"}],"wp:attachment":[{"href":"https:\/\/www.praha7.cz\/api\/wp\/v2\/media?parent=66425"}],"wp:term":[{"taxonomy":"category","embeddable":true,"href":"https:\/\/www.praha7.cz\/api\/wp\/v2\/categories?post=66425"},{"taxonomy":"post_tag","embeddable":true,"href":"https:\/\/www.praha7.cz\/api\/wp\/v2\/tags?post=66425"}],"curies":[{"name":"wp","href":"https:\/\/api.w.org\/{rel}","templated":true}]}}