    
{"id":66386,"date":"2023-05-03T09:32:47","date_gmt":"2023-05-03T07:32:47","guid":{"rendered":"https:\/\/www.praha7.cz\/?p=66386"},"modified":"2023-04-28T17:44:46","modified_gmt":"2023-04-28T15:44:46","slug":"vysel-kvetnovy-hobulet","status":"publish","type":"post","link":"https:\/\/www.praha7.cz\/vysel-kvetnovy-hobulet\/","title":{"rendered":"Vy\u0161el kv\u011btnov\u00fd Hobulet"},"content":{"rendered":"<p>[perex]<\/p>\r\n<p>\u201eMate\u0159stv\u00ed si zaslou\u017e\u00ed podporu,\u201c \u0159\u00edk\u00e1 v&nbsp;rozhovoru pro kv\u011btnov\u00fd Hobulet l\u00e9ka\u0159 Eduard Ku\u010dera. A&nbsp;co dal\u0161\u00edho na v\u00e1s v&nbsp;radni\u010dn\u00edm magaz\u00ednu \u010dek\u00e1? Hlavn\u00ed t\u00e9ma se v\u011bnuje odpad\u016fm, p\u0159ipravili jsme pro v\u00e1s i&nbsp;dva tah\u00e1ky, kter\u00e9 v\u00e1m, douf\u00e1me, usnadn\u00ed t\u0159\u00edd\u011bn\u00ed. V\u00edte, co d\u011bl\u00e1 burleska? Svoji profesi v\u00e1m p\u0159edstav\u00ed Zorya Blue v&nbsp;rubrice Potk\u00e1v\u00e1me je. P\u0159in\u00e1\u0161\u00edme program ji\u017e 13.&nbsp;ro\u010dn\u00edku festivalu otev\u0159en\u00fdch kulturn\u00edch m\u00edst na Sedmi\u010dce M\u00e1me otev\u0159eno a&nbsp;jako v\u017edy str\u00e1nku v\u011bnovanou d\u011btem, rubriku Archiv, pozv\u00e1nky na kulturn\u00ed akce a&nbsp;dal\u0161\u00ed informace o&nbsp;tom, co se v&nbsp;na\u0161\u00ed \u010dtvrti d\u011bje. P\u0159ejeme p\u0159\u00edjemn\u00e9 chv\u00edle nad Hobuletem, snad u\u017e t\u0159eba na lavi\u010dce v&nbsp;parku.<\/p>\r\n<p>[\/perex]<\/p>\r\n<h3>\u010c\u00edst Hobulet online m\u016f\u017eete\u00a0<a href=\"https:\/\/zpravodaj.munipolis.cz\/praha7\/kveten-2023\/\">zde<\/a>.<\/h3>\r\n<p>Kv\u011btnov\u00fd Hobulet sv\u00fdmi ilustracemi doprovodila Barbora Fastrov\u00e1.<\/p>\r\n<p>Nep\u0159i\u0161el v\u00e1m Hobulet do schr\u00e1nky? Napi\u0161te pros\u00edm Pet\u0159e L\u00f3pez na e-mail: <a href=\"mailto:lopezp@praha7.cz\">lopezp@praha7.cz<\/a><\/p>\r\n<hr \/>\r\n<p>Archiv m\u011bs\u00ed\u010dn\u00edku m\u011bstsk\u00e9 \u010d\u00e1sti Praha\u00a07\u00a0Hobulet\u00a0najdete\u00a0<a href=\"https:\/\/www.praha7.cz\/hobulet\/archiv-hobuletu\/\">zde<\/a>.<\/p>","protected":false},"excerpt":{"rendered":"[perex] \u201eMate\u0159stv\u00ed si zaslou\u017e\u00ed podporu,\u201c \u0159\u00edk\u00e1 v&nbsp;rozhovoru pro kv\u011btnov\u00fd Hobulet l\u00e9ka\u0159 Eduard Ku\u010dera. A&nbsp;co dal\u0161\u00edho na v\u00e1s v&nbsp;radni\u010dn\u00edm magaz\u00ednu \u010dek\u00e1? Hlavn\u00ed t\u00e9ma se v\u011bnuje odpad\u016fm, p\u0159ipravili jsme pro v\u00e1s i&nbsp;dva tah\u00e1ky, kter\u00e9 v\u00e1m, douf\u00e1me, usnadn\u00ed t\u0159\u00edd\u011bn\u00ed. V\u00edte, co d\u011bl\u00e1 burleska? Svoji profesi v\u00e1m p\u0159edstav\u00ed Zorya Blue v&nbsp;rubrice Potk\u00e1v\u00e1me je. P\u0159in\u00e1\u0161\u00edme program ji\u017e 13.&nbsp;ro\u010dn\u00edku festivalu otev\u0159en\u00fdch [&hellip;]","protected":false},"author":251,"featured_media":66387,"comment_status":"closed","ping_status":"open","sticky":false,"template":"","format":"standard","meta":[],"categories":[34],"tags":[],"_links":{"self":[{"href":"https:\/\/www.praha7.cz\/api\/wp\/v2\/posts\/66386"}],"collection":[{"href":"https:\/\/www.praha7.cz\/api\/wp\/v2\/posts"}],"about":[{"href":"https:\/\/www.praha7.cz\/api\/wp\/v2\/types\/post"}],"author":[{"embeddable":true,"href":"https:\/\/www.praha7.cz\/api\/wp\/v2\/users\/251"}],"replies":[{"embeddable":true,"href":"https:\/\/www.praha7.cz\/api\/wp\/v2\/comments?post=66386"}],"version-history":[{"count":6,"href":"https:\/\/www.praha7.cz\/api\/wp\/v2\/posts\/66386\/revisions"}],"predecessor-version":[{"id":66393,"href":"https:\/\/www.praha7.cz\/api\/wp\/v2\/posts\/66386\/revisions\/66393"}],"wp:featuredmedia":[{"embeddable":true,"href":"https:\/\/www.praha7.cz\/api\/wp\/v2\/media\/66387"}],"wp:attachment":[{"href":"https:\/\/www.praha7.cz\/api\/wp\/v2\/media?parent=66386"}],"wp:term":[{"taxonomy":"category","embeddable":true,"href":"https:\/\/www.praha7.cz\/api\/wp\/v2\/categories?post=66386"},{"taxonomy":"post_tag","embeddable":true,"href":"https:\/\/www.praha7.cz\/api\/wp\/v2\/tags?post=66386"}],"curies":[{"name":"wp","href":"https:\/\/api.w.org\/{rel}","templated":true}]}}