    
{"id":66201,"date":"2023-04-24T12:56:30","date_gmt":"2023-04-24T10:56:30","guid":{"rendered":"https:\/\/www.praha7.cz\/?p=66201"},"modified":"2023-04-26T08:38:29","modified_gmt":"2023-04-26T06:38:29","slug":"i-delnicka-vystava","status":"publish","type":"post","link":"https:\/\/www.praha7.cz\/i-delnicka-vystava\/","title":{"rendered":"I. d\u011blnick\u00e1 v\u00fdstava"},"content":{"rendered":"<p>[perex]<\/p>\r\n<p>Vznik V\u00fdstavi\u0161t\u011b v\u00a0Buben\u010di je pevn\u011b spjat s\u00a0mimo\u0159\u00e1dn\u011b \u00fasp\u011b\u0161n\u00fdmi v\u00fdstavami, kter\u00e9 zde prob\u011bhly na p\u0159elomu 19.&nbsp;a&nbsp;20.&nbsp;stolet\u00ed. Jubilejn\u00ed (1891) i&nbsp;N\u00e1rodopisn\u00e1 (1895) v\u00fdstava p\u0159il\u00e1kaly do Prahy VII stovky tis\u00edc n\u00e1v\u0161t\u011bvn\u00edk\u016f z\u00a0cel\u00fdch \u010cech i&nbsp;ze zahrani\u010d\u00ed, a&nbsp;u\u010dinily tak z\u00a0na\u0161\u00ed \u010dtvrti centrum d\u011bn\u00ed v\u00a0cel\u00e9 zemi. Na V\u00fdstavi\u0161ti se ale konaly i&nbsp;dal\u0161\u00ed akce, kter\u00e9 v\u00a0pr\u016fb\u011bhu doby upadly v\u00a0zapomn\u011bn\u00ed, a&nbsp;to p\u0159esto, \u017ee jejich v\u00fdznam byl zna\u010dn\u00fd. Jednou z\u00a0nich byla D\u011blnick\u00e1 v\u00fdstava, kter\u00e1 se zde odehr\u00e1la v\u00a0srpnu a&nbsp;z\u00e1\u0159\u00ed 1902.<\/p>\r\n<p>[\/perex]<\/p>\r\n<p>Posledn\u00ed dek\u00e1dy 19.&nbsp;stolet\u00ed byly v\u00a0\u010desk\u00e9 spole\u010dnosti obdob\u00edm velk\u00fdch zm\u011bn. \u010ce\u0161i se stali plnohodnotn\u00fdm evropsk\u00fdm n\u00e1rodem, s\u00a0pln\u011b rozvinut\u00fdm pr\u016fmyslem, syst\u00e9mem vzd\u011bl\u00e1v\u00e1n\u00ed a\u00a0\u0159adou v\u00fdznamn\u00fdch kulturn\u00edch instituc\u00ed. V\u00fdznamnou skupinou, kter\u00e1 v\u00a0t\u00e9\u017ee dob\u011b tou\u017eila v\u00a0r\u00e1mci \u010desk\u00e9 spole\u010dnosti po emancipaci, byli d\u011bln\u00edci. V\u00a0prvn\u00ed \u0159ad\u011b jim \u0161lo o\u00a0d\u016fstojn\u011bj\u0161\u00ed \u017eivotn\u00ed podm\u00ednky, je\u017e spojovali s\u00a0vy\u0161\u0161\u00edmi mzdami, krat\u0161\u00ed pracovn\u00ed dobou nebo v\u011bt\u0161\u00ed bezpe\u010dnost\u00ed spojenou s\u00a0prac\u00ed. Nejinak tomu bylo v\u00a0Praze 7, pr\u00e1v\u011b zde jako v\u00a0jedn\u00e9 z\u00a0p\u0159ev\u00e1\u017en\u011b pr\u016fmyslov\u00fdch \u010d\u00e1st\u00ed aglomerace se d\u011blnick\u00e9 hnut\u00ed dynamicky rozv\u00edjelo.<\/p>\r\n<p>Pracovn\u00edci ve zdej\u0161\u00edch tov\u00e1rn\u00e1ch se neb\u00e1li sv\u00e9 po\u017eadavky prosazovat pomoc\u00ed st\u00e1vek, konaly se zde t\u00e1bory lidu, vznikaly prvn\u00ed d\u011blnick\u00e9 spolky\u00a0\u2013 nap\u0159\u00edklad Spravedlnost v\u00a0roce 1895. Vedle po\u017eadavk\u016f na zlep\u0161en\u00ed vlastn\u00ed ekonomick\u00e9 situace usilovali d\u011bln\u00edci i\u00a0o\u00a0kulturn\u00ed pozvednut\u00ed sv\u00e9ho stavu. Ned\u00edlnou sou\u010d\u00e1st\u00ed t\u011bchto snah byly nejr\u016fzn\u011bj\u0161\u00ed p\u0159edn\u00e1\u0161ky \u010di vzd\u011bl\u00e1vac\u00ed semin\u00e1\u0159e, kter\u00e9 \u010dasto po\u0159\u00e1daly pr\u00e1v\u011b d\u011blnick\u00e9 spolky. Sv\u016fj vlastn\u00ed um, ale i\u00a0rozvoj cht\u011bli d\u011bln\u00edci tak\u00e9 prezentovat navenek, sm\u011brem k\u00a0ve\u0159ejnosti.<\/p>\r\n<p>Tento z\u00e1m\u011br se pak\u00a0\u2013 zcela v\u00a0duchu tehdej\u0161\u00edch zvyklost\u00ed\u00a0\u2013 rozhodli uskute\u010dnit prost\u0159ednictv\u00edm velk\u00e9 celon\u00e1rodn\u00ed v\u00fdstavy. Nutno poznamenat, \u017ee pl\u00e1novan\u00e1 v\u00fdstavn\u00ed akce nebyla prvn\u00ed sv\u00e9ho druhu. U\u017e od po\u010d\u00e1tku devades\u00e1t\u00fdch let 19.&nbsp;stolet\u00ed se organizov\u00e1n\u00ed p\u0159ehl\u00eddek \u010dinnosti d\u011blnictva ujalo d\u011blnictvo v\u00a0Plzni. Prvn\u00ed plze\u0148sk\u00e1 v\u00fdstava se konala v\u00a0prosinci 1889, dal\u0161\u00ed pak n\u00e1sledovaly v\u00a0letech 1891, 1892 a\u00a01896. Chystan\u00e1 akce na V\u00fdstavi\u0161ti ve Stromovce tak p\u0159es u\u017eit\u00ed p\u0159\u00edvlastku \u201eprvn\u00ed\u201c ve sv\u00e9m n\u00e1zvu nebyla premi\u00e9rou, ov\u0161em sv\u00fdm v\u00fdznamem a\u00a0rozsahem m\u011bla mnohem men\u0161\u00ed a\u00a0sp\u00ed\u0161e region\u00e1ln\u00ed plze\u0148sk\u00e9 akce zdaleka p\u0159ekonat.<\/p>\r\n<p><strong><br \/>\r\nV\u00a0re\u017eii soci\u00e1ln\u00edch demokrat\u016f<\/strong><br \/>\r\nS\u00a0my\u0161lenkou na kon\u00e1n\u00ed velk\u00e9 v\u00fdstavn\u00ed akce zam\u011b\u0159en\u00e9 na d\u011blnictvo koketovali z\u00e1stupci d\u011blnick\u00fdch spolk\u016f u\u017e del\u0161\u00ed dobu. Prvn\u00ed jedn\u00e1n\u00ed prob\u011bhla v\u00a0l\u00e9t\u011b 1901, k\u00a0definitivn\u00edmu rozhodnut\u00ed v\u00fdstavu uspo\u0159\u00e1dat pak do\u0161lo na sch\u016fzi pra\u017esk\u00fdch d\u011blnick\u00fdch spolk\u016f konan\u00e9 28.\u00a0z\u00e1\u0159\u00ed\u00a01901. Jejich p\u0159edstavitel\u00e9 ji\u017e tehdy deklarovali, \u017ee v\u00fdstava m\u00e1 b\u00fdt \u201epr\u016fmyslov\u00e1, soci\u00e1ln\u00ed a\u00a0kulturn\u00ed\u201c. V\u00a0\u0159\u00edjnu t\u00e9ho\u017e roku byl zvolen v\u00fdstavn\u00ed v\u00fdbor, t\u0159in\u00e1cti\u010dlenn\u00e9mu org\u00e1nu p\u0159edsedal \u010dinovn\u00edk soci\u00e1ln\u011b demokratick\u00e9 strany Karel Van\u011bk, pozd\u011bj\u0161\u00ed poslanec a\u00a0tak\u00e9 prvn\u00ed \u010desk\u00fd starosta Brna. Z\u00a0dal\u0161\u00edch \u010dlen\u016f \u0159\u00edd\u00edc\u00edho org\u00e1nu lze zm\u00ednit nap\u0159\u00edklad tehdy mladi\u010dk\u00e9ho studenta pr\u00e1v, pozd\u011bj\u0161\u00edho zakladatele komunistick\u00e9 strany Bohum\u00edra \u0160merala (1880\u20131941) nebo pozd\u011bj\u0161\u00edho poslance N\u00e1rodn\u00edho shrom\u00e1\u017ed\u011bn\u00ed Rudolfa Tayerleho (1877\u20131942). Fakt, \u017ee organizace v\u00fdstavy se ujaly spolky spojen\u00e9 s\u00a0tehdej\u0161\u00ed jedinou ryze d\u011blnickou stranou, tedy soci\u00e1ln\u00ed demokraci\u00ed, nen\u00ed p\u0159ekvapiv\u00fd, na druhou stranu to znamenalo, \u017ee konzervativn\u00ed \u010d\u00e1st tisku o\u00a0cel\u00e9m v\u00fdstavn\u00edm podniku u\u017e od po\u010d\u00e1tku referovala s\u00a0neskr\u00fdvan\u00fdm despektem.<\/p>\r\n<p>\u00da\u0159ady ale reagovaly na my\u0161lenku v\u00fdstavy sp\u00ed\u0161e pozitivn\u011b, nap\u0159\u00edklad tehdej\u0161\u00ed majitel V\u00fdstavi\u0161t\u011b, zemsk\u00fd v\u00fdbor, p\u0159isl\u00edbil organiz\u00e1tor\u016fm poskytnout prostor zdarma. I\u00a0pra\u017esk\u00fd magistr\u00e1t uk\u00e1zal svou vl\u00eddn\u011bj\u0161\u00ed tv\u00e1\u0159\u00a0\u2013 zav\u00e1zal se poskytnout n\u00e1v\u0161t\u011bvn\u00edk\u016fm prostor pro p\u0159esp\u00e1n\u00ed v\u00a0t\u011blocvi\u010dn\u00e1ch vybran\u00fdch pra\u017esk\u00fdch obecn\u00fdch \u0161kol.<br \/>\r\n<br \/>\r\n<\/p>\r\n<p><a href=\"https:\/\/www.praha7.cz\/i-delnicka-vystava\/01-katalog-cover\/\" rel=\"attachment wp-att-66204\"><img loading=\"lazy\" src=\"https:\/\/www.praha7.cz\/wp-content\/uploads\/2023\/04\/01-katalog-cover-686x1000.jpg\" alt=\"\" width=\"640\" height=\"933\" class=\"alignnone wp-image-66204 size-large\" srcset=\"https:\/\/www.praha7.cz\/wp-content\/uploads\/2023\/04\/01-katalog-cover-686x1000.jpg 686w, https:\/\/www.praha7.cz\/wp-content\/uploads\/2023\/04\/01-katalog-cover-275x400.jpg 275w, https:\/\/www.praha7.cz\/wp-content\/uploads\/2023\/04\/01-katalog-cover-768x1119.jpg 768w\" sizes=\"(max-width: 640px) 100vw, 640px\" \/><\/a><br \/>\r\n<em>Ob\u00e1lka v\u00fdstavn\u00edho katalogu<\/em><br \/>\r\n<br \/>\r\n<em><br \/>\r\n<\/em><\/p>\r\n<p><strong>Men\u0161\u00ed a\u00a0krat\u0161\u00ed<br \/>\r\n<\/strong>Podobn\u011b jako u\u00a0velk\u00fdch celon\u00e1rodn\u00edch v\u00fdstav bylo rozhodnuto, \u017ee expozice budou tematicky rozd\u011bleny. Expon\u00e1ty tedy m\u011bly b\u00fdt prezentov\u00e1ny v\u00a0celkem 19 sekc\u00edch\u00a0\u2013 stroje a\u00a0n\u00e1stroje hospod\u00e1\u0159sk\u00e9, zpracov\u00e1n\u00ed kov\u016f, zpracov\u00e1n\u00ed d\u0159eva, zpracov\u00e1n\u00ed kamene, zemin a\u00a0hl\u00edny, v\u00fdzdoba d\u0159eva, pr\u00e1ce u\u010d\u0148\u016f a\u00a0\u017e\u00e1k\u016f pr\u016fmyslov\u00fdch \u0161kol, zpracov\u00e1n\u00ed ko\u017e\u00ed a\u00a0gumov\u00e9ho zbo\u017e\u00ed, v\u00fdroba od\u011bvn\u00ed a\u00a0zbo\u017e\u00ed textiln\u00ed, pap\u00edrnictv\u00ed\u00a0a\u00a0zbo\u017e\u00ed ozdobn\u00e9, knihtisk, litografie a\u00a0fotografie, mal\u00ed\u0159stv\u00ed a\u00a0kresba, socha\u0159stv\u00ed a\u00a0\u0161tukat\u00e9rstv\u00ed, literatura, zn\u00e1zorn\u011bn\u00ed mzdov\u00fdch, pracovn\u00edch a\u00a0\u017eivotn\u00edch pom\u011br\u016f d\u011blnictva, grafick\u00e9 zn\u00e1zorn\u011bn\u00ed v\u00fdvoje d\u011blnick\u00e9ho hnut\u00ed, pr\u00e1ce malo\u017eivnostn\u00edk\u016f a\u00a0v\u00fdrobn\u00edch dru\u017estev, pr\u00e1ce samouk\u016f, \u0159emesla potravn\u00ed a\u00a0\u017eensk\u00e9 pr\u00e1ce ru\u010dn\u00ed.<\/p>\r\n<p>Ji\u017e p\u0159ed za\u010d\u00e1tkem v\u00fdstavy byli organiz\u00e1to\u0159i kritizov\u00e1ni, \u017ee na v\u00fdstav\u011b nebude zastoupena po\u010detn\u011b velmi v\u00fdznamn\u00e1 skupina\u00a0\u2013 d\u011blnictvo pracuj\u00edc\u00ed v\u00a0zem\u011bd\u011blstv\u00ed. Toto \u201eopomenut\u00ed\u201c v\u0161ak bylo z\u0159ejm\u011b z\u00e1m\u011brn\u00e9. V\u00fdstavn\u00ed v\u00fdbor slo\u017een\u00fd\u00a0z\u00a0\u010dlen\u016f soci\u00e1ln\u011b demokratick\u00e9 strany se zam\u011b\u0159il zejm\u00e9na na sv\u00e9 vlastn\u00ed voli\u010de a\u00a0podporovatele, tedy m\u011bstsk\u00e9 d\u011blnictvo.<\/p>\r\n<p>Je\u0161t\u011b p\u0159ed sv\u00fdm za\u010d\u00e1tkem byla v\u00fdstava vcelku pochopiteln\u011b srovn\u00e1v\u00e1na s\u00a0ji\u017e zm\u00edn\u011bn\u00fdmi \u201evelk\u00fdmi\u201c celon\u00e1rodn\u00edmi v\u00fdstavami. Na fakt, \u017ee I. d\u011blnick\u00e1 v\u00fdstava bude m\u00edt pon\u011bkud jin\u00fd charakter a\u00a0p\u0159edev\u0161\u00edm rozsah, upozor\u0148oval nap\u0159\u00edklad den\u00edk \u010cas na p\u0159\u00edkladu \u201epr\u016fmyslov\u00e9\u201c \u010d\u00e1sti expozice: \u201eNebylo by ov\u0161em spr\u00e1vn\u00e9, kdyby se na odd\u011blen\u00ed pr\u016fmyslov\u00e9 p\u0159ikl\u00e1dalo m\u011b\u0159\u00edtko v\u00fdstavy jubilejn\u00ed nebo jin\u00e9 podobn\u00e9. Nesm\u00ed se soudit podle rozsahu, n\u00fdbr\u017e dle jakosti vystaven\u00fdch v\u00fdrobk\u016f. Snad to t\u0159eba uznati, \u017ee prost\u0159edky, kter\u00e9 jsou k\u00a0dispozici d\u011blnictvu, jsou zna\u010dn\u011b men\u0161\u00ed ne\u017e prost\u0159edky, jak\u00fdmi vl\u00e1dnou v\u00fdstavy jin\u00e9.\u201c<\/p>\r\n<p>Z\u00e1kladn\u00ed kapit\u00e1l nutn\u00fd pro financov\u00e1n\u00ed akce z\u00edskal v\u00fdstavn\u00ed v\u00fdbor zejm\u00e9na z\u00a0prost\u0159edk\u016f, kter\u00e9 mu poskytly nejr\u016fzn\u011bj\u0161\u00ed oborov\u00e9 spolky, vzm\u00e1haj\u00edc\u00ed se d\u011blnick\u00e1 dru\u017estva, ale i\u00a0drobn\u00ed don\u00e1to\u0159i. Z\u00a0ve\u0159ejn\u00fdch zdroj\u016f se jim dostalo podpory p\u0159edev\u0161\u00edm z\u00a0rozpo\u010dtu Prahy, m\u00e9n\u011b pak od zemsk\u00e9ho v\u00fdboru.<\/p>\r\n<p>Prakticky cel\u00e1 expozice, tedy v\u0161ech devaten\u00e1ct v\u00fdstavn\u00edch skupin, byla um\u00edst\u011bna\u00a0v\u00a0Pr\u016fmyslov\u00e9m pal\u00e1ci. \u010cist\u011b pro pot\u0159eby d\u011blnick\u00e9 v\u00fdstavy byla vybudov\u00e1na sv\u011bteln\u00e1 font\u00e1na pr\u00e1v\u011b p\u0159ed hlavn\u00edm pal\u00e1cem. Zde vzniklo i\u00a0pon\u011bkud kontroverzn\u00ed \u201evzorov\u00e9\u201c obydl\u00ed \u010desk\u00e9ho d\u011bln\u00edka, tzv. D\u011blnick\u00fd domek. Z\u00a0p\u0159edchoz\u00edch v\u00fdstav byl tak\u00e9 vyu\u017eit retrospektivn\u00ed pavilon\u00a0(dnes Lapid\u00e1rium N\u00e1rodn\u00edho muzea), kde sv\u016fj do\u010dasn\u00fd domov na\u0161la v\u00edde\u0148sk\u00e1 \u201espole\u010dnost pro zlidov\u011bn\u00ed v\u011bdy a\u00a0um\u011bn\u00ed\u201c Urania, kter\u00e1 zde po dobu v\u00fdstavy provozovala \u201edivadlo p\u0159edn\u00e1\u0161kov\u00e9 se sv\u011bteln\u00fdmi obrazy\u201c. Proto\u017ee si organiz\u00e1to\u0159i byli v\u011bdomi, \u017ee n\u00e1v\u0161t\u011bvn\u00edky je t\u0159eba nejen pou\u010dit, ale tak\u00e9 pobavit, najali n\u011bkolik hudebn\u00edch kapel, stejn\u011b jako hr\u00e1\u010de pro tehdy velice popul\u00e1rn\u00ed tambura\u0161e (hudebn\u00ed t\u011bleso slo\u017een\u00e9 z\u00a0drnkac\u00edch n\u00e1stroj\u016f). Otev\u0159en\u00e9 bylo tak\u00e9 Maroldovo panorama, velk\u00e1 atrakce, kter\u00e1 p\u016fvodn\u011b vznikla pro V\u00fdstavu architektury<br \/>\r\na\u00a0in\u017een\u00fdrstv\u00ed, je\u017e se konala v\u00a0roce 1898. Myslelo se samoz\u0159ejm\u011b i\u00a0na \u017e\u00edzniv\u00e9 a\u00a0hladov\u00e9 n\u00e1v\u0161t\u011bvn\u00edky\u00a0\u2013 na V\u00fdstavi\u0161ti fungovalo n\u011bkolik restaurac\u00ed a\u00a0kav\u00e1ren. B\u00fdval\u00fd pavilon Plze\u0148sk\u00e9ho pivovaru (dnes restaurace Bohemia) provozoval po dobu v\u00fdstavy majitel jedn\u00e9\u00a0z\u00a0restaurac\u00ed ve Stromovce Josef Bukovsk\u00fd, p\u0159ed prav\u00fdm k\u0159\u00eddlem Pr\u016fmyslov\u00e9ho pal\u00e1ce \u010depoval pivo a\u00a0v\u00edno a\u00a0nab\u00edzel znamenit\u00e9 s\u00fdry a\u00a0sal\u00e1my pozd\u011bj\u0161\u00ed n\u00e1jemce hotelu Belvedere na Letn\u00e9 v\u00a0ulici Na V\u00fd\u0161in\u00e1ch.<br \/>\r\n<br \/>\r\n<\/p>\r\n<p><a href=\"https:\/\/www.praha7.cz\/i-delnicka-vystava\/03-delnicka-vystava_reklama-rude-kvety-1902\/\" rel=\"attachment wp-att-66203\"><img loading=\"lazy\" src=\"https:\/\/www.praha7.cz\/wp-content\/uploads\/2023\/04\/03-d\u011blnick\u00e1-v\u00fdstava_reklama-Rud\u00e9-kv\u011bty-1902-1500x662.jpg\" alt=\"\" width=\"640\" height=\"282\" class=\"alignnone wp-image-66203 size-large\" srcset=\"https:\/\/www.praha7.cz\/wp-content\/uploads\/2023\/04\/03-d\u011blnick\u00e1-v\u00fdstava_reklama-Rud\u00e9-kv\u011bty-1902-1500x662.jpg 1500w, https:\/\/www.praha7.cz\/wp-content\/uploads\/2023\/04\/03-d\u011blnick\u00e1-v\u00fdstava_reklama-Rud\u00e9-kv\u011bty-1902-600x265.jpg 600w, https:\/\/www.praha7.cz\/wp-content\/uploads\/2023\/04\/03-d\u011blnick\u00e1-v\u00fdstava_reklama-Rud\u00e9-kv\u011bty-1902-768x339.jpg 768w\" sizes=\"(max-width: 640px) 100vw, 640px\" \/><\/a><br \/>\r\n<em>Reklama na v\u00fdstavu uve\u0159ejn\u011bn\u00e1 v&nbsp;denn\u00edm tisku<\/em><\/p>\r\n<p><br \/>\r\nB\u011bhem jarn\u00edch m\u011bs\u00edc\u016f vrcholily p\u0159\u00edpravy na v\u00fdstavu, sv\u00fdmi expon\u00e1ty ji nakonec obeslalo dvan\u00e1ct stovek vystavovatel\u016f. Krom\u011b ji\u017e zm\u00edn\u011bn\u00e9ho rozsahu se I. d\u011blnick\u00e1 v\u00fdstava li\u0161ila od sv\u00fdch p\u0159edch\u016fdky\u0148 zejm\u00e9na d\u00e9lkou trv\u00e1n\u00ed. Zat\u00edmco br\u00e1ny Jubilejn\u00ed v\u00fdstavy v\u00a0roce 1891 byly otev\u0159en\u00e9 d\u00e9le ne\u017e \u010dty\u0159i m\u011bs\u00edce, d\u011blnick\u00e1 akce m\u011bla trvat jen t\u0159i t\u00fddny. Zah\u00e1jen\u00ed bylo napl\u00e1nov\u00e1no na 15.\u00a0srpna\u00a01902, kdy v\u00fdstavu v\u00a0dopoledn\u00edch hodin\u00e1ch otev\u0159el projevem p\u0159edseda v\u00fdstavn\u00edho v\u00fdboru Karel Van\u011bk. N\u00e1sleduj\u00edc\u00edho dne jej ocitovaly i\u00a0N\u00e1rodn\u00ed listy: \u201eV\u00fdstava jest sv\u011bdectv\u00edm, \u017ee v\u00a0d\u011blnictvu je dosti s\u00edly, vytrvalosti, energie\u00a0a\u00a0vysp\u011blosti. V\u00fdstava ukazuje, \u017ee d\u011bln\u00fd lid um\u00ed nejen kritisovat a\u00a0st\u00fdskat si, n\u00fdbr\u017e i\u00a0tvo\u0159it a\u00a0samostatn\u011b budovat.\u201c Z\u00a0v\u00fdznamn\u00fdch host\u016f, kte\u0159\u00ed se otev\u0159en\u00ed \u00fa\u010dastnili, lze jmenovat nap\u0159\u00edklad tehdej\u0161\u00edho starostu Prahy JUDr. Vladim\u00edra Srba. U\u017e prvn\u00ed den v\u00fdstavy se dal hodnotit pozitivn\u011b\u00a0\u2013 na V\u00fdstavi\u0161t\u011b zam\u00ed\u0159ilo v\u00edce ne\u017e 22&nbsp;000 lid\u00ed, mnoho z\u00a0nich p\u0159icestovalo do Prahy z\u00a0r\u016fzn\u00fdch kout\u016f \u010cech i\u00a0Moravy.<\/p>\r\n<p>Jednotliv\u00e9 expozice a\u00a0cel\u00fd pr\u016fb\u011bh v\u00fdstavy p\u0159ibl\u00ed\u017e\u00edme v\u00a0p\u0159\u00ed\u0161t\u00edm \u010d\u00edsle.\u00a0<\/p>","protected":false},"excerpt":{"rendered":"[perex] Vznik V\u00fdstavi\u0161t\u011b v\u00a0Buben\u010di je pevn\u011b spjat s\u00a0mimo\u0159\u00e1dn\u011b \u00fasp\u011b\u0161n\u00fdmi v\u00fdstavami, kter\u00e9 zde prob\u011bhly na p\u0159elomu 19.&nbsp;a&nbsp;20.&nbsp;stolet\u00ed. Jubilejn\u00ed (1891) i&nbsp;N\u00e1rodopisn\u00e1 (1895) v\u00fdstava p\u0159il\u00e1kaly do Prahy VII stovky tis\u00edc n\u00e1v\u0161t\u011bvn\u00edk\u016f z\u00a0cel\u00fdch \u010cech i&nbsp;ze zahrani\u010d\u00ed, a&nbsp;u\u010dinily tak z\u00a0na\u0161\u00ed \u010dtvrti centrum d\u011bn\u00ed v\u00a0cel\u00e9 zemi. Na V\u00fdstavi\u0161ti se ale konaly i&nbsp;dal\u0161\u00ed akce, kter\u00e9 v\u00a0pr\u016fb\u011bhu doby upadly v\u00a0zapomn\u011bn\u00ed, a&nbsp;to p\u0159esto, \u017ee [&hellip;]","protected":false},"author":76,"featured_media":66202,"comment_status":"closed","ping_status":"open","sticky":false,"template":"","format":"standard","meta":[],"categories":[37],"tags":[],"_links":{"self":[{"href":"https:\/\/www.praha7.cz\/api\/wp\/v2\/posts\/66201"}],"collection":[{"href":"https:\/\/www.praha7.cz\/api\/wp\/v2\/posts"}],"about":[{"href":"https:\/\/www.praha7.cz\/api\/wp\/v2\/types\/post"}],"author":[{"embeddable":true,"href":"https:\/\/www.praha7.cz\/api\/wp\/v2\/users\/76"}],"replies":[{"embeddable":true,"href":"https:\/\/www.praha7.cz\/api\/wp\/v2\/comments?post=66201"}],"version-history":[{"count":3,"href":"https:\/\/www.praha7.cz\/api\/wp\/v2\/posts\/66201\/revisions"}],"predecessor-version":[{"id":66207,"href":"https:\/\/www.praha7.cz\/api\/wp\/v2\/posts\/66201\/revisions\/66207"}],"wp:featuredmedia":[{"embeddable":true,"href":"https:\/\/www.praha7.cz\/api\/wp\/v2\/media\/66202"}],"wp:attachment":[{"href":"https:\/\/www.praha7.cz\/api\/wp\/v2\/media?parent=66201"}],"wp:term":[{"taxonomy":"category","embeddable":true,"href":"https:\/\/www.praha7.cz\/api\/wp\/v2\/categories?post=66201"},{"taxonomy":"post_tag","embeddable":true,"href":"https:\/\/www.praha7.cz\/api\/wp\/v2\/tags?post=66201"}],"curies":[{"name":"wp","href":"https:\/\/api.w.org\/{rel}","templated":true}]}}