    
{"id":65813,"date":"2023-04-12T15:10:09","date_gmt":"2023-04-12T13:10:09","guid":{"rendered":"https:\/\/www.praha7.cz\/?p=65813"},"modified":"2023-04-12T15:10:09","modified_gmt":"2023-04-12T13:10:09","slug":"festival-umeni-a-kreativity-ve-vzdelavani-uz-potreti","status":"publish","type":"post","link":"https:\/\/www.praha7.cz\/festival-umeni-a-kreativity-ve-vzdelavani-uz-potreti\/","title":{"rendered":"Festival um\u011bn\u00ed a&nbsp;kreativity ve vzd\u011bl\u00e1v\u00e1n\u00ed u\u017e pot\u0159et\u00ed"},"content":{"rendered":"<p>[perex]<\/p>\r\n<p>D\u00e1 se hodina ob\u010dansk\u00e9 v\u00fdchovy vyu\u010dovat rapem nebo p\u0159\u00edmo v&nbsp;galerii? Co kdyby studenti komentovali v\u00fdstavy a&nbsp;zvali by na n\u011b sv\u00e9 u\u010ditele? Jak s&nbsp;d\u011btmi mluvit o&nbsp;um\u011bl\u00e9 inteligenci a&nbsp;jak ji kreativn\u011b za\u010dlenit do v\u00fduky? A&nbsp;pro\u010d chyba nemus\u00ed b\u00fdt \u0161patn\u011b? To jsou jen n\u011bkter\u00e9 z&nbsp;mnoha inspirativn\u00edch ot\u00e1zek, na kter\u00e9 nab\u00edz\u00ed odpov\u011b\u010f <a href=\"https:\/\/fuk.education\/\">Festival um\u011bn\u00ed a&nbsp;kreativity ve vzd\u011bl\u00e1v\u00e1n\u00ed<\/a>. Ten prob\u011bhne od 13.&nbsp;do 23.&nbsp;dubna 2023 nejen v&nbsp;Praze, ale i&nbsp;na des\u00edtk\u00e1ch m\u00edst po cel\u00e9m \u010cesku. Uk\u00e1zat, jak v&nbsp;praxi zm\u011bnit standardn\u00ed vzd\u011bl\u00e1vac\u00ed syst\u00e9m a&nbsp;podpo\u0159it d\u011bti v&nbsp;rozvoji jejich my\u0161len\u00ed kreativn\u00ed cestou, chce v\u00edce ne\u017e 50 zapojen\u00fdch instituc\u00ed. Mezi nimi nap\u0159\u00edklad Centrum sou\u010dasn\u00e9ho um\u011bn\u00ed DOX, N\u00e1rodn\u00ed galerie Praha, Kunsthalle, N\u00e1rodn\u00ed divadlo v&nbsp;Praze, Sladovna P\u00edsek, Pam\u00e1tn\u00edk Lidice a&nbsp;mnoho dal\u0161\u00edch.<\/p>\r\n<p>[\/perex]<\/p>","protected":false},"excerpt":{"rendered":"[perex] D\u00e1 se hodina ob\u010dansk\u00e9 v\u00fdchovy vyu\u010dovat rapem nebo p\u0159\u00edmo v&nbsp;galerii? Co kdyby studenti komentovali v\u00fdstavy a&nbsp;zvali by na n\u011b sv\u00e9 u\u010ditele? Jak s&nbsp;d\u011btmi mluvit o&nbsp;um\u011bl\u00e9 inteligenci a&nbsp;jak ji kreativn\u011b za\u010dlenit do v\u00fduky? A&nbsp;pro\u010d chyba nemus\u00ed b\u00fdt \u0161patn\u011b? To jsou jen n\u011bkter\u00e9 z&nbsp;mnoha inspirativn\u00edch ot\u00e1zek, na kter\u00e9 nab\u00edz\u00ed odpov\u011b\u010f Festival um\u011bn\u00ed a&nbsp;kreativity ve vzd\u011bl\u00e1v\u00e1n\u00ed. Ten [&hellip;]","protected":false},"author":251,"featured_media":65814,"comment_status":"closed","ping_status":"open","sticky":false,"template":"","format":"standard","meta":[],"categories":[34],"tags":[],"_links":{"self":[{"href":"https:\/\/www.praha7.cz\/api\/wp\/v2\/posts\/65813"}],"collection":[{"href":"https:\/\/www.praha7.cz\/api\/wp\/v2\/posts"}],"about":[{"href":"https:\/\/www.praha7.cz\/api\/wp\/v2\/types\/post"}],"author":[{"embeddable":true,"href":"https:\/\/www.praha7.cz\/api\/wp\/v2\/users\/251"}],"replies":[{"embeddable":true,"href":"https:\/\/www.praha7.cz\/api\/wp\/v2\/comments?post=65813"}],"version-history":[{"count":1,"href":"https:\/\/www.praha7.cz\/api\/wp\/v2\/posts\/65813\/revisions"}],"predecessor-version":[{"id":65815,"href":"https:\/\/www.praha7.cz\/api\/wp\/v2\/posts\/65813\/revisions\/65815"}],"wp:featuredmedia":[{"embeddable":true,"href":"https:\/\/www.praha7.cz\/api\/wp\/v2\/media\/65814"}],"wp:attachment":[{"href":"https:\/\/www.praha7.cz\/api\/wp\/v2\/media?parent=65813"}],"wp:term":[{"taxonomy":"category","embeddable":true,"href":"https:\/\/www.praha7.cz\/api\/wp\/v2\/categories?post=65813"},{"taxonomy":"post_tag","embeddable":true,"href":"https:\/\/www.praha7.cz\/api\/wp\/v2\/tags?post=65813"}],"curies":[{"name":"wp","href":"https:\/\/api.w.org\/{rel}","templated":true}]}}