    
{"id":65552,"date":"2023-03-31T14:44:19","date_gmt":"2023-03-31T12:44:19","guid":{"rendered":"https:\/\/www.praha7.cz\/?p=65552"},"modified":"2023-03-31T14:45:42","modified_gmt":"2023-03-31T12:45:42","slug":"prispevek-na-usporu-energii","status":"publish","type":"post","link":"https:\/\/www.praha7.cz\/prispevek-na-usporu-energii\/","title":{"rendered":"P\u0159\u00edsp\u011bvek na \u00fasporu energi\u00ed"},"content":{"rendered":"<p>[perex]<\/p>\r\n<p><a href=\"https:\/\/www.socialninadacnifond.praha.eu\/vznik-nadacniho-fondu\">Soci\u00e1ln\u00ed nada\u010dn\u00ed fond hl. m. Prahy<\/a> vypl\u00e1c\u00ed jednor\u00e1zov\u00fd p\u0159\u00edsp\u011bvek na \u00fasporu energi\u00ed ve v\u00fd\u0161i 3&nbsp;000&nbsp;K\u010d. C\u00edlem tohoto p\u0159\u00edsp\u011bvku je umo\u017enit pra\u017esk\u00fdm dom\u00e1cnostem nejv\u00edce ohro\u017een\u00fdm energetickou chudobou p\u0159eklenout sou\u010dasnou nep\u0159\u00edznivou situaci.\u00a0P\u0159\u00edjem \u017e\u00e1dost\u00ed bude ukon\u010den nejpozd\u011bji 31.&nbsp;\u0159\u00edjna 2023.<\/p>\r\n<p>[\/perex]<\/p>\r\n<h3>Pro koho je p\u0159\u00edsp\u011bvek ur\u010den\u00fd?<\/h3>\r\n<p><br \/>\r\nO&nbsp;p\u0159\u00edsp\u011bvek na \u00fasporu energi\u00ed mohou \u017e\u00e1dat tyto c\u00edlov\u00e9 skupiny:<\/p>\r\n<ul>\r\n\t<li>dom\u00e1cnosti\u00a0vdov\/vdovc\u016f\u00a0pob\u00edraj\u00edc\u00edch\u00a0starobn\u00ed a&nbsp;vdovsk\u00fd\/vdoveck\u00fd d\u016fchod v&nbsp;sou\u010dtu do 17 tis\u00edc K\u010d<\/li>\r\n\t<li>dom\u00e1cnosti, kter\u00e9 pob\u00edraj\u00ed \u010di pob\u00edraly v&nbsp;posledn\u00edm roce\u00a0p\u0159\u00eddavek na d\u011bti<\/li>\r\n\t<li>dom\u00e1cnosti, kter\u00e9 pob\u00edraj\u00ed \u010di pob\u00edraly v&nbsp;posledn\u00edm roce\u00a0p\u0159\u00edsp\u011bvek na bydlen\u00ed ni\u017e\u0161\u00ed ne\u017e 4&nbsp;800 K\u010d\u00a0(medi\u00e1n v&nbsp;roce 2022 na \u00fazem\u00ed Prahy)<\/li>\r\n<\/ul>\r\n<p><span style=\"color: #ff0000;\">\u017d\u00e1dost se pod\u00e1v\u00e1 online prost\u0159ednictv\u00edm formul\u00e1\u0159e <a href=\"https:\/\/podani.socialninadacnifond.cz\/\" style=\"color: #ff0000;\"><strong>zde<\/strong><\/a>.\u00a0<\/span><\/p>\r\n<p>Pokud spad\u00e1te do v\u00edce skupin, pod\u00e1te\u00a0jen jednu \u017e\u00e1dost\u00a0a m\u016f\u017eete si vybrat, jak\u00fd dokument p\u0159ilo\u017e\u00edte. Pokud m\u00e1te n\u00edzk\u00fd starobn\u00ed d\u016fchod, \u017eijete sami, ale nem\u00e1te z&nbsp;r\u016fzn\u00fdch d\u016fvod\u016f n\u00e1rok na vdovsk\u00fd\/vdoveck\u00fd d\u016fchod, m\u016f\u017eete \u017e\u00e1dat o&nbsp;p\u0159\u00edsp\u011bvek tak\u00e9, a&nbsp;to na z\u00e1klad\u011b\u00a0p\u0159\u00edsp\u011bvku na bydlen\u00ed\u00a0do 4&nbsp;800&nbsp;K\u010d. Pokud je\u0161t\u011b p\u0159\u00edsp\u011bvek na bydlen\u00ed p\u0159id\u011blen\u00fd nem\u00e1te, m\u016f\u017eete se p\u0159ipravit t\u00edm, \u017ee o&nbsp;n\u011bj po\u017e\u00e1d\u00e1te.<\/p>\r\n<p>Ve\u0161ker\u00e9 informace najdete <a href=\"https:\/\/podani.socialninadacnifond.cz\/\"><strong>zde<\/strong><\/a>.<\/p>\r\n<h3>Pot\u0159ebujete poradit?<\/h3>\r\n<p>Pokud budete m\u00edt dotaz t\u00fdkaj\u00edc\u00ed se p\u0159\u00edsp\u011bvku na \u00fasporu energi\u00ed nebo budete pot\u0159ebovat pomoc s&nbsp;pod\u00e1n\u00edm \u017e\u00e1dosti, m\u016f\u017eete se obr\u00e1tit:<\/p>\r\n<ul>\r\n\t<li>kdykoli na e-mail\u00a0<a href=\"mailto:prispevek.na.energie@praha.eu\">prispevek.na.energie@praha.eu<\/a>\u00a0nebo<\/li>\r\n\t<li>na telefonn\u00ed \u010d\u00edslo 603&nbsp;382&nbsp;335 v&nbsp;tyto dny a&nbsp;\u010dasy: pond\u011bl\u00ed a&nbsp;st\u0159eda 9.00\u201311.00, \u010dtvrtek 14.00\u201316.00\u00a0<\/li>\r\n<\/ul>","protected":false},"excerpt":{"rendered":"[perex] Soci\u00e1ln\u00ed nada\u010dn\u00ed fond hl. m. Prahy vypl\u00e1c\u00ed jednor\u00e1zov\u00fd p\u0159\u00edsp\u011bvek na \u00fasporu energi\u00ed ve v\u00fd\u0161i 3&nbsp;000&nbsp;K\u010d. C\u00edlem tohoto p\u0159\u00edsp\u011bvku je umo\u017enit pra\u017esk\u00fdm dom\u00e1cnostem nejv\u00edce ohro\u017een\u00fdm energetickou chudobou p\u0159eklenout sou\u010dasnou nep\u0159\u00edznivou situaci.\u00a0P\u0159\u00edjem \u017e\u00e1dost\u00ed bude ukon\u010den nejpozd\u011bji 31.&nbsp;\u0159\u00edjna 2023. [\/perex] Pro koho je p\u0159\u00edsp\u011bvek ur\u010den\u00fd? O&nbsp;p\u0159\u00edsp\u011bvek na \u00fasporu energi\u00ed mohou \u017e\u00e1dat tyto c\u00edlov\u00e9 skupiny: dom\u00e1cnosti\u00a0vdov\/vdovc\u016f\u00a0pob\u00edraj\u00edc\u00edch\u00a0starobn\u00ed a&nbsp;vdovsk\u00fd\/vdoveck\u00fd d\u016fchod [&hellip;]","protected":false},"author":251,"featured_media":65553,"comment_status":"closed","ping_status":"open","sticky":false,"template":"","format":"standard","meta":[],"categories":[34],"tags":[],"_links":{"self":[{"href":"https:\/\/www.praha7.cz\/api\/wp\/v2\/posts\/65552"}],"collection":[{"href":"https:\/\/www.praha7.cz\/api\/wp\/v2\/posts"}],"about":[{"href":"https:\/\/www.praha7.cz\/api\/wp\/v2\/types\/post"}],"author":[{"embeddable":true,"href":"https:\/\/www.praha7.cz\/api\/wp\/v2\/users\/251"}],"replies":[{"embeddable":true,"href":"https:\/\/www.praha7.cz\/api\/wp\/v2\/comments?post=65552"}],"version-history":[{"count":3,"href":"https:\/\/www.praha7.cz\/api\/wp\/v2\/posts\/65552\/revisions"}],"predecessor-version":[{"id":65556,"href":"https:\/\/www.praha7.cz\/api\/wp\/v2\/posts\/65552\/revisions\/65556"}],"wp:featuredmedia":[{"embeddable":true,"href":"https:\/\/www.praha7.cz\/api\/wp\/v2\/media\/65553"}],"wp:attachment":[{"href":"https:\/\/www.praha7.cz\/api\/wp\/v2\/media?parent=65552"}],"wp:term":[{"taxonomy":"category","embeddable":true,"href":"https:\/\/www.praha7.cz\/api\/wp\/v2\/categories?post=65552"},{"taxonomy":"post_tag","embeddable":true,"href":"https:\/\/www.praha7.cz\/api\/wp\/v2\/tags?post=65552"}],"curies":[{"name":"wp","href":"https:\/\/api.w.org\/{rel}","templated":true}]}}