    
{"id":65465,"date":"2023-03-30T15:58:57","date_gmt":"2023-03-30T13:58:57","guid":{"rendered":"https:\/\/www.praha7.cz\/?p=65465"},"modified":"2023-03-31T09:38:21","modified_gmt":"2023-03-31T07:38:21","slug":"odstraneni-pajasanu-v-ulici-bubenska","status":"publish","type":"post","link":"https:\/\/www.praha7.cz\/odstraneni-pajasanu-v-ulici-bubenska\/","title":{"rendered":"Odstran\u011bn\u00ed pajasanu v&nbsp;ulici Bubensk\u00e1"},"content":{"rendered":"<p>[perex]<\/p>\r\n<p>Upozor\u0148ujeme ob\u010dany, \u017ee v\u00a0p\u00e1tek 31.&nbsp;b\u0159ezna 2023 dojde k\u00a0odstran\u011bn\u00ed pajasanu \u017el\u00e1znat\u00e9ho v\u00a0ulici Bubensk\u00e1 u&nbsp;\u010d. p. 27. V&nbsp;ko\u0159enov\u00fdch n\u00e1b\u011bz\u00edch byl zji\u0161t\u011bn v\u011bt\u0161\u00ed v\u00fdskyt plodnic d\u0159evokazn\u00fdch hub, hroz\u00ed\u00a0vysok\u00e1 pravd\u011bpodobnost infekce v&nbsp;ko\u0159enov\u00e9 z\u00f3n\u011b.\u00a0 Strom je provozn\u011b nebezpe\u010dn\u00fd, nem\u00e1 dobr\u00fd zdravotn\u00ed stav a&nbsp;je ze zdravotn\u00edho hlediska neperspektivn\u00ed. Sou\u010dasn\u011b informujeme o\u00a0pl\u00e1novan\u00e9 rekonstrukci a&nbsp;oprav\u011b st\u00e1vaj\u00edc\u00edho p\u0159echodu i&nbsp;semaforu, p\u0159i nich\u017e dojde k&nbsp;nov\u00e9 instalaci chyb\u011bj\u00edc\u00edch vodic\u00edch p\u00e1s\u016f pro nevidom\u00e9.<\/p>\r\n<p>\u00dapravy realizuje TSK hl. m. Prahy.<\/p>\r\n<p>[\/perex]<\/p>","protected":false},"excerpt":{"rendered":"[perex] Upozor\u0148ujeme ob\u010dany, \u017ee v\u00a0p\u00e1tek 31.&nbsp;b\u0159ezna 2023 dojde k\u00a0odstran\u011bn\u00ed pajasanu \u017el\u00e1znat\u00e9ho v\u00a0ulici Bubensk\u00e1 u&nbsp;\u010d. p. 27. V&nbsp;ko\u0159enov\u00fdch n\u00e1b\u011bz\u00edch byl zji\u0161t\u011bn v\u011bt\u0161\u00ed v\u00fdskyt plodnic d\u0159evokazn\u00fdch hub, hroz\u00ed\u00a0vysok\u00e1 pravd\u011bpodobnost infekce v&nbsp;ko\u0159enov\u00e9 z\u00f3n\u011b.\u00a0 Strom je provozn\u011b nebezpe\u010dn\u00fd, nem\u00e1 dobr\u00fd zdravotn\u00ed stav a&nbsp;je ze zdravotn\u00edho hlediska neperspektivn\u00ed. Sou\u010dasn\u011b informujeme o\u00a0pl\u00e1novan\u00e9 rekonstrukci a&nbsp;oprav\u011b st\u00e1vaj\u00edc\u00edho p\u0159echodu i&nbsp;semaforu, p\u0159i nich\u017e dojde k&nbsp;nov\u00e9 [&hellip;]","protected":false},"author":251,"featured_media":65466,"comment_status":"closed","ping_status":"open","sticky":false,"template":"","format":"standard","meta":[],"categories":[34],"tags":[],"_links":{"self":[{"href":"https:\/\/www.praha7.cz\/api\/wp\/v2\/posts\/65465"}],"collection":[{"href":"https:\/\/www.praha7.cz\/api\/wp\/v2\/posts"}],"about":[{"href":"https:\/\/www.praha7.cz\/api\/wp\/v2\/types\/post"}],"author":[{"embeddable":true,"href":"https:\/\/www.praha7.cz\/api\/wp\/v2\/users\/251"}],"replies":[{"embeddable":true,"href":"https:\/\/www.praha7.cz\/api\/wp\/v2\/comments?post=65465"}],"version-history":[{"count":4,"href":"https:\/\/www.praha7.cz\/api\/wp\/v2\/posts\/65465\/revisions"}],"predecessor-version":[{"id":65522,"href":"https:\/\/www.praha7.cz\/api\/wp\/v2\/posts\/65465\/revisions\/65522"}],"wp:featuredmedia":[{"embeddable":true,"href":"https:\/\/www.praha7.cz\/api\/wp\/v2\/media\/65466"}],"wp:attachment":[{"href":"https:\/\/www.praha7.cz\/api\/wp\/v2\/media?parent=65465"}],"wp:term":[{"taxonomy":"category","embeddable":true,"href":"https:\/\/www.praha7.cz\/api\/wp\/v2\/categories?post=65465"},{"taxonomy":"post_tag","embeddable":true,"href":"https:\/\/www.praha7.cz\/api\/wp\/v2\/tags?post=65465"}],"curies":[{"name":"wp","href":"https:\/\/api.w.org\/{rel}","templated":true}]}}