    
{"id":65450,"date":"2023-03-28T15:37:59","date_gmt":"2023-03-28T13:37:59","guid":{"rendered":"https:\/\/www.praha7.cz\/?p=65450"},"modified":"2023-03-28T15:39:32","modified_gmt":"2023-03-28T13:39:32","slug":"bohemia-znovu-oziva","status":"publish","type":"post","link":"https:\/\/www.praha7.cz\/bohemia-znovu-oziva\/","title":{"rendered":"Bohemia znovu o\u017e\u00edv\u00e1!"},"content":{"rendered":"<p>[perex]<\/p>\r\n<p>B\u00fdval\u00e1 restaurace Bohemia na V\u00fdstavi\u0161ti se do\u010dkala kompletn\u00ed a\u00a0velmi\u00a0n\u00e1ro\u010dn\u00e9 rekonstrukce. Budova plze\u0148sk\u00e9ho restaurantu z\u00a0roku 1891 bude nov\u011b slou\u017eit rozmanit\u00fdm kulturn\u00edm a\u00a0spole\u010densk\u00fdm akc\u00edm.<\/p>\r\n<p>[\/perex]<\/p>\r\n<p><strong>Prvn\u00ed provozovatel<br \/>\r\n<\/strong>Otev\u0159en\u00ed restaurace Bohemia v\u00a0lev\u00e9 \u010d\u00e1sti are\u00e1lu V\u00fdstavi\u0161t\u011b je spojeno s\u00a0kon\u00e1n\u00edm Jubilejn\u00ed zemsk\u00e9 v\u00fdstavy v\u00a0roce 1891 a\u00a0se jm\u00e9nem jej\u00edho prvn\u00edho provozovatele V\u00e1clava Petzolda (1827\u20131903). Bohemia byla v\u00a0r\u00e1mci v\u00fdstavi\u0161t\u011b nejluxusn\u011bj\u0161\u00edm stravovac\u00edm podnikem, ofici\u00e1ln\u011b se objekt naz\u00fdval \u201epavilon M\u011b\u0161\u0165ansk\u00e9ho pivovaru v\u00a0Plzni\u201c. To\u010dilo se zde tedy plze\u0148sk\u00e9, tehdy pova\u017eovan\u00e9 za nejlep\u0161\u00ed \u010desk\u00e9 pivo. Pavilon byl postaven v\u00a0letech 1890\u20131891 podle n\u00e1vrhu architekta Franti\u0161ka Buldry (1851\u20131926).<\/p>\r\n<p>V\u00a0inzer\u00e1tu s\u00e1m majitel podniku p\u00ed\u0161e: \u201eKladu si za \u010dest vysok\u00e9 \u0161lecht\u011b a\u00a0ct\u011bn\u00e9mu obecenstvu ozn\u00e1miti, \u017ee v\u00a0p\u00e1tek dne 15.&nbsp;t. m., v\u00a0den slavnostn\u00edho zah\u00e1jen\u00ed zemsk\u00e9 jubilejn\u00ed v\u00fdstavy, otev\u0159u vlastn\u00ed velkorestaurant v\u00a0pavilonu M\u011b\u0161\u0165ansk\u00e9ho pivovaru plze\u0148sk\u00e9ho sv\u00fdm n\u00e1kladem velkolep\u011b za\u0159\u00edzen\u00fd. V\u00fdte\u010dn\u00fdmi n\u00e1poji a\u00a0zn\u00e1mou dobrou kuchyn\u00ed jak dle l\u00edstku, kter\u00fd co den jest tak upraven, \u017ee ka\u017ed\u00e9ho zcela uspokoj\u00ed, tak\u00a0i\u00a0kuvery od 2 do 10 zl. poslou\u017e\u00edm ihned v\u00a0ka\u017ed\u00e9 dob\u011b. Z\u00e1rove\u0148 pros\u00edm, aby ve\u0161ker\u00e9 st\u00ed\u017enosti, kdyby se jak\u00fdch naskytlo, mn\u011b osobn\u011b sd\u011bleny byly, pon\u011bvad\u017e mn\u011b na tom velice z\u00e1le\u017e\u00ed, aby n\u00e1le\u017eit\u011b db\u00e1no bylo v\u0161ech p\u0159\u00e1n\u00ed m\u00fdch ct\u011bn\u00fdch host\u00ed a\u00a0tuto do\u0161ly zaslou\u017een\u00e9ho pov\u0161imnut\u00ed, tak aby ve\u0161ke\u0159\u00ed P. T. nav\u0161t\u011bvovatel\u00e9 m\u00e9ho restaurantu v\u00a0ka\u017ed\u00e9m ohledu co nejl\u00e9pe uspokojeni byli. V\u00e1clav Petzold.\u201c<\/p>\r\n<p>Petzold byl \u010dinorod\u00fd podnikatel v\u00a0gastronomii, u\u017e v\u00a0\u0161edes\u00e1t\u00fdch letech 19.&nbsp;stolet\u00ed provozoval kav\u00e1rnu u\u00a0tehdej\u0161\u00edho n\u00e1dra\u017e\u00ed Franti\u0161ka Josefa\u00a0I., pozd\u011bji vedl restaurant v\u00a0Celetn\u00e9 ulici. V\u00a0osmdes\u00e1t\u00fdch letech byl tak\u00e9 p\u0159edsedou pra\u017esk\u00e9ho spole\u010denstva hostinsk\u00fdch a\u00a0v\u00fd\u010depn\u00edk\u016f, odborov\u00e9 organizace sdru\u017euj\u00edc\u00ed podnikatele v\u00a0oboru gastronomie.<\/p>\r\n<p>Zn\u00e1m\u00fd byl tak\u00e9 sv\u00fdm vlastenectv\u00edm\u00a0a\u00a0ve\u0159ejnou \u010dinnost\u00ed\u00a0\u2013 byl \u010dlenem komit\u00e9tu N\u00e1rodn\u00edho divadla, mo\u017en\u00e1 i\u00a0proto, \u017ee jeho druhou man\u017eelkou byla opern\u00ed subreta Marie Sittov\u00e1-Petzoldov\u00e1 (1852\u20131907). D\u00e1le byl tak\u00e9 \u010dlenem cel\u00e9 \u0159ady charitativn\u00edch spolk\u016f, v\u00a0roce 1902 nap\u0159\u00edklad v\u011bnoval vybaven\u00ed pro nov\u011b z\u0159izovanou lidovou kuchyni v\u00a0Hole\u0161ovic\u00edch-Bubnech, kde se pod\u00e1valy ob\u011bdy pro chud\u00e9.<\/p>\r\n<p>O\u00a0Petzoldov\u011b oblib\u011b a\u00a0v\u00fdznamu sv\u011bd\u010d\u00ed fakt, \u017ee jeho poh\u0159bu v\u00a0\u0159\u00edjnu 1903 se z\u00fa\u010dastnil i\u00a0nejvy\u0161\u0161\u00ed zemsk\u00fd mar\u0161\u00e1lek Ji\u0159\u00ed z\u00a0Lobkowitz nebo prim\u00e1tor Prahy JUDr. Vladim\u00edr Srb.<\/p>\r\n<p>Jako restaurace slou\u017eila Bohemia a\u017e do druh\u00e9 poloviny 20.&nbsp;stolet\u00ed\u00a0\u2013 pod n\u00e1zvy Bohemia \u010di Gastrocentrum Bohemia nebo restaurace Xaver. M\u011bla pov\u011bst luxusn\u00edho podniku, kde se sch\u00e1zela pra\u017esk\u00e1 smet\u00e1nka, ta se ale postupem \u010dasu vytratila a\u00a0restaurace za\u010dala ch\u00e1trat, a\u017e provoz skon\u010dil \u00fapln\u011b.<br \/>\r\n<br \/>\r\n<\/p>\r\n<p><img loading=\"lazy\" src=\"https:\/\/www.praha7.cz\/wp-content\/uploads\/2023\/03\/05132-Bohemia-JiriSebek-print-600x387.jpg\" alt=\"\" width=\"600\" height=\"387\" class=\"alignnone size-medium wp-image-65452\" srcset=\"https:\/\/www.praha7.cz\/wp-content\/uploads\/2023\/03\/05132-Bohemia-JiriSebek-print-600x387.jpg 600w, https:\/\/www.praha7.cz\/wp-content\/uploads\/2023\/03\/05132-Bohemia-JiriSebek-print.jpg 723w\" sizes=\"(max-width: 600px) 100vw, 600px\" \/><br \/>\r\n<span style=\"font-size: 14px;\"><em>Foto\u00a0\u2013 archiv Ji\u0159\u00edho \u0160ebka<\/em><\/span><\/p>\r\n<p><strong><br \/>\r\nP\u0159ekvapiv\u00e9 objevy<br \/>\r\n<\/strong>M\u011bsto se marn\u011b pokou\u0161elo o\u00a0rekonstrukci objektu Bohemie ji\u017e od roku 2006, naposledy v\u00a0letech 2014 a\u017e 2018, jeliko\u017e se ale v\u00a0t\u00e9 dob\u011b p\u016fvodn\u00ed projekt uk\u00e1zal jako zastaral\u00fd a\u00a0nikdo nep\u0159ipravil nov\u00fd, z\u00a0opravy se\u0161lo.<\/p>\r\n<p>Rekonstrukce, je\u017e prob\u00edhala od jara 2021, vy\u017eadovala skute\u010dn\u011b rozs\u00e1hl\u00e9 \u00fapravy. Zachov\u00e1ny byly prakticky jen obvodov\u00e9 zdi a\u00a0st\u0159echy z\u00e1zem\u00ed a\u00a0v\u011b\u017ei\u010dek. Opraveny byly interi\u00e9ry, fas\u00e1da, okna, podlahy i\u00a0st\u0159echa. Budova dostala nov\u00e9 technologick\u00e9 rozvody a\u00a0krov, jen\u017e byl ve velmi \u0161patn\u00e9m stavu a\u00a0hrozilo jeho z\u0159\u00edcen\u00ed. Nov\u00fd krov je tvarovou kopi\u00ed p\u016fvodn\u00edho krovu nad hlavn\u00edm s\u00e1lem, a\u00a0to v\u010detn\u011b zav\u011b\u0161en\u00e9ho podhledu. Bylo na n\u011bj spot\u0159ebov\u00e1no 30 m3\u00a0d\u0159eva a\u00a0skl\u00e1d\u00e1 se z\u00a0cca 570 prvk\u016f. P\u0159i oprav\u00e1ch se nedochovala \u010d\u00e1st oken, n\u011bkter\u00e1 z\u00a0nich jsou tak kopi\u00ed. Dochov\u00e1ny nebyly ani p\u016fvodn\u00ed dve\u0159e. V\u00a0z\u00e1padn\u00ed zdi bylo odkryto p\u016fvodn\u00ed zazd\u011bn\u00e9 okno, kter\u00e9 poslou\u017eilo jako vzor pro v\u00fdrobu oken v\u00a0z\u00e1padn\u00ed fas\u00e1d\u011b sm\u011brem ke Stromovce. Objeveny byly tak\u00e9 zbytky b\u0159idlicov\u00fdch st\u0159ech, kter\u00e9 pak nahradily p\u016fvodn\u011b pl\u00e1novanou plechovou st\u0159e\u0161n\u00ed krytinu. Rekonstrukci v\u00a0cen\u011b 87,7 milionu korun m\u011bla na starosti architektonick\u00e1 kancel\u00e1\u0159 SGL Projekt a\u00a0stavebn\u00ed firma Subterra.<\/p>\r\n<p><strong>Nov\u00e1 \u00e9ra<br \/>\r\n<\/strong>Objekt nov\u011b nab\u00edz\u00ed p\u0159\u00edzemn\u00ed prostorn\u00fd s\u00e1l pro spole\u010densk\u00e9 a\u00a0kulturn\u00ed akce, komorn\u00ed koncerty, tiskov\u00e9 konference a\u00a0jin\u00e9. Budouc\u00edm n\u00e1v\u0161t\u011bvn\u00edk\u016fm jsou k\u00a0dispozici tak\u00e9 dva salonky a\u00a0dv\u011b kuchyn\u011b. Kapacita budovy je okolo 160 osob. Sou\u010d\u00e1st\u00ed nov\u00e9ho exteri\u00e9ru budovy je tak\u00e9 venkovn\u00ed schodi\u0161t\u011b ze Stromovky a\u00a0letn\u00ed bezbari\u00e9rov\u00fd vstup z\u00a0teras.<\/p>\r\n<p>Stavba ji\u017e pro\u0161la kolaudac\u00ed a\u00a0b\u011bhem n\u00e1sleduj\u00edc\u00edch t\u00fddn\u016f bude rekonstrukce dokon\u010dena posledn\u00edmi detaily, je\u017e se t\u00fdkaj\u00ed zejm\u00e9na okol\u00ed budovy a\u00a0p\u0159\u00edstupov\u00fdch cest. Zda si jako kolemjdouc\u00ed zde budeme moci d\u00e1t \u201ejedno orosen\u00e9\u201c, se uvid\u00ed. Mo\u017en\u00fd st\u00e1l\u00fd restaura\u010dn\u00ed nebo gastronomick\u00fd provoz bude nav\u00e1z\u00e1n na dokon\u010den\u00ed opravy lev\u00e9ho k\u0159\u00eddla Pr\u016fmyslov\u00e9ho pal\u00e1ce, je\u017e je prozat\u00edm v\u00a0pl\u00e1nu na p\u0159elomu let 2024\/2025.<br \/>\r\n<br \/>\r\n<\/p>\r\n<p><img loading=\"lazy\" src=\"https:\/\/www.praha7.cz\/wp-content\/uploads\/2023\/03\/u\u2560\u00fcc\u2560\u00eetenka_Petzoldovy_restaurace_1891_avers-177x400.jpg\" alt=\"\" width=\"177\" height=\"400\" class=\"alignnone size-medium wp-image-65453\" srcset=\"https:\/\/www.praha7.cz\/wp-content\/uploads\/2023\/03\/u\u2560\u00fcc\u2560\u00eetenka_Petzoldovy_restaurace_1891_avers-177x400.jpg 177w, https:\/\/www.praha7.cz\/wp-content\/uploads\/2023\/03\/u\u2560\u00fcc\u2560\u00eetenka_Petzoldovy_restaurace_1891_avers.jpg 276w\" sizes=\"(max-width: 177px) 100vw, 177px\" \/><br \/>\r\n<em><span style=\"font-size: 14px;\">Foto\u00a0\u2013 archiv Stanislava J. V\u00e1clavovice<\/span><\/em><\/p>","protected":false},"excerpt":{"rendered":"[perex] B\u00fdval\u00e1 restaurace Bohemia na V\u00fdstavi\u0161ti se do\u010dkala kompletn\u00ed a\u00a0velmi\u00a0n\u00e1ro\u010dn\u00e9 rekonstrukce. Budova plze\u0148sk\u00e9ho restaurantu z\u00a0roku 1891 bude nov\u011b slou\u017eit rozmanit\u00fdm kulturn\u00edm a\u00a0spole\u010densk\u00fdm akc\u00edm. [\/perex] Prvn\u00ed provozovatel Otev\u0159en\u00ed restaurace Bohemia v\u00a0lev\u00e9 \u010d\u00e1sti are\u00e1lu V\u00fdstavi\u0161t\u011b je spojeno s\u00a0kon\u00e1n\u00edm Jubilejn\u00ed zemsk\u00e9 v\u00fdstavy v\u00a0roce 1891 a\u00a0se jm\u00e9nem jej\u00edho prvn\u00edho provozovatele V\u00e1clava Petzolda (1827\u20131903). Bohemia byla v\u00a0r\u00e1mci v\u00fdstavi\u0161t\u011b nejluxusn\u011bj\u0161\u00edm stravovac\u00edm [&hellip;]","protected":false},"author":292,"featured_media":65451,"comment_status":"closed","ping_status":"open","sticky":false,"template":"","format":"standard","meta":[],"categories":[37],"tags":[],"_links":{"self":[{"href":"https:\/\/www.praha7.cz\/api\/wp\/v2\/posts\/65450"}],"collection":[{"href":"https:\/\/www.praha7.cz\/api\/wp\/v2\/posts"}],"about":[{"href":"https:\/\/www.praha7.cz\/api\/wp\/v2\/types\/post"}],"author":[{"embeddable":true,"href":"https:\/\/www.praha7.cz\/api\/wp\/v2\/users\/292"}],"replies":[{"embeddable":true,"href":"https:\/\/www.praha7.cz\/api\/wp\/v2\/comments?post=65450"}],"version-history":[{"count":2,"href":"https:\/\/www.praha7.cz\/api\/wp\/v2\/posts\/65450\/revisions"}],"predecessor-version":[{"id":65455,"href":"https:\/\/www.praha7.cz\/api\/wp\/v2\/posts\/65450\/revisions\/65455"}],"wp:featuredmedia":[{"embeddable":true,"href":"https:\/\/www.praha7.cz\/api\/wp\/v2\/media\/65451"}],"wp:attachment":[{"href":"https:\/\/www.praha7.cz\/api\/wp\/v2\/media?parent=65450"}],"wp:term":[{"taxonomy":"category","embeddable":true,"href":"https:\/\/www.praha7.cz\/api\/wp\/v2\/categories?post=65450"},{"taxonomy":"post_tag","embeddable":true,"href":"https:\/\/www.praha7.cz\/api\/wp\/v2\/tags?post=65450"}],"curies":[{"name":"wp","href":"https:\/\/api.w.org\/{rel}","templated":true}]}}