    
{"id":65422,"date":"2023-03-28T11:30:41","date_gmt":"2023-03-28T09:30:41","guid":{"rendered":"https:\/\/www.praha7.cz\/?p=65422"},"modified":"2023-04-26T08:37:34","modified_gmt":"2023-04-26T06:37:34","slug":"laborator-soucasne-hudby","status":"publish","type":"post","link":"https:\/\/www.praha7.cz\/laborator-soucasne-hudby\/","title":{"rendered":"Laborato\u0159 sou\u010dasn\u00e9 hudby"},"content":{"rendered":"<p>[perex]<\/p>\r\n<p>I\u00a0kdy\u017e se <a href=\"https:\/\/berg.cz\/\">Orchestr Berg<\/a> specializuje na interpretaci soudob\u00e9 hudby, pravideln\u011b m\u00e1 na sv\u00fdch koncertech plno. Poslucha\u010de \u010dasto zve na netradi\u010dn\u00ed m\u00edsta, kde hudbu kombinuje s\u00a0tancem nebo t\u0159eba zvukovou proch\u00e1zkou. Eva Kesslov\u00e1 v\u00a0orchestru p\u016fvodn\u011b hr\u00e1la na housle, posl\u00e9ze se stala jeho \u0159editelkou. Podle zakladatele a\u00a0um\u011bleck\u00e9ho \u0161\u00e9fa souboru Petera Vr\u00e1bela by bez n\u00ed Berg ji\u017e d\u00e1vno neexistoval. \u201eOna je ten \u010dlov\u011bk vp\u0159edu, kter\u00fd v\u0161echno \u0159\u00edd\u00ed,\u201c dod\u00e1v\u00e1. Jak to d\u011bl\u00e1? A\u00a0jak si zamilovat sou\u010dasnou klasiku?<\/p>\r\n<p>[\/perex]<\/p>\r\n<p><strong>Co v\u00e1s p\u0159ivedlo k\u00a0soudob\u00e9 hudb\u011b?<br \/>\r\n<\/strong>No vlastn\u011b Berg. Studovala jsem housle na konzervato\u0159i, ale kdy\u017e tam \u010dlov\u011bk p\u0159ijde v\u00a0patn\u00e1cti letech, hraje sp\u00ed\u0161 star\u0161\u00ed muziku. V\u00a0t\u00e9 dob\u011b jsem pro sou\u010dasnou hudbu bu\u0148ky v\u016fbec nem\u011bla, cokoli od Jan\u00e1\u010dka d\u00e1l bylo pro m\u011b t\u011b\u017ek\u00e9. Kdy\u017e jsem ji ale je\u0161t\u011b jako studentka konzervato\u0159e za\u010dala hr\u00e1t, cestu jsem si k\u00a0n\u00ed na\u0161la \u2013 \u010dlov\u011bk se dostane dovnit\u0159, v\u00edckr\u00e1t si ji poslechne, l\u00e9pe j\u00ed porozum\u00ed a\u00a0pak zjist\u00ed, \u017ee sou\u010dasn\u00e1 muzika je vlastn\u011b mnohem zaj\u00edmav\u011bj\u0161\u00ed ne\u017e ta star\u0161\u00ed, kter\u00e1 je dost p\u0159edv\u00eddateln\u00e1. Sou\u010dasn\u00e1 hudba je barevn\u011bj\u0161\u00ed, vyu\u017e\u00edv\u00e1 spoustu zaj\u00edmav\u00fdch n\u00e1stroj\u016f. Je to v\u011bt\u0161\u00ed dobrodru\u017estv\u00ed.<\/p>\r\n<p><strong>V\u00a0Orchestru Berg tedy p\u016fsob\u00edte od jeho sam\u00e9ho za\u010d\u00e1tku?<\/strong><br \/>\r\nVlastn\u011b ano. Nebyla jsem si t\u00edm \u00fapln\u011b jist\u00e1, ale kdy\u017e jsem to prob\u00edrala s\u00a0kolegy, kte\u0159\u00ed Berg je\u0161t\u011b na Akademii m\u00fazick\u00fdch um\u011bn\u00ed zakl\u00e1dali, zjistila jsem, \u017ee jsem asi opravdu hr\u00e1la u\u017e na jeho prvn\u00edm koncertu. To bylo n\u011bkdy v\u00a0roce 1995. Na AMU tehdy prob\u00edhal n\u011bjak\u00fd \u201eakademick\u00fd\u201c festival, a\u00a0proto\u017ee hudebn\u00ed fakulta \u017e\u00e1dn\u00fd orchestr ani jin\u00e9 t\u011bleso nem\u011bla, vyslala tam Orchestr Berg.<\/p>\r\n<p><strong>Tak\u017ee jste na prvn\u00edm koncertu je\u0161t\u011b hr\u00e1la a\u00a0pak jste p\u0159e\u0161la do mana\u017eersk\u00e9 pozice?<\/strong><br \/>\r\nHr\u00e1la jsem s\u00a0nimi a\u017e do roku 2001 nebo 2002. Tehdy jsem odjela studovat management do Anglie a\u00a0housle jsem si s\u00a0sebou u\u017e nebrala. V\u011bd\u011bla jsem, \u017ee si budu muset \u010dasem vybrat \u2013 bu\u010f budu d\u011blat to, co studuju, anebo budu hr\u00e1t. Oboj\u00ed najednou se dob\u0159e d\u011blat ned\u00e1. Vracet se k\u00a0hran\u00ed je n\u00e1ro\u010dn\u00e9 a\u00a0j\u00e1 se k\u00a0n\u011bmu u\u017e nikdy po\u0159\u00e1dn\u011b nevr\u00e1tila.<\/p>\r\n<p><strong>Logo orchestru se skl\u00e1d\u00e1 z\u00a0n\u011bkolika geometrick\u00fdch obrazc\u016f a\u00a0p\u0159ipom\u00edn\u00e1 pyramidu. N\u00e1zev Berg tedy odkazuje k\u00a0ho\u0159e?<\/strong><br \/>\r\nV\u00a0za\u010d\u00e1tc\u00edch o\u00a0n\u00e1zvu diskutovali studenti-zakladatel\u00e9 s\u00a0profesorem V\u00e1clavem Riedlbauchem, kter\u00fd tehdy na AMU p\u016fsobil jako \u0161\u00e9f um\u011bleck\u00e9ho provozu fakulty. Cht\u011bli modern\u011bj\u0161\u00ed n\u00e1zev, kter\u00fd by odkazoval k\u00a0dne\u0161n\u00ed dob\u011b. Z\u00e1m\u011brem bylo taky vynechat takov\u00e9 ty f\u00e1dn\u00ed n\u00e1zvy jako pra\u017esk\u00fd, studentsk\u00fd nebo komorn\u00ed. Volba padla na Berg, vlastn\u011b s\u00a0odkazem na skladatele Albana Berga. Profesor Riedlbauch tehdy \u0159\u00edkal, \u017ee my m\u00e1me taky \u010desk\u00e9ho Berga, Josefa Berga. No, a\u00a0kdyby do toho cht\u011bl n\u011bkdo \u0161\u0165ourat, tak HAMU je na kopci a\u00a0my se m\u016f\u017eeme odkazovat k\u00a0n\u011bm\u010din\u011b, Berg je hora. (sm\u00edch)<\/p>\r\n<p><strong>Dok\u00e1zala byste dnes d\u011blat mana\u017eerku \u201eb\u011b\u017en\u00e9mu\u201c orchestru s\u00a0konzervativn\u011bj\u0161\u00ed dramaturgi\u00ed, nebo by v\u00e1s takov\u00e1 pr\u00e1ce po pro\u017eit\u00e9m dobrodru\u017estv\u00ed s\u00a0Bergem u\u017e nudila?<\/strong><br \/>\r\nSamoz\u0159ejm\u011b, \u017ee bych dok\u00e1zala d\u011blat u\u00a0jin\u00e9ho orchestru. Berg m\u00e1 tu v\u00fdhodu, \u017ee ka\u017ed\u00fd jeho koncert je jin\u00fd. Takov\u00e9 dobrodru\u017estv\u00ed je ale vykoupeno mno\u017estv\u00edm pr\u00e1ce, kterou by t\u0159eba n\u011bkdo jin\u00fd d\u011blat necht\u011bl. Mn\u011b ale ta pestrost vyhovuje. I\u00a0t\u00edm, \u017ee jsme opravdu mal\u00e1 organizace a\u00a0\u010dlov\u011bk mus\u00ed d\u011blat i\u00a0takov\u00e9 ty nezbytn\u00e9 v\u011bci, v\u00a0podstat\u011b i\u00a0st\u011bhov\u00e1n\u00ed n\u00e1stroj\u016f. A\u00a0moje pr\u00e1ce z\u00e1rove\u0148 obsahuje i\u00a0velk\u00e9 mno\u017estv\u00ed interakce s\u00a0um\u011blci a\u00a0hudebn\u00edky. Tak mi to vyhovuje.<\/p>\r\n<p><strong>Hudebn\u00ed t\u011blesa \u010dasto hraj\u00ed skladby po\u0159\u00e1d dokola. Naproti tomu Berg ka\u017ed\u00fd rok premi\u00e9ruje mnoho d\u011bl \u010desk\u00fdch skladatel\u016f. Na va\u0161em koncert\u011b si \u010dasto \u0159\u00edk\u00e1m, kolik \u00fasil\u00ed muselo st\u00e1t takovou skladbu nazkou\u0161et. P\u0159itom ji zahrajete mnohdy jen jednou a\u00a0z\u00a0premi\u00e9ry se z\u00e1rove\u0148 stane derni\u00e9ra.<br \/>\r\n<\/strong>Ka\u017ed\u00fd koncert nahr\u00e1v\u00e1me. I\u00a0kv\u016fli tomu, \u017ee premi\u00e9rujeme nov\u00e9 skladby mlad\u00fdch \u010desk\u00fdch autor\u016f a\u00a0pro n\u011b jsou ty nahr\u00e1vky d\u016fle\u017eit\u00e9. Repr\u00edzov\u00e1n\u00ed je takov\u00e1 na\u0161e bolest. Ale ve chv\u00edli, kdy je sou\u010d\u00e1st\u00ed vystoupen\u00ed divadeln\u00ed slo\u017eka, je to nutnost, proto\u017ee \u00fasil\u00ed vlo\u017een\u00e9ho do divadeln\u00edho tvaru je obrovsk\u00e9 mno\u017estv\u00ed, mnohem v\u011bt\u0161\u00ed ne\u017e do koncertu. Pro\u010d tak m\u00e1lo koncerty repr\u00edzujeme, m\u00e1 i\u00a0jin\u00fd d\u016fvod. Orchestr Berg funguje jako inici\u00e1tor nov\u00fdch skladeb, co\u017e je d\u016fle\u017eit\u00e9. Skladatel si d\u00edky n\u00e1m m\u016f\u017ee zvuky \u201eosahat\u201c, vyzkou\u0161et, jak jeho p\u0159edstava v\u00a0praxi funguje nebo nefunguje. D\u00edky tomu se m\u016f\u017ee vyv\u00edjet, pracovat na sob\u011b nebo hledat nov\u00e9 cesty.<\/p>\r\n<p><strong>Tak\u017ee Orchestr Berg sv\u00fdm zp\u016fsobem funguje jako laborato\u0159 pro sou\u010dasn\u00e9 skladatele&#8230;<\/strong><br \/>\r\n\u2026 a\u00a0v\u00a0z\u00e1jmu t\u00e9 laborato\u0159e je, aby p\u0159\u00edle\u017eitost dostalo co nejv\u00edc skladatel\u016f. Z\u00e1kladem na\u0161\u00ed pr\u00e1ce je objedn\u00e1vat a\u00a0uv\u00e1d\u011bt nov\u00e9 skladby. P\u0159edstavovat je v\u00a0kontextu toho, co vznik\u00e1 ve sv\u011bt\u011b, je pak druh\u00fdm stavebn\u00edm kamenem toho, co d\u011bl\u00e1me.<\/p>\r\n<p><strong>Jak dlouho v\u00e1m trv\u00e1 nazkou\u0161et novou skladbu?<\/strong><br \/>\r\nNa hodinov\u00fd koncert to jsou \u010dty\u0159i \u010dty\u0159hodinov\u00e9 zkou\u0161ky, gener\u00e1lka a\u00a0koncert. Kdy\u017e jde o\u00a0divadeln\u00ed p\u0159edstaven\u00ed, funguje to ale \u00fapln\u011b jinak, proto\u017ee se pot\u0159ebujeme p\u0159izp\u016fsobit konkr\u00e9tn\u00edmu v\u00fdsledn\u00e9mu tvaru.<\/p>\r\n<p><strong>M\u00e1 dnes Berg st\u00e1l\u00fd ans\u00e1mbl, nebo hr\u00e1\u010de sestavujete pro \u00fa\u010dely vybran\u00e9 skladby v\u017edy znovu?<\/strong><br \/>\r\nNa ka\u017ed\u00fd koncert pot\u0159ebujeme jin\u00e9 obsazen\u00ed. Skladatel\u00e9 dnes p\u00ed\u0161\u00ed hlavn\u011b pro takzvan\u00fd velk\u00fd ans\u00e1mbl, cht\u011bj\u00ed m\u00edt pestrost, od v\u0161eho n\u011bco. Smy\u010dcov\u00e9 n\u00e1stroje, dechov\u00e9 n\u00e1stroje, bic\u00ed, elektrick\u00e9 kytary, prost\u011b v\u0161echno, co vyd\u00e1v\u00e1 r\u016fzn\u00e9 a\u00a0roztodivn\u00e9 zvuky. Model ans\u00e1mblu je postaven\u00fd tak, aby si skladatel vybral a\u00a0p\u0159idal takov\u00e9 ty lah\u016fdky typu baskytara, pila nebo cokoli, co se d\u00e1 spla\u0161it zaj\u00edmav\u00e9ho.<\/p>\r\n<p><strong>Skladatel\u00e9 v\u00e1s tedy p\u0159i komponov\u00e1n\u00ed moc ne\u0161et\u0159\u00ed.<\/strong><br \/>\r\nDneska skladatel\u00e9 po\u010d\u00edtaj\u00ed se standardem, kter\u00fd nastavuj\u00ed velk\u00e9 ans\u00e1mbly. T\u0159eba ty ve Francii nebo N\u011bmecku moc limit\u016f nemaj\u00ed. My naopak skladatel\u016fm limity d\u00e1v\u00e1me. V\u00edme, \u017ee jejich skladba bude na koncert\u011b zn\u00edt v\u00a0n\u011bjak\u00e9m kontextu, a\u00a0u\u017e dop\u0159edu jim \u0159ekneme, jak\u00e9 maj\u00ed mo\u017enosti n\u00e1stroj\u016f a\u00a0\u017ee si s\u00a0nimi mus\u00ed poradit. Maxim\u00e1ln\u011b m\u016f\u017eou dostat jeden n\u00e1stroj nav\u00edc. T\u00edm je limitujeme, aby nebyly v\u00a0jedn\u00e9 skladb\u011b t\u0159i n\u00e1stroje a\u00a0ve druh\u00e9 dvacet. Naj\u00edt balanc, kter\u00fd by d\u00e1val smysl jak um\u011bleck\u00fd, tak praktick\u00fd, nen\u00ed v\u017edy snadn\u00e9. N\u00e1\u0161 um\u011bleck\u00fd \u0161\u00e9f Peter Vr\u00e1bel skladby vyb\u00edr\u00e1 v\u017edy podle kvality, podle kontextu, ve kter\u00e9m budou zn\u00edt, a\u00a0nakonec podle obsazen\u00ed.<\/p>\r\n<p><strong>Pro spoustu lid\u00ed z\u016fstanou dve\u0159e k\u00a0soudob\u00e9 hudb\u011b uzav\u0159eny po cel\u00fd \u017eivot. Souhlasila byste s\u00a0t\u00edm, \u017ee k\u00a0sou\u010dasn\u00e9 hudb\u011b se mus\u00ed v\u011bt\u0161ina lid\u00ed proposlouchat, tedy \u017ee pot\u0159ebuj\u00ed nejprve zku\u0161enost s\u00a0klasi\u010dt\u011bj\u0161\u00ed formou v\u00e1\u017en\u00e9 hudby?<\/strong><br \/>\r\nVlastn\u011b nev\u00edm. N\u011bkdy m\u00e1m pocit, \u017ee p\u0159\u00edli\u0161n\u00e1 zku\u0161enost s\u00a0klasickou hudbou uzav\u00edr\u00e1 lidem mysl a\u00a0u\u0161i pro cokoli, co je m\u00e9n\u011b p\u0159edv\u00eddateln\u00e9 a\u00a0kde si \u010dlov\u011bk hled\u00e1 \u00fapln\u011b n\u011bco jin\u00e9ho ne\u017e pravideln\u00fd rytmus a\u00a0melodie, kter\u00e9 si pak zazp\u00edv\u00e1. Sou\u010dasn\u00e1 hudba je\u00a0o\u00a0objevov\u00e1n\u00ed r\u016fzn\u00fdch netradi\u010dn\u00edch zvuk\u016f a\u00a0vlastn\u011b i\u00a0sebe sama skrze to, jak ji vn\u00edm\u00e1me. Mysl\u00edm, \u017ee je d\u016fle\u017eit\u00e9 m\u00edt pozitivn\u00ed z\u00e1\u017eitky s\u00a0touto ne \u00fapln\u011b b\u011b\u017enou muzikou, s\u00a0jej\u00edm neb\u011b\u017en\u00fdm zvukov\u00fdm sv\u011btem. Kdy\u017e jdete t\u0159eba do lesa, taky tam \u017e\u00e1dnou pravidelnost a\u00a0melodie neusly\u0161\u00edte, a\u00a0p\u0159esto se tam c\u00edt\u00edte dob\u0159e. Jasn\u011b, ten zvuk vn\u00edm\u00e1te jako kulisu, ale my jsme se p\u0159\u00edrod\u011b na\u0161\u00ed touhou po p\u0159edv\u00eddatelnosti a\u00a0melodi\u010dnosti odd\u00e1lili, v\u00a0re\u00e1lu to norm\u00e1ln\u00ed nen\u00ed. Bohu\u017eel t\u00edm, jak n\u00e1s od r\u00e1na do ve\u010dera formuje to, co sl\u00fdch\u00e1me t\u0159eba z\u00a0r\u00e1di\u00ed, nejsme schopni poslouchat n\u011bco, co je sv\u00fdm zp\u016fsobem mnohem p\u0159irozen\u011bj\u0161\u00ed.<\/p>\r\n<p><strong>Je mo\u017en\u00e9 poslouchat sou\u010dasnou muziku i\u00a0doma, nebo je d\u016fle\u017eit\u00e1 sama p\u0159\u00edtomnost na koncertu?<\/strong><br \/>\r\nKoncerty maj\u00ed svoji d\u016fle\u017eitost, proto\u017ee tam jdete jenom kv\u016fli hudb\u011b, vypnete si telefon, je to jen v\u00e1\u0161 \u010das, sv\u00fdm zp\u016fsobem takov\u00e1 meditace. Hudbu m\u016f\u017eete poslouchat samoz\u0159ejm\u011b kdykoli a\u00a0kdekoli, j\u00e1 takov\u00fdch lid\u00ed zn\u00e1m spoustu. Pravda ale je, \u017ee kdy\u017e si chcete hudbu u\u017e\u00edt, mus\u00edte j\u00ed v\u011bnovat klid, \u010das a\u00a0soust\u0159ed\u011bn\u00ed.<\/p>\r\n<p><strong>Co vlastn\u011b plat\u00ed \u2013 je to hudba sou\u010dasn\u00e1, soudob\u00e1, modern\u00ed, nov\u00e1?<br \/>\r\n<\/strong>Terminologie je trochu ne\u0161\u0165astn\u00e1. Zvl\u00e1\u0161\u0165 v\u00a0\u010de\u0161tin\u011b \u2013 term\u00edn soudob\u00e1 v\u00e1\u017en\u00e1 hudba je n\u011bco, co bych nejrad\u011bji \u00fapln\u011b \u0161krtla. Jeden \u010das jsme se sna\u017eili razit term\u00edn nov\u00e1 hudba, jenom\u017ee pro spoustu lid\u00ed to nebylo dostate\u010dn\u011b p\u0159esn\u00e9. Nov\u00e1 hudba je pro n\u011b cokoli nov\u00e9ho. Ale to nen\u00ed \u00fapln\u011b na \u0161kodu. Hudba m\u00e1 mnoho typ\u016f, druh\u016f. I\u00a0v\u00a0na\u0161\u00ed hudb\u011b je takov\u00e1 paleta styl\u016f a\u00a0osobnost\u00ed, \u017ee se t\u011b\u017eko n\u011bkam za\u0159azuje. V\u00a0anglick\u00e9m sv\u011bt\u011b se pou\u017e\u00edv\u00e1 ozna\u010den\u00ed contemporary classical music, co\u017e znamen\u00e1 sou\u010dasn\u00e1 klasick\u00e1 hudba. Na terminologii vlastn\u011b nez\u00e1le\u017e\u00ed. (sm\u00edch)<\/p>\r\n<p><strong>N\u011bkolik let jste studovala v\u00a0zahrani\u010d\u00ed. Jak\u00fd je rozd\u00edl mezi vn\u00edm\u00e1n\u00edm sou\u010dasn\u00e9 hudby tam a\u00a0u\u00a0n\u00e1s?<\/strong><br \/>\r\nNejd\u00e9le jsem \u017eila v\u00a0angloamerick\u00e9m prost\u0159ed\u00ed,\u00a0ale vn\u00edm\u00e1m rozd\u00edly t\u0159eba i\u00a0v\u00a0r\u00e1mci Evropy. Postkomunistick\u00e9 zem\u011b jsou na tom \u00fapln\u011b jinak ne\u017e z\u00e1padn\u00ed Evropa. Francie a\u00a0N\u011bmecko jsou v\u00a0na\u0161\u00ed oblasti tahouni, je tam obrovsk\u00e1 tradice. Koncerty slo\u017een\u00e9 v\u00fdhradn\u011b ze sou\u010dasn\u00e9 hudby maj\u00ed velk\u00e9 s\u00e1ly pln\u00e9 div\u00e1k\u016f. Tady ve st\u0159edn\u00ed nebo v\u00fdchodn\u00ed Evrop\u011b tak daleko nejsme, proto\u017ee lid\u00e9 maj\u00ed st\u00e1le pocit, \u017ee soudob\u00e1 hudba je n\u011bco, co jim p\u0159inese nep\u0159\u00edjemn\u00fd z\u00e1\u017eitek. Douf\u00e1m ale, \u017ee Orchestr Berg tyto p\u0159edsudky \u00fasp\u011b\u0161n\u011b vyvrac\u00ed.<\/p>\r\n<p><strong>Ch\u00e1pu spr\u00e1vn\u011b, \u017ee jedn\u00edm z\u00a0c\u00edl\u016f Orchestru Berg je popularizace t\u00e9to hudby?<\/strong><br \/>\r\nAno, a\u00a0pr\u00e1v\u011b i\u00a0proto jsme ode\u0161li z\u00a0tradi\u010dn\u00edch koncertn\u00edch s\u00e1l\u016f, kter\u00e9 podle n\u00e1s p\u0159\u00edli\u0161 odkazovaly na minulost. D\u00edky tomu jsme objevili kouzlo industri\u00e1ln\u00edch prostor a\u00a0sou\u010dasn\u00e9 architektury. Dnes u\u017e bohu\u017eel p\u016fvodn\u00ed pr\u016fmyslov\u00e9 objekty miz\u00ed nebo se p\u0159estavuj\u00ed, naopak n\u00e1m p\u0159ib\u00fdv\u00e1 modern\u00ed architektura. Zahajovac\u00ed koncert leto\u0161n\u00ed sezony jsme m\u011bli v\u00a0n\u00e1dhern\u00e9 budov\u011b Fakulty humanitn\u00edch studi\u00ed Univerzity Karlovy, na stejn\u00e9 m\u00edsto se je\u0161t\u011b vr\u00e1t\u00edme na konci sezony. Je to i\u00a0o\u00a0tom, \u017ee lidi vezmeme do netradi\u010dn\u00edch prostor, kam se b\u011b\u017en\u011b nepod\u00edvaj\u00ed, abychom z\u00e1\u017eitek ud\u011blali celistv\u00fd.<\/p>\r\n<p><strong>Volnost v\u00a0proveden\u00ed skladeb sou\u010dasn\u00e9 hudby je asi jenom zd\u00e1nliv\u00e1. Jak\u00e9 to je interpretovat hudbu skladatele, kter\u00fd si ji p\u0159ijde na zkou\u0161ku nebo koncert poslechnout? Mluv\u00ed v\u00e1m do pr\u00e1ce \u010dasto?<br \/>\r\n<\/strong>N\u011bkte\u0159\u00ed skladatel\u00e9 jsou aktivn\u011bj\u0161\u00ed, jin\u00ed benevolentn\u011bj\u0161\u00ed, v\u017edycky ale mus\u00edme naj\u00edt spole\u010dnou \u0159e\u010d. Uv\u011bdomujeme si zodpov\u011bdnost, kdy\u017e skladbu interpretujeme jako prvn\u00ed. Sna\u017e\u00edme se v\u017edycky co nejv\u00edce p\u0159ibl\u00ed\u017eit instrukc\u00edm skladatele a\u00a0hr\u00e1t skladbu tak, jak si to p\u0159edstavuje on. Jak u\u017e jsem \u0159\u00edkala, skladbu v\u017edy nahr\u00e1v\u00e1me a\u00a0tato prvn\u00ed nahr\u00e1vka s\u00a0n\u00ed bude nutn\u011b \u017e\u00edt, a\u0165 chceme nebo ne.<\/p>\r\n<p><strong>Orchestr\u016f je jist\u011b spousta, ale t\u011bch, kter\u00e9 d\u00e1vaj\u00ed \u0161anci sou\u010dasn\u00fdm skladatel\u016fm, bude jen p\u00e1r. Stane se, \u017ee v\u00e1m auto\u0159i pos\u00edlaj\u00ed vlastn\u00ed skladby, nebo si je u\u00a0nich nech\u00e1v\u00e1te v\u017edy u\u0161\u00edt na m\u00edru Orchestru Berg?<\/strong><br \/>\r\nPlat\u00ed oboj\u00ed, ale v\u011bt\u0161inou si objedn\u00e1v\u00e1me skladby pro konkr\u00e9tn\u00ed p\u0159\u00edle\u017eitost. \u017de by si skladatel jen tak n\u011bco psal do \u0161upl\u00edku, p\u0159itom s\u00a0nulovou vidinou proveditelnosti, to se nest\u00e1v\u00e1. Motivace, \u017ee se skladba bude hr\u00e1t, je d\u016fle\u017eit\u00e1. Stejn\u011b jako v\u011bdom\u00ed, kdo skladbu provede. M\u016f\u017ee se ale st\u00e1t, \u017ee skladatel nap\u00ed\u0161e skladbu pro n\u011bkoho jin\u00e9ho, ov\u0161em k\u00a0proveden\u00ed nakonec nedojde. Tak\u017ee se n\u00e1m u\u00a0jedn\u00e9 japonsk\u00e9 skladatelky stalo, \u017ee jsme uvedli sv\u011btovou premi\u00e9ru jej\u00ed skladby, ani\u017e bychom to dop\u0159edu v\u011bd\u011bli. N\u011bkdy se k\u00a0n\u00e1m skladby dostanou takhle omylem, ale m\u00e1lokdy hrajeme n\u011bco z\u00a0\u0161upl\u00edku.<\/p>\r\n<p><strong>Zm\u00ednila jste japonskou skladatelku, zd\u00e1 se ale, \u017ee mezi skladateli dominuj\u00ed mu\u017ei. M\u00e1me taky n\u011bjakou \u010deskou skladatelku, se kterou spolupracujete?<\/strong><br \/>\r\nM\u00e1me jich n\u011bkolik. Ale je pravda, \u017ee holek v\u00a0tomto oboru nen\u00ed tolik, a\u00a0je mi to l\u00edto. Je to takov\u00e1 na\u0161e bolest. I\u00a0proto se sna\u017e\u00edme ukazovat d\u00edla skladatelek ze zahrani\u010d\u00ed, ale tam taky dominuj\u00ed mu\u017ei. Mo\u017en\u00e1 jsou \u017eeny v\u00edce prakticky zam\u011b\u0159en\u00e9, a\u00a0proto v\u011bd\u00ed, \u017ee prorazit se skladbou je t\u011b\u017ek\u00e9. Je to vlastn\u011b takov\u00e1 loterie, jestli usp\u011bjete\u00a0a\u00a0budete objedn\u00e1vky dost\u00e1vat, anebo ne. I\u00a0u\u00a0n\u00e1s je ale \u0159ada skv\u011bl\u00fdch skladatelek, t\u0159eba te\u010f pro n\u00e1s Jana V\u00f6r\u00f6\u0161ov\u00e1 spole\u010dn\u011b s\u00a0choreografkou Mirkou Eli\u00e1\u0161ovou p\u0159ipravuje tane\u010dn\u011b-divadeln\u00ed p\u0159edstaven\u00ed. Mimochodem, Jana V\u00f6r\u00f6\u0161ov\u00e1 je velmi \u00fasp\u011b\u0161n\u00e1 skladatelka, kter\u00e1 vyhr\u00e1la skladatelskou sout\u011b\u017e \u010cesk\u00e9 filharmonie, nav\u00edc je m\u00e1mou t\u0159\u00ed d\u011bt\u00ed a\u00a0u\u010d\u00ed na konzervato\u0159i Duncan Centre. V\u016fbec netu\u0161\u00edm, jak to ta holka v\u0161echno zvl\u00e1d\u00e1, ale o\u010dividn\u011b to zvl\u00e1d\u00e1, proto\u017ee te\u010f nav\u00edc dopisovala skladbu pro Pra\u017esk\u00e9 jaro. V\u00a0lo\u0148sk\u00e9m roce jsme hr\u00e1li skladbu od Soni Vetch\u00e9, mezi skladatelkami, kter\u00e9 s\u00a0n\u00e1mi spolupracovaly, je\u00a0i\u00a0Michaela P\u00e1lka Plachk\u00e1. \u017den skladatelek je v\u00edc, ale mo\u017en\u00e1 jen nejsou tolik vid\u011bt.<\/p>\r\n<p><strong>Jako div\u00e1k nebo l\u00e9pe \u0159e\u010deno poslucha\u010d c\u00edt\u00edm na va\u0161ich koncertech v\u017edy takovou milou a\u00a0p\u0159\u00e1telskou atmosf\u00e9ru.<\/strong><br \/>\r\nT\u00e9mata na\u0161ich ve\u010der\u016f \u010dasto nejsou jednoduch\u00e1 a\u00a0hudba nen\u00ed a\u017e tak relaxa\u010dn\u00ed, proto\u017ee se na ni poslucha\u010d mus\u00ed soust\u0159edit. Pr\u00e1v\u011b proto se sna\u017e\u00edme, aby v\u0161echno okolo bylo p\u0159\u00edjemn\u00e9, uvoln\u011bn\u00e9 a\u00a0taky neform\u00e1ln\u00ed.<\/p>\r\n<p><strong>Kdo je v\u00e1\u0161 typick\u00fd poslucha\u010d? Samotn\u00e9ho m\u011b p\u0159ekvapilo, \u017ee v\u011bkov\u00fd rozptyl publika na va\u0161ich koncertech je tak \u0161irok\u00fd \u2013 od sotva plnolet\u00fdch milovn\u00edk\u016f hudby a\u017e po zral\u00e9 d\u00e1my a\u00a0pro\u0161ediv\u011bl\u00e9 p\u00e1ny. V\u017edycky ale m\u00e1te plno. Jak to d\u011bl\u00e1te?<br \/>\r\n<\/strong>Mysl\u00edm, \u017ee hlavn\u00edm znakem na\u0161eho poslucha\u010de je zv\u00eddavost. Zv\u00eddavost na v\u0161echno. M\u00e1m pocit, \u017ee n\u00e1\u0161 typick\u00fd poslucha\u010d chod\u00ed nejenom k\u00a0n\u00e1m, ale tak\u00e9 na v\u00fdstavy, do p\u0159\u00edrody. Je to aktivn\u00ed \u010dlov\u011bk, kter\u00e9ho zaj\u00edm\u00e1 \u00fapln\u011b v\u0161echno. A\u00a0ty m\u00e1me jak mezi mlad\u00fdmi, tak mezi star\u00fdmi. Star\u0161\u00ed generace m\u00e1 tu v\u00fdhodu, \u017ee si sn\u00e1ze pl\u00e1nuje sv\u016fj voln\u00fd \u010das a\u00a0je na to zvykl\u00e1. I\u00a0proto m\u00e1me star\u0161\u00edch lid\u00ed mezi na\u0161imi abonenty docela dost.<\/p>\r\n<p><strong>U\u00a0v\u00e1s, mo\u017en\u00e1 v\u00edce ne\u017e v\u00a0kdejak\u00e9m sportovn\u00edm klubu, funguje n\u011bco, \u010demu se \u0159\u00edk\u00e1 klubismus. Co p\u0159esn\u011b znamen\u00e1 b\u00fdt \u010dlenem Klubergu?<\/strong><br \/>\r\nKa\u017ed\u00fd rok organizujeme osm ve\u010dern\u00edch akc\u00ed a\u00a0je pravda, \u017ee kdy\u017e abonent p\u0159ijde na v\u0161echny koncerty, ve v\u00fdsledku tvo\u0159\u00ed \u010d\u00e1st publika takov\u00fd klub. Ale pak m\u00e1me je\u0161t\u011b Kluberg, co\u017e jsou na\u0161i podporovatel\u00e9 \u2013 lid\u00e9, kter\u00fdm z\u00e1le\u017e\u00ed na tom, abychom dob\u0159e a\u00a0hladce fungovali. Ka\u017ed\u00fd m\u011bs\u00edc n\u00e1m pos\u00edlaj\u00ed relativn\u011b malou \u010d\u00e1stku, ale pro n\u00e1s je ohromn\u011b posiluj\u00edc\u00ed a\u00a0d\u016fle\u017eit\u00e9 v\u011bd\u011bt, \u017ee jsou lid\u00e9, kter\u00fdm na n\u00e1s tak z\u00e1le\u017e\u00ed. A\u00a0pak m\u00e1me samoz\u0159ejm\u011b i\u00a0v\u011bt\u0161\u00ed d\u00e1rce. Pro na\u0161e podporovatele po\u0159\u00e1d\u00e1me zahradn\u00ed slavnost nebo spole\u010dn\u011b vyr\u00e1\u017e\u00edme na v\u00fdlety.<\/p>\r\n<p><strong>Do pov\u011bdom\u00ed ve\u0159ejnosti jste se zapsali p\u0159edev\u0161\u00edm projektem Hudba k\u00a0sir\u00e9n\u011b. Jak vznikl n\u00e1pad pustit se do t\u00e9to s\u00e9rie mikrokoncert\u016f a\u00a0jak\u00e1 je jeho budoucnost?<\/strong><br \/>\r\nO\u00a0tom projektu jsme diskutovali n\u011bkolik let. \u0158\u00edkala jsem si, \u017ee sir\u00e9na je tak typick\u00fd zvuk, a\u00a0proto by to cht\u011blo ji n\u011bjak vyu\u017e\u00edt. Pro\u010d by ji skladatel\u00e9 nemohli obestav\u011bt kr\u00e1tk\u00fdmi skladbami? Taky jsem v\u011bd\u011bla, \u017ee n\u011bkte\u0159\u00ed z\u00a0na\u0161ich skladatel\u016f se v\u011bnuj\u00ed n\u011b\u010demu, \u010demu se \u0159\u00edk\u00e1 zvukov\u00e1 ekologie, tak\u017ee jsem znala koncept zvukov\u00e9 proch\u00e1zky. Pak u\u017e to v\u0161echno do sebe n\u011bjak zapadlo. Do projektu jsme jako partnera p\u0159ibrali \u010cesk\u00fd rozhlas, kter\u00fd na\u0161e skladby vys\u00edlal \u017eiv\u011b v\u00a0p\u0159\u00edm\u00e9m p\u0159enosu na Vltav\u011b. Rozhlas n\u00e1s tak\u00e9 p\u0159ihl\u00e1sil do velmi presti\u017en\u00ed sout\u011b\u017ee Prix Italia, kde jsme vyhr\u00e1li v\u00a0kategorii Hudba pro rozhlas. Pro n\u00e1s je tento projekt jedn\u00edm z\u00a0\u0159ady t\u011bch popul\u00e1rn\u011b-edukativn\u00edch. Je to kr\u00e1tk\u00e9, \u010dasto do deseti minut, a\u00a0to vydr\u017e\u00ed ka\u017ed\u00fd, nav\u00edc v\u00a0poledne. Pro n\u00e1s to je p\u0159\u00edle\u017eitost, jak hudbu dostat k\u00a0lidem \u2013 na \u0161koly, univerzity, v\u00fdzkumn\u00e9 \u00fastavy\u2026 Hr\u00e1li jsme na koupali\u0161ti, na st\u0159e\u0161e N\u00e1rodn\u00edho zem\u011bd\u011blsk\u00e9ho muzea\u2026 Kde jsou lid\u00e9 a\u00a0je sly\u0161et sir\u00e9na, tam m\u016f\u017eeme koncert zrealizovat. Nejv\u00edc se n\u00e1m v\u00a0posledn\u00ed dob\u011b osv\u011bd\u010dily st\u0159echy, proto\u017ee ve m\u011bst\u011b na nich zn\u00ed hned n\u011bkolik sir\u00e9n najednou, co\u017e je kouzeln\u00fd z\u00e1\u017eitek.<\/p>\r\n<p><strong>Kdy\u017e se pod\u00edv\u00e1m do ned\u00e1vn\u00e9 minulosti, zd\u00e1 se, \u017ee se Berg \u010dast\u011bji pou\u0161t\u00ed do divadeln\u00edch projekt\u016f. Jak se zrodil n\u00e1pad na f\u00fazi se souborem sou\u010dasn\u00e9ho tance 420People?<\/strong><br \/>\r\nSe 420People jsme spolupracovali ji\u017e kdysi d\u00e1vno. Prvn\u00ed spole\u010dn\u00fd projekt jsme d\u011blali v\u00a0roce 2012, \u0161lo o\u00a0experiment, kdy hudebn\u00edci a\u00a0tane\u010dn\u00edci byli na jevi\u0161ti spole\u010dn\u011b, p\u0159i\u010dem\u017e hudebn\u00edci se pohybovali a\u00a0tane\u010dn\u00edci zase pom\u00e1hali s\u00a0hudebn\u00ed slo\u017ekou. Od t\u00e9 doby o\u00a0sob\u011b v\u00edme. A\u00a0pak do toho vstoupila Sylva \u0160afkov\u00e1. T\u00e9 jsme pom\u00e1hali s\u00a0realizac\u00ed absolventsk\u00e9ho projektu na AMU, kde studovala choreografii, z\u00e1rove\u0148 ale tan\u010dila v\u00a0baletu N\u00e1rodn\u00edho divadla, se kter\u00fdm jsme rovn\u011b\u017e hodn\u011b spolupracovali. Tak\u017ee se to cel\u00e9 propojilo,\u00a0a\u00a0kdy\u017e Sylva p\u0159i\u0161la do 420People, oslovila n\u00e1s s\u00a0konkr\u00e9tn\u00ed p\u0159edstavou, ze kter\u00e9 nakonec vze\u0161el projekt INspiraCe, kde se inspirujeme slavnou modul\u00e1rn\u00ed skladbou od americk\u00e9ho minimalisty Terryho Rileyho. To je zrovna jeden z\u00a0t\u011bch projekt\u016f, kter\u00e9 je kv\u016fli vlo\u017een\u00e9mu \u00fasil\u00ed z\u00e1hodno repr\u00edzovat.<\/p>\r\n<p><strong>Um\u011bleck\u00fd \u0159editel souboru 420People V\u00e1clav Kune\u0161 v\u00a0ned\u00e1vn\u00e9m rozhovoru pro \u010dasopis Reflex mluvil o\u00a0nutnosti d\u00e1t si tv\u016fr\u010d\u00ed pauzu. O\u00a0pocitu p\u0159et\u00ed\u017een\u00ed um\u011blc\u016f v\u00a0sou\u010dasn\u011b nastaven\u00e9m kulturn\u00edm prost\u0159ed\u00ed se mluv\u00ed st\u00e1le \u010dast\u011bji. Jak vy sama bojujete se stresem a\u00a0tlakem, kter\u00e9 na v\u00e1s kulturn\u00ed sektor \u2013 se v\u0161emi sv\u00fdmi term\u00edny, z\u00e1vazky, grantov\u00fdmi v\u00fdzvami \u2013 vytv\u00e1\u0159\u00ed?<\/strong><br \/>\r\nJsem v\u00a0podobn\u00e9m v\u011bku jako V\u00e1clav a\u00a0je pravda, \u017ee to na m\u011b taky dol\u00e9h\u00e1. Covid v\u0161e umocnil, proto\u017ee pr\u00e1ce nebylo m\u00e9n\u011b, ale v\u00edce. N\u011bco se muselo p\u0159eorganizovat t\u0159eba \u0161estkr\u00e1t \u2013 tak\u017ee m\u00e1te jeden v\u00fdsledek, ale \u0161estkr\u00e1t v\u00edc pr\u00e1ce. Mus\u00edm \u0159\u00edct, \u017ee u\u017e taky m\u00e1m ten pocit, \u017ee mi nen\u00ed dvacet a\u00a0\u017ee v\u0161echno nezvl\u00e1dnu. Sna\u017e\u00edm se relaxovat u\u00a0pohybu \u2013 turistika, b\u011b\u017eky, p\u0159\u00edroda. Taky jsem zna\u010dka\u0159kou tras Klubu \u010desk\u00fdch turist\u016f. Od muziky se sna\u017e\u00edm ut\u00edkat do divadla, k\u00a0tanci\u00a0a\u00a0podobn\u011b. P\u0159izn\u00e1m se, \u017ee kdy\u017e u\u017e si m\u00e1m vybrat, tak jdu ve\u010der rad\u011bji na tane\u010dn\u00ed p\u0159edstaven\u00ed ne\u017e na koncert, proto\u017ee pot\u0159ebuji jin\u00e9 prost\u0159ed\u00ed. Skv\u011bl\u00e9 je, kdy\u017e jdu na akci, kterou neorganizuji. Taky se sna\u017e\u00edm m\u00edt i\u00a0trochu voln\u00e9ho \u010dasu, t\u0159eba u\u017e v\u00edc ne\u017e deset let se u\u010d\u00edm \u0161pan\u011blsky.<\/p>\r\n<p><strong>V\u00a0lo\u0148sk\u00e9m roce uvedl Berg ve spolupr\u00e1ci s\u00a0divadeln\u00ed skupinou Spitfire Company komorn\u00ed operu Tak ti\u0161e a\u017e. Za hudbu k\u00a0n\u00ed byl skladatel Slavom\u00edr Ho\u0159\u00ednka nominov\u00e1n na Cenu divadeln\u00ed kritiky. Pro\u010d padla volba pr\u00e1v\u011b na n\u011bj?<br \/>\r\n<\/strong>Projekt Tak ti\u0161e a\u017e je mimochodem u\u017e druh\u00e1 na\u0161e spolupr\u00e1ce se Spitfire Company. Ta prvn\u00ed vznikla na z\u00e1klad\u011b m\u00e9ho rozhovoru s\u00a0Petrem Boh\u00e1\u010dem, re\u017eis\u00e9rem Spitfire Company, v\u00a0\u010d\u00ednsk\u00e9 restauraci v\u00a0New Yorku, co\u017e je \u00fapln\u011b bizarn\u00ed, ale pr\u00e1v\u011b tam jsme se setkali p\u0159i n\u011bjak\u00e9 konferenci. \u0158ekli jsme si, \u017ee by byla \u0161koda nezkusit spolupracovat, a\u00a0v\u00a0roce 2016 tak do\u0161lo na n\u00e1\u0161 prvn\u00ed projekt. Kdy\u017e Petr zva\u017eoval t\u00e9ma, kter\u00e9 se pak p\u0159erodilo do Tak ti\u0161e a\u017e, oslovil n\u00e1s, proto\u017ee m\u011bl pocit, \u017ee by tomu pomohl opern\u00ed tvar. A\u00a0proto\u017ee se t\u00e9ma t\u00fdkalo zneu\u017e\u00edv\u00e1n\u00ed v\u00a0r\u00e1mci katolick\u00e9 c\u00edrkve a\u00a0netu\u0161ili jsme, kam se vyvine, hledali jsme pro n\u011b zral\u00e9ho skladatele. Sl\u00e1vek Ho\u0159\u00ednka n\u00e1s napadl proto, \u017ee je v\u011b\u0159\u00edc\u00ed, a\u00a0cht\u011bli jsme, aby tam byla jist\u00e1 protiv\u00e1ha \u2013 pohled na katolickou c\u00edrkev z\u00a0jin\u00e9 strany. Nakonec to dopadlo \u00fapln\u011b jinak, v\u00fdsledn\u00fd tvar je hodn\u011b abstrahovan\u00fd. V\u017edy se sna\u017e\u00edme t\u00e9ma n\u011bkam posunout a\u00a0naj\u00edt v\u00a0dialogu v\u0161ech tv\u016frc\u016f ide\u00e1ln\u00ed rovnov\u00e1hu. P\u0159itom se od prvn\u00edho n\u00e1padu \u010dasto dostaneme n\u011bkam \u00fapln\u011b jinam \u2013 d\u016fle\u017eit\u00e9 z\u016fst\u00e1v\u00e1, jen tvar z\u00edsk\u00e1v\u00e1 jinou podobu. A\u00a0kdy\u017e je pak v\u00fdsledek pr\u00e1ce korunov\u00e1n nominac\u00ed na n\u011bjakou cenu, je i\u00a0pro skladatele skv\u011bl\u00e9 v\u011bd\u011bt, \u017ee si jeho pr\u00e1ce n\u011bkdo v\u0161iml.<\/p>\r\n<p><strong>Jeden z\u00a0va\u0161ich pravideln\u00fdch form\u00e1t\u016f se jmenuje Sly\u0161et 2x, kdy jednu skladbu odehrajete jeden ve\u010der dvakr\u00e1t po sob\u011b. Co je jeho c\u00edlem?<br \/>\r\n<\/strong>Jde op\u011bt o\u00a0n\u00e1\u0161 populariza\u010dn\u011b-eduka\u010dn\u00ed projekt, v\u00a0n\u011bm\u017e se sna\u017e\u00edme navodit lidem podobn\u00fd z\u00e1\u017eitek, jak\u00fd maj\u00ed hudebn\u00edci p\u0159i zkou\u0161en\u00ed skladby. Muzikanti p\u0159i zkou\u0161en\u00ed str\u00e1v\u00ed se skladbou dost \u010dasu, ka\u017ed\u00e1 \u010d\u00e1st se opakuje a\u00a0rozeb\u00edr\u00e1. D\u00edky tomu proniknou do hudby mnohem hloub\u011bji\u00a0a\u00a0to je p\u0159esn\u011b c\u00edl projektu Sly\u0161et 2x. Nejd\u0159\u00edve zahrajeme skladbu a\u00a0pak se o\u00a0n\u00ed bav\u00edme, ukazujeme zaj\u00edmavosti, sna\u017e\u00edme se popsat, jak skladatel p\u0159i komponov\u00e1n\u00ed uva\u017eoval, kde se d\u00e1 naj\u00edt n\u011bco, \u010deho by si poslucha\u010di norm\u00e1ln\u011b nev\u0161imli, a\u00a0pak tu skladbu zahrajeme je\u0161t\u011b jednou. Te\u010f si uv\u011bdomuji, \u017ee pro tento form\u00e1t \u010dasto vyb\u00edr\u00e1me hudbu skladatelek \u2013 te\u010f v\u00a0dubnu dokonce p\u0159ijede skv\u011bl\u00e1 italsk\u00e1 skladatelka Clara Iannotta.<\/p>\r\n<p><strong>Maj\u00ed poslucha\u010di pocit, \u017ee ka\u017ed\u00e9 proveden\u00ed je jin\u00e9?<\/strong><br \/>\r\nV\u017edycky je jin\u00e9. U\u017e z\u00a0principu nem\u016f\u017ee b\u00fdt proveden\u00ed identick\u00e9 ve chv\u00edli, kdy m\u00e1te \u017eiv\u00e9 hudebn\u00edky a\u00a0d\u00edlo m\u00e1 t\u0159eba v\u00a0sob\u011b komponovan\u00e9 ur\u010dit\u00e9 prvky n\u00e1hody. A\u00a0i\u00a0kdyby se n\u00e1hodou poda\u0159ilo sehr\u00e1t se stejn\u011b, tak ve chv\u00edli, kdy poslouch\u00e1te skladbu podruh\u00e9, usly\u0161\u00edte ji \u00fapln\u011b jinak. V\u0161imnete si jin\u00fdch moment\u016f a\u00a0pr\u00e1v\u011b v\u00a0pronik\u00e1n\u00ed hloub\u011bji je tento form\u00e1t zaj\u00edmav\u00fd.<\/p>\r\n<p><strong>Hodn\u011b se v\u00a0posledn\u00edm roce mluvilo o\u00a0pl\u00e1nech na novou budovu pra\u017esk\u00e9 filharmonie, kter\u00e1 by m\u011bla st\u00e1t na Vltavsk\u00e9. Berg p\u0159i sv\u00fdch vystoupen\u00edch nej\u010dast\u011bji pendluje mezi s\u00e1lem DOX+, Studiem Hrdin\u016f a\u00a0Divadlem Archa. Nezaslou\u017eil by si v\u00e1\u0161 soubor st\u00e1l\u00e9 z\u00e1zem\u00ed, anebo v\u00e1s bav\u00ed objevov\u00e1n\u00ed nov\u00fdch a\u00a0n\u011bkdy ne\u010dekan\u00fdch m\u00edst?<br \/>\r\n<\/strong>To je dilema. M\u00e1me st\u00e1lou zku\u0161ebnu, proto\u017ee je d\u016fle\u017eit\u00e9 m\u00edt n\u011bjak\u00e9 z\u00e1zem\u00ed. To, \u017ee m\u016f\u017eeme m\u00edt ka\u017ed\u00fd koncert n\u011bkde jinde, n\u00e1s vybuzuje k\u00a0ur\u010dit\u00e9 kreativit\u011b a\u00a0inspiruje k\u00a0jin\u00fdm typ\u016fm program\u016f. Jasn\u011b, v\u017edycky tam nem\u00e1me \u00fapln\u011b ide\u00e1ln\u00ed podm\u00ednky, akustika takov\u00fdch m\u00edst je \u010dasto slo\u017eit\u00e1. Ale pr\u00e1v\u011b to jsou faktory, kter\u00e9 n\u00e1s nut\u00ed p\u0159em\u00fd\u0161let jinak. Ve chv\u00edli, kdy m\u00e1te ide\u00e1ln\u00ed s\u00e1l, nic z\u00a0toho nepozn\u00e1te. Na druhou stranu jsou skladby, kter\u00e9 nem\u016f\u017eete zahr\u00e1t jinde ne\u017e v\u00a0koncertn\u00edm s\u00e1le, jinak je m\u016f\u017eete zab\u00edt t\u0159eba zrovna \u0161patnou akustikou. P\u0159em\u00fd\u0161lela jsem\u00a0o\u00a0tom, jestli bychom se cht\u011bli na celou sezonu p\u0159est\u011bhovat do jednoho s\u00e1lu \u2013 a\u00a0vlastn\u011b ani necht\u011bli. A\u00a0jestli by to v\u016fbec bavilo na\u0161e publikum, nev\u00edm. Mo\u017enost vyu\u017e\u00edt ide\u00e1ln\u00ed s\u00e1l by ale byla skv\u011bl\u00e1. M\u00edt tam t\u0159eba takovou rezidenci, jako n\u00e1m nab\u00eddlo Centrum sou\u010dasn\u00e9ho um\u011bn\u00ed DOX. Oni za n\u00e1mi p\u0159i\u0161li ve chv\u00edli, kdy jejich nov\u00fd s\u00e1l je\u0161t\u011b ani nest\u00e1l, a\u00a0nab\u00eddli n\u00e1m, jestli bychom nem\u011bli z\u00e1jem st\u00e1t se reziden\u010dn\u00edm souborem DOX+, co\u017e pro n\u00e1s byla obrovsk\u00e1 pocta. Jsme tam opravdu r\u00e1di.<\/p>\r\n<p><strong>D\u011btstv\u00ed jste pro\u017eila na Letn\u00e9. M\u00e1te zde st\u00e1le sv\u00e1 obl\u00edben\u00e1 m\u00edsta?<br \/>\r\n<\/strong>Na Sedmi\u010dce jsem chodila na Z\u00e1kladn\u00ed \u0161kolu Franti\u0161ky Plam\u00ednkov\u00e9, tak\u017ee to tady zn\u00e1m jako sv\u00e9 boty. Vzpom\u00edn\u00e1m si, \u017ee jsme chodili b\u011bhat okruhy do Letensk\u00fdch sad\u016f, do kina jsme z\u00e1sadn\u011b chodili do Oka, po \u0161kole jsem se ob\u010das stavovala v\u00a0peka\u0159stv\u00ed ve Veverkov\u011b, v\u00a0cukr\u00e1rn\u011b na Dukelsk\u00fdch hrdin\u016f, spolu\u017e\u00e1ci\u00a0a\u00a0kamar\u00e1di bydleli skoro v\u0161ichni v\u00a0okol\u00ed \u0161koly. D\u011btstv\u00ed m\u00e1m s\u00a0Prahou 7 u\u017e neodmysliteln\u011b spojen\u00e9 a\u00a0mysl\u00edm, \u017ee takov\u00e9 prost\u0159ed\u00ed \u010dlov\u011bka formuje a\u00a0m\u00e1 pak k\u00a0tomu prostoru hezk\u00fd vztah u\u017e nav\u017edycky.<\/p>\r\n<hr \/>\r\n<p><strong>Eva Kesslov\u00e1\u00a0<\/strong>vystudovala housle na konzervato\u0159i a\u00a0posl\u00e9ze hudebn\u00ed management na pra\u017esk\u00e9 AMU. \u00da\u010dastnila se n\u011bkolika zahrani\u010dn\u00edch studijn\u00edch pobyt\u016f \u2013 v\u00a0roce 2002 na Dartington College of Arts, v\u00a0letech 2005\u20132006 d\u00edky Fulbrightovu stipendiu na New York University a\u00a0v\u00a0letech 2007\u20132010 v\u00a0J. F. Kennedy Center for the Performing Arts ve Washingtonu. S\u00a0Orchestrem Berg je spjata od jeho po\u010d\u00e1tku, p\u016fvodn\u011b v\u00a0n\u011bm hr\u00e1la na housle, n\u00e1sledn\u011b se stala mana\u017eerkou orchestru a\u00a0od roku 2006 jeho v\u00fdkonnou \u0159editelkou.<br \/>\r\n<br \/>\r\n<strong>Orchestr Berg<\/strong>\u00a0zalo\u017eil v\u00a0roce 1995 dirigent Peter Vr\u00e1bel. Jde o\u00a0unik\u00e1tn\u00ed pr\u016fkopnick\u00e9 t\u011bleso, kter\u00e9 ji\u017e v\u00edce ne\u017e 20 let zp\u0159\u00edstup\u0148uje sou\u010dasnou hudbu \u0161irok\u00e9mu publiku. Za dobu sv\u00e9 existence objednal a\u00a0ve sv\u011btov\u00e9 premi\u00e9\u0159e uvedl ji\u017e v\u00edce ne\u017e dv\u011b stovky d\u011bl. Novou hudbu Orchestr Berg kombinuje tak\u00e9 s\u00a0divadlem, tancem, filmem nebo v\u00fdtvarn\u00fdm um\u011bn\u00edm. Uv\u00e1d\u00ed sv\u011btov\u00e9 i\u00a0\u010desk\u00e9 premi\u00e9ry, podporuje mlad\u00e9 \u010desk\u00e9 skladatele a\u00a0instrumentalisty, v\u011bnuje se edukativn\u00edm projekt\u016fm zam\u011b\u0159en\u00fdm na porozum\u011bn\u00ed zvuk\u016fm sou\u010dasn\u00e9 hudby d\u011btmi i\u00a0dosp\u011bl\u00fdmi. V\u00a0roce 2021 z\u00edskal pro \u010ceskou republiku po p\u016fl stolet\u00ed presti\u017en\u00ed Prix Italia za projekt Hudba k\u00a0sir\u00e9n\u011b.<\/p>","protected":false},"excerpt":{"rendered":"[perex] I\u00a0kdy\u017e se Orchestr Berg specializuje na interpretaci soudob\u00e9 hudby, pravideln\u011b m\u00e1 na sv\u00fdch koncertech plno. Poslucha\u010de \u010dasto zve na netradi\u010dn\u00ed m\u00edsta, kde hudbu kombinuje s\u00a0tancem nebo t\u0159eba zvukovou proch\u00e1zkou. Eva Kesslov\u00e1 v\u00a0orchestru p\u016fvodn\u011b hr\u00e1la na housle, posl\u00e9ze se stala jeho \u0159editelkou. Podle zakladatele a\u00a0um\u011bleck\u00e9ho \u0161\u00e9fa souboru Petera Vr\u00e1bela by bez n\u00ed Berg ji\u017e d\u00e1vno [&hellip;]","protected":false},"author":292,"featured_media":65426,"comment_status":"closed","ping_status":"open","sticky":false,"template":"","format":"standard","meta":[],"categories":[37],"tags":[],"_links":{"self":[{"href":"https:\/\/www.praha7.cz\/api\/wp\/v2\/posts\/65422"}],"collection":[{"href":"https:\/\/www.praha7.cz\/api\/wp\/v2\/posts"}],"about":[{"href":"https:\/\/www.praha7.cz\/api\/wp\/v2\/types\/post"}],"author":[{"embeddable":true,"href":"https:\/\/www.praha7.cz\/api\/wp\/v2\/users\/292"}],"replies":[{"embeddable":true,"href":"https:\/\/www.praha7.cz\/api\/wp\/v2\/comments?post=65422"}],"version-history":[{"count":1,"href":"https:\/\/www.praha7.cz\/api\/wp\/v2\/posts\/65422\/revisions"}],"predecessor-version":[{"id":65427,"href":"https:\/\/www.praha7.cz\/api\/wp\/v2\/posts\/65422\/revisions\/65427"}],"wp:featuredmedia":[{"embeddable":true,"href":"https:\/\/www.praha7.cz\/api\/wp\/v2\/media\/65426"}],"wp:attachment":[{"href":"https:\/\/www.praha7.cz\/api\/wp\/v2\/media?parent=65422"}],"wp:term":[{"taxonomy":"category","embeddable":true,"href":"https:\/\/www.praha7.cz\/api\/wp\/v2\/categories?post=65422"},{"taxonomy":"post_tag","embeddable":true,"href":"https:\/\/www.praha7.cz\/api\/wp\/v2\/tags?post=65422"}],"curies":[{"name":"wp","href":"https:\/\/api.w.org\/{rel}","templated":true}]}}