    
{"id":65412,"date":"2023-03-28T10:11:04","date_gmt":"2023-03-28T08:11:04","guid":{"rendered":"https:\/\/www.praha7.cz\/?p=65412"},"modified":"2023-03-28T10:52:50","modified_gmt":"2023-03-28T08:52:50","slug":"zed-s-pribehem","status":"publish","type":"post","link":"https:\/\/www.praha7.cz\/zed-s-pribehem\/","title":{"rendered":"Ze\u010f s&nbsp;p\u0159\u00edb\u011bhem"},"content":{"rendered":"<p>Ml\u010den\u00edm se n\u00e1sil\u00ed nezastav\u00ed. Jeden ze slogan\u016f velkoplo\u0161n\u00e9 n\u00e1st\u011bnn\u00e9 malby, kterou nov\u011b najdete na fas\u00e1d\u011b domu v\u00a0Argentinsk\u00e9 ulici u\u00a0k\u0159\u00ed\u017een\u00ed s\u00a0Plyn\u00e1rn\u00ed. 20 metr\u016f vysok\u00fd a\u00a016 metr\u016f \u0161irok\u00fd mural s\u00a0podobiznou \u017eeny, jej\u00ed\u017e obli\u010dej je pokryt texty, vyjad\u0159uje podporu ob\u011btem dom\u00e1c\u00edho n\u00e1sil\u00ed. D\u00edlo \u010desko-kanadsk\u00e9ho vizu\u00e1ln\u00edho um\u011blce <a href=\"https:\/\/davidstrauzz.com\/\">Davida Strauzze<\/a> je sou\u010d\u00e1st\u00ed dlouhodob\u00e9ho projektu proti dom\u00e1c\u00edmu n\u00e1sil\u00ed a\u00a0samotn\u00e1 malba odkazuje i\u00a0na nov\u00fd web <a href=\"https:\/\/www.probezpecnydomov.cz\/\">probezpecnydomov.cz<\/a>, kter\u00fd se v\u011bnuje legislativn\u00edm zm\u011bn\u00e1m pro lep\u0161\u00ed pr\u00e1vn\u00ed ochranu ob\u011bt\u00ed dom\u00e1c\u00edho n\u00e1sil\u00ed.<\/p>\r\n<p>S\u00a0Davidem jsem se potkala den po odhalen\u00ed malby, za kterou stoj\u00ed n\u00e1bytk\u00e1\u0159sk\u00fd obchod IKEA, jen\u017e zm\u00edn\u011bn\u00fd projekt dlouhodob\u011b podporuje. Hned v\u00a0prvn\u00edch v\u011bt\u00e1ch rozhovoru padlo, \u017ee Davidovi se po dokon\u010den\u00ed malby velmi ulevilo. Nejen z\u00a0d\u016fvodu fyzick\u00e9ho vy\u010derp\u00e1n\u00ed, kter\u00e9 se dostavilo po realizaci, je\u017e prob\u00edhala v\u00a0m\u00ednusov\u00fdch teplot\u00e1ch s\u00a0ob\u010dasn\u00fdm sn\u011b\u017een\u00edm, ale i\u00a0kv\u016fli tomu, \u017ee pro Davida bylo toto t\u00e9ma osobn\u00ed, proto\u017ee s\u00e1m vyr\u016fstal v\u00a0prost\u0159ed\u00ed, kde k\u00a0dom\u00e1c\u00edmu n\u00e1sil\u00ed doch\u00e1zelo. \u201eKdy\u017e jsem maloval na plo\u0161in\u011b, kter\u00e1 se p\u0159i poryvech v\u011btru m\u00edrn\u011b h\u00fdbala, byl to divn\u00fd pocit a\u00a0m\u011bl jsem trochu strach. Pak jsem si ale uv\u011bdomil, \u017ee to opravdov\u00fd strach nen\u00ed. Ne\u0161lo mi o\u00a0\u017eivot. V\u011bd\u011bl jsem, \u017ee za chvilku budu dole, na zemi, a\u00a0p\u016fjdu dom\u016f, kde je bezpe\u010d\u00ed. Ka\u017ed\u00fd domov by m\u011bl b\u00fdt bezpe\u010dn\u00fdm m\u00edstem.\u201c<\/p>\r\n<p>Pro tuto malbu David nes\u00e1hl tradi\u010dn\u011b po barv\u011b ve spreji, ale pou\u017eil speci\u00e1ln\u00ed barvy z\u00a0miner\u00e1ln\u00edch l\u00e1tek, kter\u00e9 funguj\u00ed na principu fotokatal\u00fdzy. Kontaktem se slune\u010dn\u00edm z\u00e1\u0159en\u00edm doch\u00e1z\u00ed k\u00a0chemick\u00e9mu rozkladu \u0161kodliv\u00fdch l\u00e1tek na bezpe\u010dn\u00e9 molekuly soli a\u00a0budova pak d\u00fdch\u00e1 jako les. \u201eOrganick\u00e9 barvy vn\u00edm\u00e1m jako zlep\u0161en\u00ed sv\u00e9 karmy. Barvy ve spreji pou\u017e\u00edv\u00e1m u\u017e od 16 let a\u00a0m\u00e1m takov\u00fd dojem, \u017ee malink\u00e1 \u010d\u00e1st ozonov\u00e9 d\u00edry je ode m\u011b,\u201c dod\u00e1v\u00e1 s\u00a0\u00fasm\u011bvem. David s\u00a0ekologick\u00fdmi barvami, je\u017e \u010dist\u00ed vzduch, pracoval na Sedmi\u010dce ji\u017e p\u0159ed dv\u011bma lety, konkr\u00e9tn\u011b na budov\u011b b\u00fdval\u00e9ho podniku Tesla Hole\u0161ovice. Tento jeho mural sice u\u017e zakryla reklamn\u00ed plocha, ale dal\u0161\u00ed Davidovu pr\u00e1ci st\u00e1le m\u016f\u017eete vid\u011bt na dve\u0159\u00edch obchodu Samurai shot v\u00a0Partyz\u00e1nsk\u00e9 ulici.<\/p>\r\n<p>Jednou by pr\u00fd r\u00e1d zrealizoval malbu Milady Hor\u00e1kov\u00e9 na jej\u00ed sedmi\u010dkov\u00e9 ulici. \u201eP\u0159itom ale obecn\u011b nechci malovat zn\u00e1m\u00e9 tv\u00e1\u0159e. Nebav\u00ed m\u011b to. \u010casto \u0159\u00edk\u00e1m, \u017ee maluji lidsk\u00e9 p\u0159\u00edb\u011bhy. Bu\u010fto mi jsou p\u0159edlohou kamar\u00e1di, nebo lidi, kter\u00e9 potk\u00e1m v\u00a0metru a\u00a0p\u0159ijdou mi zaj\u00edmav\u00ed.\u201c Pokud svol\u00ed, David si je vyfot\u00ed, mnohdy mu ale sta\u010d\u00ed odej\u00edt do ateli\u00e9ru\u00a0s\u00a0ur\u010dit\u00fdm pocitem. R\u00e1d pracuje s\u00a0odpadov\u00fdm materi\u00e1lem, a\u0165 u\u017e se jedn\u00e1 o\u00a0kusy l\u00e1tek nebo star\u00e9 plak\u00e1ty, a\u00a0to nejen proto, \u017ee ji\u017e v\u00a0sob\u011b maj\u00ed ur\u010dit\u00fd p\u0159\u00edb\u011bh. \u201e\u00dakolem sou\u010dasn\u00fdch um\u011blc\u016f by m\u011bla b\u00fdt snaha zamyslet se nad materi\u00e1lem, kter\u00fd pou\u017e\u00edv\u00e1me, a\u00a0nezat\u011b\u017eovat planetu v\u00edc, ne\u017e je nutn\u00e9, ale naopak ji chr\u00e1nit.\u201c Pokud si budete cht\u00edt prohl\u00e9dnout Davidovu tvorbu i\u00a0mimo ulice, v\u00a0kv\u011btnu se m\u016f\u017eete p\u0159ij\u00edt pod\u00edvat na jeho v\u00fdstavu v\u00a0um\u011bleck\u00e9m centru Pragovka ve Vyso\u010danech, kde m\u00e1 David i\u00a0sv\u016fj ateli\u00e9r.<\/p>","protected":false},"excerpt":{"rendered":"Ml\u010den\u00edm se n\u00e1sil\u00ed nezastav\u00ed. Jeden ze slogan\u016f velkoplo\u0161n\u00e9 n\u00e1st\u011bnn\u00e9 malby, kterou nov\u011b najdete na fas\u00e1d\u011b domu v\u00a0Argentinsk\u00e9 ulici u\u00a0k\u0159\u00ed\u017een\u00ed s\u00a0Plyn\u00e1rn\u00ed. 20 metr\u016f vysok\u00fd a\u00a016 metr\u016f \u0161irok\u00fd mural s\u00a0podobiznou \u017eeny, jej\u00ed\u017e obli\u010dej je pokryt texty, vyjad\u0159uje podporu ob\u011btem dom\u00e1c\u00edho n\u00e1sil\u00ed. D\u00edlo \u010desko-kanadsk\u00e9ho vizu\u00e1ln\u00edho um\u011blce Davida Strauzze je sou\u010d\u00e1st\u00ed dlouhodob\u00e9ho projektu proti dom\u00e1c\u00edmu n\u00e1sil\u00ed a\u00a0samotn\u00e1 malba odkazuje [&hellip;]","protected":false},"author":292,"featured_media":65418,"comment_status":"closed","ping_status":"open","sticky":false,"template":"","format":"standard","meta":[],"categories":[37],"tags":[],"_links":{"self":[{"href":"https:\/\/www.praha7.cz\/api\/wp\/v2\/posts\/65412"}],"collection":[{"href":"https:\/\/www.praha7.cz\/api\/wp\/v2\/posts"}],"about":[{"href":"https:\/\/www.praha7.cz\/api\/wp\/v2\/types\/post"}],"author":[{"embeddable":true,"href":"https:\/\/www.praha7.cz\/api\/wp\/v2\/users\/292"}],"replies":[{"embeddable":true,"href":"https:\/\/www.praha7.cz\/api\/wp\/v2\/comments?post=65412"}],"version-history":[{"count":3,"href":"https:\/\/www.praha7.cz\/api\/wp\/v2\/posts\/65412\/revisions"}],"predecessor-version":[{"id":65421,"href":"https:\/\/www.praha7.cz\/api\/wp\/v2\/posts\/65412\/revisions\/65421"}],"wp:featuredmedia":[{"embeddable":true,"href":"https:\/\/www.praha7.cz\/api\/wp\/v2\/media\/65418"}],"wp:attachment":[{"href":"https:\/\/www.praha7.cz\/api\/wp\/v2\/media?parent=65412"}],"wp:term":[{"taxonomy":"category","embeddable":true,"href":"https:\/\/www.praha7.cz\/api\/wp\/v2\/categories?post=65412"},{"taxonomy":"post_tag","embeddable":true,"href":"https:\/\/www.praha7.cz\/api\/wp\/v2\/tags?post=65412"}],"curies":[{"name":"wp","href":"https:\/\/api.w.org\/{rel}","templated":true}]}}