    
{"id":65395,"date":"2023-03-27T16:45:17","date_gmt":"2023-03-27T14:45:17","guid":{"rendered":"https:\/\/www.praha7.cz\/?p=65395"},"modified":"2023-03-29T14:13:30","modified_gmt":"2023-03-29T12:13:30","slug":"omezeni-v-souvislosti-s-pulmaratonem-a-zahajenim-motocyklove-sezony","status":"publish","type":"post","link":"https:\/\/www.praha7.cz\/omezeni-v-souvislosti-s-pulmaratonem-a-zahajenim-motocyklove-sezony\/","title":{"rendered":"Omezen\u00ed v&nbsp;souvislosti s&nbsp;p\u016flmaratonem a&nbsp;zah\u00e1jen\u00edm motocyklov\u00e9 sezony"},"content":{"rendered":"<p>[perex]<\/p>\r\n<p>Dovolujeme si upozornit zejm\u00e9na \u0159idi\u010de na dopravn\u00ed omezen\u00ed souvisej\u00edc\u00ed s&nbsp;p\u016flmaratonem a&nbsp;zah\u00e1jen\u00edm motocyklov\u00e9 sezony v&nbsp;sobotu 1.&nbsp;dubna 2023.<\/p>\r\n<p>[\/perex]<\/p>\r\n<h4>1\/2MARATON PRAHA\u00a0<\/h4>\r\n<p>V sobotu 1.&nbsp;dubna 2023 v&nbsp;10.00 na n\u00e1m\u011bst\u00ed Jana Palacha odstartuje <a href=\"https:\/\/www.runczech.com\/cs\/akce\/1-2maraton-praha-2023\/dopravni-informace\">b\u011b\u017eeck\u00fd z\u00e1vod<\/a> profesion\u00e1ln\u00edch i&nbsp;amat\u00e9rsk\u00fdch atlet\u016f z&nbsp;cel\u00e9ho sv\u011bta. Na Sedmi\u010dce trasa povede po Bubensk\u00e9m n\u00e1b\u0159e\u017e\u00ed (prvn\u00ed b\u011b\u017eec cca v&nbsp;10.39), ulicemi Komunard\u016f, Jate\u010dn\u00ed a&nbsp;Jankovcova a&nbsp;d\u00e1le p\u0159es Libe\u0148sk\u00fd most.\u00a0<\/p>\r\n<h4>Oblasti s&nbsp;omezen\u00edm parkov\u00e1n\u00ed<\/h4>\r\n<ul>\r\n\t<li>n\u00e1b\u0159e\u017e\u00ed Kapit\u00e1na Jaro\u0161e (podjezd pod \u0160tef\u00e1nikov\u00fdm mostem) \u2013 vpravo v\u00a0cel\u00e9 d\u00e9lce, 1.&nbsp;4. (od 00.01 do 16.00)<\/li>\r\n<\/ul>\r\n<h4>Uzav\u00edrka ulic 1.&nbsp;4.<\/h4>\r\n<ul>\r\n\t<li>n\u00e1b\u0159e\u017e\u00ed Kapit\u00e1na Jaro\u0161e od 10.05 do 13.10<\/li>\r\n\t<li>Bubensk\u00e9 n\u00e1b\u0159e\u017e\u00ed kompletn\u011b uzav\u0159en\u00e9 kv\u016fli stavb\u011b<\/li>\r\n\t<li>Jate\u010dn\u00ed od 10.10 do 12.50<\/li>\r\n\t<li>Jankovcova od 10.10 do 12.50<\/li>\r\n\t<li>Komunard\u016f od 10.10 do 12.45<\/li>\r\n\t<li>Libe\u0148sk\u00fd most (ve sm\u011bru Palmovka) od 10.15 do 12.45\u00a0<\/li>\r\n<\/ul>\r\n<h4>MHD<\/h4>\r\n<p>S ohledem na zm\u011bny v\u00a0povrchov\u00e9 doprav\u011b doporu\u010dujeme v\u00a0centru m\u011bsta vyu\u017e\u00edvat hlavn\u011b linek metra. Informace o\u00a0zm\u011bn\u00e1ch MHD naleznete na\u00a0<a href=\"https:\/\/www.dpp.cz\/omezeni-a-mimoradne-udalosti\/detail\/17376\">www.dpp.cz<\/a>\u00a0nebo na\u00a0infolince Dopravn\u00edho podniku hl. m. Prahy \u2013 tel. \u010d\u00edslo 296&nbsp;191&nbsp;817.<\/p>\r\n<h4>Informa\u010dn\u00ed linka<\/h4>\r\n<p>Od pond\u011bl\u00ed 27.&nbsp;3.&nbsp;do p\u00e1tku 31.&nbsp;3. (v\u017edy od 9.00 do 18.00) je v\u00e1m k\u00a0dispozici bezplatn\u00e1 dopravn\u011b-informa\u010dn\u00ed linka: <strong>800&nbsp;165&nbsp;102<\/strong><br \/>\r\nV&nbsp;den z\u00e1vodu, tj. v\u00a0sobotu 1.&nbsp;4., od 8.00 do 14.00 jsou k\u00a0dispozici dv\u011b bezplatn\u00e9 dopravn\u011b-informa\u010dn\u00ed linky: <strong>800&nbsp;165&nbsp;102<\/strong> a\u00a0<strong>800&nbsp;100&nbsp;991<\/strong>.<\/p>\r\n<p>Po\u0159adatel\u00e9 velice d\u011bkuj\u00ed za va\u0161i toleranci a\u00a0pochopen\u00ed.<\/p>\r\n<p><a href=\"https:\/\/www.praha7.cz\/wp-content\/uploads\/2023\/03\/map_hm_prague_2023_v03.jpg\"><img loading=\"lazy\" src=\"https:\/\/www.praha7.cz\/wp-content\/uploads\/2023\/03\/map_hm_prague_2023_v03-707x1000.jpg\" alt=\"\" width=\"640\" height=\"905\" class=\"alignnone size-large wp-image-65396\" srcset=\"https:\/\/www.praha7.cz\/wp-content\/uploads\/2023\/03\/map_hm_prague_2023_v03-707x1000.jpg 707w, https:\/\/www.praha7.cz\/wp-content\/uploads\/2023\/03\/map_hm_prague_2023_v03-283x400.jpg 283w, https:\/\/www.praha7.cz\/wp-content\/uploads\/2023\/03\/map_hm_prague_2023_v03-768x1086.jpg 768w\" sizes=\"(max-width: 640px) 100vw, 640px\" \/><\/a><\/p>\r\n<hr \/>\r\n<h4>ZAH\u00c1JEN\u00cd MOTOCYKLOV\u00c9 SEZONY 2023 \u2013 VYJ\u00cd\u017d\u010eKA MOTOCYKL\u016e Z&nbsp;PRAHY DO POD\u011aBRAD<\/h4>\r\n<p>V sobotu 1.&nbsp;dubna 2023 se uskute\u010dn\u00ed spanil\u00e1 j\u00edzda motocykl\u016f z&nbsp;Prahy do Pod\u011bbrad. Trasa j\u00edzdy bude proch\u00e1zet \u00fazem\u00edm spr\u00e1vn\u00edch obvod\u016f m\u011bstsk\u00fdch \u010d\u00e1st\u00ed Praha&nbsp;7, 8, 9, 14, 18, 20.<\/p>\r\n<p>V 11.00 vyraz\u00ed kolona motocykl\u016f z&nbsp;are\u00e1lu V\u00fdstavi\u0161t\u011b Hole\u0161ovice, cca v&nbsp;11.30 opust\u00ed\u00a0\u00fazem\u00ed hl. m. Prahy v&nbsp;Horn\u00edch Po\u010dernic\u00edch.<\/p>","protected":false},"excerpt":{"rendered":"[perex] Dovolujeme si upozornit zejm\u00e9na \u0159idi\u010de na dopravn\u00ed omezen\u00ed souvisej\u00edc\u00ed s&nbsp;p\u016flmaratonem a&nbsp;zah\u00e1jen\u00edm motocyklov\u00e9 sezony v&nbsp;sobotu 1.&nbsp;dubna 2023. [\/perex] 1\/2MARATON PRAHA\u00a0 V&nbsp;sobotu 1.&nbsp;dubna 2023 v&nbsp;10.00 na n\u00e1m\u011bst\u00ed Jana Palacha odstartuje b\u011b\u017eeck\u00fd z\u00e1vod profesion\u00e1ln\u00edch i&nbsp;amat\u00e9rsk\u00fdch atlet\u016f z&nbsp;cel\u00e9ho sv\u011bta. Na Sedmi\u010dce trasa povede po Bubensk\u00e9m n\u00e1b\u0159e\u017e\u00ed (prvn\u00ed b\u011b\u017eec cca v&nbsp;10.39), ulicemi Komunard\u016f, Jate\u010dn\u00ed a&nbsp;Jankovcova a&nbsp;d\u00e1le p\u0159es Libe\u0148sk\u00fd [&hellip;]","protected":false},"author":251,"featured_media":65409,"comment_status":"closed","ping_status":"open","sticky":false,"template":"","format":"standard","meta":[],"categories":[34],"tags":[],"_links":{"self":[{"href":"https:\/\/www.praha7.cz\/api\/wp\/v2\/posts\/65395"}],"collection":[{"href":"https:\/\/www.praha7.cz\/api\/wp\/v2\/posts"}],"about":[{"href":"https:\/\/www.praha7.cz\/api\/wp\/v2\/types\/post"}],"author":[{"embeddable":true,"href":"https:\/\/www.praha7.cz\/api\/wp\/v2\/users\/251"}],"replies":[{"embeddable":true,"href":"https:\/\/www.praha7.cz\/api\/wp\/v2\/comments?post=65395"}],"version-history":[{"count":4,"href":"https:\/\/www.praha7.cz\/api\/wp\/v2\/posts\/65395\/revisions"}],"predecessor-version":[{"id":65473,"href":"https:\/\/www.praha7.cz\/api\/wp\/v2\/posts\/65395\/revisions\/65473"}],"wp:featuredmedia":[{"embeddable":true,"href":"https:\/\/www.praha7.cz\/api\/wp\/v2\/media\/65409"}],"wp:attachment":[{"href":"https:\/\/www.praha7.cz\/api\/wp\/v2\/media?parent=65395"}],"wp:term":[{"taxonomy":"category","embeddable":true,"href":"https:\/\/www.praha7.cz\/api\/wp\/v2\/categories?post=65395"},{"taxonomy":"post_tag","embeddable":true,"href":"https:\/\/www.praha7.cz\/api\/wp\/v2\/tags?post=65395"}],"curies":[{"name":"wp","href":"https:\/\/api.w.org\/{rel}","templated":true}]}}