    
{"id":65348,"date":"2023-03-27T07:00:46","date_gmt":"2023-03-27T05:00:46","guid":{"rendered":"https:\/\/www.praha7.cz\/?p=65348"},"modified":"2023-03-24T15:41:56","modified_gmt":"2023-03-24T14:41:56","slug":"bezpecnostni-kaceni-stromu-na-detskem-hristi-na-ortenove-namesti","status":"publish","type":"post","link":"https:\/\/www.praha7.cz\/bezpecnostni-kaceni-stromu-na-detskem-hristi-na-ortenove-namesti\/","title":{"rendered":"Bezpe\u010dnostn\u00ed k\u00e1cen\u00ed stromu na h\u0159i\u0161ti na Ortenov\u011b n\u00e1m\u011bst\u00ed"},"content":{"rendered":"<p>[perex]<\/p>\r\n<p>Informujeme ob\u010dany, \u017ee v&nbsp;pond\u011bl\u00ed 27.&nbsp;b\u0159ezna 2023 bude pok\u00e1cen pajasan \u017el\u00e1znat\u00fd\u00a0na d\u011btsk\u00e9m h\u0159i\u0161ti na Ortenov\u011b n\u00e1m\u011bst\u00ed.\u00a0Strom je bohu\u017eel v\u00a0kritick\u00e9m zdravotn\u00edm stavu.\u00a0<\/p>\r\n<p>[\/perex]<\/p>\r\n<p>Ke k\u00e1cen\u00ed p\u0159istupujeme na z\u00e1klad\u011b znaleck\u00e9ho posudku \u010d. 236\/22 ze dne 27.&nbsp;11.&nbsp;2022, ve kter\u00e9m je doporu\u010deno brzk\u00e9 sk\u00e1cen\u00ed d\u0159eviny: \u201eCelkov\u00fd zdravotn\u00ed stav stromu je kritick\u00fd. P\u0159edm\u011btn\u00e1 d\u0159evina se nach\u00e1z\u00ed ve f\u00e1zi pokro\u010dil\u00e9ho odum\u00edr\u00e1n\u00ed.\u201c<\/p>\r\n<p>D\u0159evina se nach\u00e1z\u00ed na d\u011btsk\u00e9m h\u0159i\u0161ti Ortenovo n\u00e1m\u011bst\u00ed s&nbsp;vysokou frekvenc\u00ed pohybu osob, zvl\u00e1\u0161t\u011b d\u011bt\u00ed.<\/p>\r\n\r\n<figure id=\"attachment_65355\" aria-describedby=\"caption-attachment-65355\" style=\"width: 640px\" class=\"wp-caption alignnone\"><img loading=\"lazy\" src=\"https:\/\/www.praha7.cz\/wp-content\/uploads\/2023\/03\/strom-Orten-763x1000.jpg\" alt=\"\" width=\"640\" height=\"839\" class=\"wp-image-65355 size-large\" srcset=\"https:\/\/www.praha7.cz\/wp-content\/uploads\/2023\/03\/strom-Orten-763x1000.jpg 763w, https:\/\/www.praha7.cz\/wp-content\/uploads\/2023\/03\/strom-Orten-305x400.jpg 305w, https:\/\/www.praha7.cz\/wp-content\/uploads\/2023\/03\/strom-Orten-768x1006.jpg 768w\" sizes=\"(max-width: 640px) 100vw, 640px\" \/><figcaption id=\"caption-attachment-65355\" class=\"wp-caption-text\">Pajasan \u017el\u00e1znat\u00fd na d\u011btsk\u00e9m h\u0159i\u0161ti na Ortenov\u011b n\u00e1m\u011bst\u00ed,\u00a0\u010derven 2022<\/figcaption><\/figure>","protected":false},"excerpt":{"rendered":"[perex] Informujeme ob\u010dany, \u017ee v&nbsp;pond\u011bl\u00ed 27.&nbsp;b\u0159ezna 2023 bude pok\u00e1cen pajasan \u017el\u00e1znat\u00fd\u00a0na d\u011btsk\u00e9m h\u0159i\u0161ti na Ortenov\u011b n\u00e1m\u011bst\u00ed.\u00a0Strom je bohu\u017eel v\u00a0kritick\u00e9m zdravotn\u00edm stavu.\u00a0 [\/perex] Ke k\u00e1cen\u00ed p\u0159istupujeme na z\u00e1klad\u011b znaleck\u00e9ho posudku \u010d. 236\/22 ze dne 27.&nbsp;11.&nbsp;2022, ve kter\u00e9m je doporu\u010deno brzk\u00e9 sk\u00e1cen\u00ed d\u0159eviny: \u201eCelkov\u00fd zdravotn\u00ed stav stromu je kritick\u00fd. P\u0159edm\u011btn\u00e1 d\u0159evina se nach\u00e1z\u00ed ve f\u00e1zi pokro\u010dil\u00e9ho odum\u00edr\u00e1n\u00ed.\u201c [&hellip;]","protected":false},"author":251,"featured_media":65354,"comment_status":"closed","ping_status":"open","sticky":false,"template":"","format":"standard","meta":[],"categories":[34],"tags":[],"_links":{"self":[{"href":"https:\/\/www.praha7.cz\/api\/wp\/v2\/posts\/65348"}],"collection":[{"href":"https:\/\/www.praha7.cz\/api\/wp\/v2\/posts"}],"about":[{"href":"https:\/\/www.praha7.cz\/api\/wp\/v2\/types\/post"}],"author":[{"embeddable":true,"href":"https:\/\/www.praha7.cz\/api\/wp\/v2\/users\/251"}],"replies":[{"embeddable":true,"href":"https:\/\/www.praha7.cz\/api\/wp\/v2\/comments?post=65348"}],"version-history":[{"count":3,"href":"https:\/\/www.praha7.cz\/api\/wp\/v2\/posts\/65348\/revisions"}],"predecessor-version":[{"id":65358,"href":"https:\/\/www.praha7.cz\/api\/wp\/v2\/posts\/65348\/revisions\/65358"}],"wp:featuredmedia":[{"embeddable":true,"href":"https:\/\/www.praha7.cz\/api\/wp\/v2\/media\/65354"}],"wp:attachment":[{"href":"https:\/\/www.praha7.cz\/api\/wp\/v2\/media?parent=65348"}],"wp:term":[{"taxonomy":"category","embeddable":true,"href":"https:\/\/www.praha7.cz\/api\/wp\/v2\/categories?post=65348"},{"taxonomy":"post_tag","embeddable":true,"href":"https:\/\/www.praha7.cz\/api\/wp\/v2\/tags?post=65348"}],"curies":[{"name":"wp","href":"https:\/\/api.w.org\/{rel}","templated":true}]}}