    
{"id":65336,"date":"2023-03-25T08:00:47","date_gmt":"2023-03-25T07:00:47","guid":{"rendered":"https:\/\/www.praha7.cz\/?p=65336"},"modified":"2023-03-26T18:09:56","modified_gmt":"2023-03-26T16:09:56","slug":"obnova-stromoradi-v-ul-argentinska","status":"publish","type":"post","link":"https:\/\/www.praha7.cz\/obnova-stromoradi-v-ul-argentinska\/","title":{"rendered":"Obnova stromo\u0159ad\u00ed v&nbsp;ulici Argentinsk\u00e1"},"content":{"rendered":"<p>[perex]<\/p>\r\n<p>Podle informac\u00ed TSK hl. m. Prahy dojde na p\u0159elomu b\u0159ezna a&nbsp;dubna v\u00a0souvislosti s\u00a0obnovou stromo\u0159ad\u00ed v\u00a0ulici Argentinsk\u00e1 k&nbsp;odstran\u011bn\u00ed osmi do\u017e\u00edvaj\u00edc\u00edch nebo v\u00fdznamn\u011b po\u0161kozen\u00fdch strom\u016f bez dal\u0161\u00ed r\u016fstov\u00e9 perspektivy.<\/p>\r\n<p>[\/perex]<\/p>\r\n<p>Na jejich m\u00edsto TSK je\u0161t\u011b v\u00a0jarn\u00edm obdob\u00ed 2023 vysad\u00ed 15 dub\u016f balk\u00e1nsk\u00fdch (<em>Quercus frainetto<\/em>). Sou\u010d\u00e1st\u00ed obnovy stromo\u0159ad\u00ed bude v\u00fdrazn\u00e9 vylep\u0161en\u00ed stanovi\u0161tn\u00edch podm\u00ednek, kter\u00e9 podpo\u0159\u00ed rozvoj v\u0161ech po\u017eadovan\u00fdch ekologick\u00fdch i&nbsp;estetick\u00fdch funkc\u00ed strom\u016f. Hloubkov\u00fdmi ter\u00e9nn\u00edmi \u00fapravami bude\u00a0rozru\u0161ena neproko\u0159eniteln\u00e1 a&nbsp;velmi zhutn\u011bn\u00e1 vrstva nav\u00e1\u017eek zelen\u00e9ho p\u00e1su, bude dopln\u011bna zemina a&nbsp;modelac\u00ed ter\u00e9nu bude dosa\u017eeno lep\u0161\u00edho zasakov\u00e1n\u00ed de\u0161\u0165ov\u00fdch sr\u00e1\u017eek, jejich\u017e n\u00e1tok bude umo\u017en\u011bn tak\u00e9 ze zpevn\u011bn\u00fdch ploch chodn\u00edku. Do dostate\u010dn\u011b velk\u00e9ho proko\u0159eniteln\u00e9ho prostoru bude nakonec p\u0159ed v\u00fdsadbou dopln\u011bn biouhel.\u00a0<\/p>\r\n<p>V ulici Argentinsk\u00e1 bude z\u00e1rove\u0148 vysazeno 800 ke\u0159\u016f.\u00a0<\/p>\r\n<p>Informace o&nbsp;lok\u00e1ln\u00edch omezen\u00edch v\u00a0doprav\u011b souvisej\u00edc\u00edch s\u00a0v\u00fd\u0161e uveden\u00fdmi pracemi najdete <a href=\"https:\/\/opravujeme.to\/action\/584\/\">ZDE<\/a>.<\/p>\r\n<p>V\u00edce o&nbsp;spr\u00e1v\u011b zelen\u011b v&nbsp;Praze najdete na <a href=\"https:\/\/zelenvpraze.cz\/\">www.zelenvpraze.cz<\/a>.<\/p>\r\n<p>&nbsp;<\/p>\r\n<p>&nbsp;<\/p>","protected":false},"excerpt":{"rendered":"[perex] Podle informac\u00ed TSK hl. m. Prahy dojde na p\u0159elomu b\u0159ezna a&nbsp;dubna v\u00a0souvislosti s\u00a0obnovou stromo\u0159ad\u00ed v\u00a0ulici Argentinsk\u00e1 k&nbsp;odstran\u011bn\u00ed osmi do\u017e\u00edvaj\u00edc\u00edch nebo v\u00fdznamn\u011b po\u0161kozen\u00fdch strom\u016f bez dal\u0161\u00ed r\u016fstov\u00e9 perspektivy. [\/perex] Na jejich m\u00edsto TSK je\u0161t\u011b v\u00a0jarn\u00edm obdob\u00ed 2023 vysad\u00ed 15 dub\u016f balk\u00e1nsk\u00fdch (Quercus frainetto). Sou\u010d\u00e1st\u00ed obnovy stromo\u0159ad\u00ed bude v\u00fdrazn\u00e9 vylep\u0161en\u00ed stanovi\u0161tn\u00edch podm\u00ednek, kter\u00e9 podpo\u0159\u00ed rozvoj v\u0161ech [&hellip;]","protected":false},"author":5,"featured_media":65337,"comment_status":"closed","ping_status":"open","sticky":false,"template":"","format":"standard","meta":[],"categories":[34],"tags":[],"_links":{"self":[{"href":"https:\/\/www.praha7.cz\/api\/wp\/v2\/posts\/65336"}],"collection":[{"href":"https:\/\/www.praha7.cz\/api\/wp\/v2\/posts"}],"about":[{"href":"https:\/\/www.praha7.cz\/api\/wp\/v2\/types\/post"}],"author":[{"embeddable":true,"href":"https:\/\/www.praha7.cz\/api\/wp\/v2\/users\/5"}],"replies":[{"embeddable":true,"href":"https:\/\/www.praha7.cz\/api\/wp\/v2\/comments?post=65336"}],"version-history":[{"count":5,"href":"https:\/\/www.praha7.cz\/api\/wp\/v2\/posts\/65336\/revisions"}],"predecessor-version":[{"id":65373,"href":"https:\/\/www.praha7.cz\/api\/wp\/v2\/posts\/65336\/revisions\/65373"}],"wp:featuredmedia":[{"embeddable":true,"href":"https:\/\/www.praha7.cz\/api\/wp\/v2\/media\/65337"}],"wp:attachment":[{"href":"https:\/\/www.praha7.cz\/api\/wp\/v2\/media?parent=65336"}],"wp:term":[{"taxonomy":"category","embeddable":true,"href":"https:\/\/www.praha7.cz\/api\/wp\/v2\/categories?post=65336"},{"taxonomy":"post_tag","embeddable":true,"href":"https:\/\/www.praha7.cz\/api\/wp\/v2\/tags?post=65336"}],"curies":[{"name":"wp","href":"https:\/\/api.w.org\/{rel}","templated":true}]}}