    
{"id":65302,"date":"2023-03-23T11:33:11","date_gmt":"2023-03-23T10:33:11","guid":{"rendered":"https:\/\/www.praha7.cz\/?p=65302"},"modified":"2023-03-29T16:05:29","modified_gmt":"2023-03-29T14:05:29","slug":"dopravni-omezeni-v-useku-negrelliho-viadukt-argentinska","status":"publish","type":"post","link":"https:\/\/www.praha7.cz\/dopravni-omezeni-v-useku-negrelliho-viadukt-argentinska\/","title":{"rendered":"Dopravn\u00ed omezen\u00ed v&nbsp;\u00faseku Negrelliho viadukt \u2013 Argentinsk\u00e1"},"content":{"rendered":"<p>[perex]<\/p>\r\n<p>V souvislosti s&nbsp;rekonstrukc\u00ed kanaliza\u010dn\u00edch \u0161achet v\u00a0\u00faseku Negrelliho viadukt \u2013 Argentinsk\u00e1 upozor\u0148ujeme na dopravn\u00ed omezen\u00ed v&nbsp;term\u00ednu 27.&nbsp;b\u0159ezna \u2013 15.&nbsp;kv\u011btna 2023.\u00a0<\/p>\r\n<p>[\/perex]<\/p>\r\n<p>Po dobu prac\u00ed v&nbsp;term\u00ednu 27.&nbsp;b\u0159ezna \u2013 15.&nbsp;kv\u011btna 2023 dojde k\u00a0<strong>\u010d\u00e1ste\u010dn\u00e9 uzav\u00edrce j\u00edzdn\u00edho p\u00e1su<\/strong> v\u00a0\u00faseku <strong>Negrelliho viadukt \u2013 Argentinsk\u00e1 ve sm\u011bru z\u00a0centra<\/strong>.<\/p>\r\n<ul>\r\n\t<li>Sm\u011br j\u00edzdy z\u00a0Hl\u00e1vkova mostu bude veden do ul. Argentinsk\u00e1 jedn\u00edm j\u00edzdn\u00edm pruhem ve vozovce.<\/li>\r\n\t<li>Sm\u011br j\u00edzdy z\u00a0n\u00e1b\u0159e\u017e\u00ed Kapit\u00e1na Jaro\u0161e bude veden do ul. Argentinsk\u00e1 po tramvajov\u00e9m t\u011blese se sjet\u00edm na obslu\u017enou komunikaci Bubensk\u00e9 n\u00e1b\u0159e\u017e\u00ed.\u00a0<\/li>\r\n<\/ul>\r\n<p>V dopravn\u00ed \u0161pi\u010dce po\u010d\u00edtejte se zdr\u017een\u00edm 10\u201330 minut.<\/p>\r\n<p>V\u00edce <strong><a href=\"https:\/\/opravujeme.to\/action\/1260\/\" target=\"_blank\" rel=\"noopener\">zde<\/a><\/strong>.<\/p>\r\n<hr \/>\r\n<p>&nbsp;<\/p>\r\n<p>Sou\u010dasn\u011b informujeme o&nbsp;\u00fadr\u017eb\u011b komunika\u010dn\u00ed zelen\u011b <strong>v ulici Argentinsk\u00e1<\/strong>.<\/p>\r\n<p>V n\u00ed\u017ee uveden\u00fdch term\u00ednech bude <strong>uzav\u0159en prav\u00fd j\u00edzdn\u00ed pruh a&nbsp;p\u0159ilehl\u00fd vyhrazen\u00fd cyklistick\u00fd pruh ve sm\u011bru j\u00edzdy z&nbsp;centra<\/strong>. Po\u010d\u00edtejte se\u00a0zdr\u017een\u00edm do 10 minut.<\/p>\r\n<ul>\r\n\t<li>sobota 25.&nbsp;3.&nbsp;2023&nbsp;10.00\u201318.00\u00a0<\/li>\r\n\t<li>ned\u011ble 26.&nbsp;3.&nbsp;2023&nbsp;7.00\u201314.00<\/li>\r\n\t<li>sobota 8.&nbsp;4.&nbsp;2023&nbsp;10.00\u201318.00<em>\u00a0&#8211;\u00a0u tohoto term\u00ednu dojde pravd\u011bpodobn\u011b ke zm\u011bn\u011b<\/em><\/li>\r\n\t<li>ned\u011ble 9.&nbsp;4.&nbsp;2023&nbsp;7.00\u201314.00 <em>&#8211;\u00a0u tohoto term\u00ednu dojde pravd\u011bpodobn\u011b ke zm\u011bn\u011b<\/em><\/li>\r\n<\/ul>\r\n<p>V\u00edce <a href=\"https:\/\/opravujeme.to\/action\/584\/\"><strong>zde<\/strong><\/a>.<\/p>","protected":false},"excerpt":{"rendered":"[perex] V&nbsp;souvislosti s&nbsp;rekonstrukc\u00ed kanaliza\u010dn\u00edch \u0161achet v\u00a0\u00faseku Negrelliho viadukt \u2013 Argentinsk\u00e1 upozor\u0148ujeme na dopravn\u00ed omezen\u00ed v&nbsp;term\u00ednu 27.&nbsp;b\u0159ezna \u2013 15.&nbsp;kv\u011btna 2023.\u00a0 [\/perex] Po dobu prac\u00ed v&nbsp;term\u00ednu 27.&nbsp;b\u0159ezna \u2013 15.&nbsp;kv\u011btna 2023 dojde k\u00a0\u010d\u00e1ste\u010dn\u00e9 uzav\u00edrce j\u00edzdn\u00edho p\u00e1su v\u00a0\u00faseku Negrelliho viadukt \u2013 Argentinsk\u00e1 ve sm\u011bru z\u00a0centra. Sm\u011br j\u00edzdy z\u00a0Hl\u00e1vkova mostu bude veden do ul. Argentinsk\u00e1 jedn\u00edm j\u00edzdn\u00edm pruhem ve [&hellip;]","protected":false},"author":251,"featured_media":65303,"comment_status":"closed","ping_status":"open","sticky":false,"template":"","format":"standard","meta":[],"categories":[34],"tags":[],"_links":{"self":[{"href":"https:\/\/www.praha7.cz\/api\/wp\/v2\/posts\/65302"}],"collection":[{"href":"https:\/\/www.praha7.cz\/api\/wp\/v2\/posts"}],"about":[{"href":"https:\/\/www.praha7.cz\/api\/wp\/v2\/types\/post"}],"author":[{"embeddable":true,"href":"https:\/\/www.praha7.cz\/api\/wp\/v2\/users\/251"}],"replies":[{"embeddable":true,"href":"https:\/\/www.praha7.cz\/api\/wp\/v2\/comments?post=65302"}],"version-history":[{"count":3,"href":"https:\/\/www.praha7.cz\/api\/wp\/v2\/posts\/65302\/revisions"}],"predecessor-version":[{"id":65339,"href":"https:\/\/www.praha7.cz\/api\/wp\/v2\/posts\/65302\/revisions\/65339"}],"wp:featuredmedia":[{"embeddable":true,"href":"https:\/\/www.praha7.cz\/api\/wp\/v2\/media\/65303"}],"wp:attachment":[{"href":"https:\/\/www.praha7.cz\/api\/wp\/v2\/media?parent=65302"}],"wp:term":[{"taxonomy":"category","embeddable":true,"href":"https:\/\/www.praha7.cz\/api\/wp\/v2\/categories?post=65302"},{"taxonomy":"post_tag","embeddable":true,"href":"https:\/\/www.praha7.cz\/api\/wp\/v2\/tags?post=65302"}],"curies":[{"name":"wp","href":"https:\/\/api.w.org\/{rel}","templated":true}]}}