    
{"id":65297,"date":"2023-03-23T11:00:05","date_gmt":"2023-03-23T10:00:05","guid":{"rendered":"https:\/\/www.praha7.cz\/?p=65297"},"modified":"2023-03-23T11:00:50","modified_gmt":"2023-03-23T10:00:50","slug":"dotace-na-podporu-sportovni-cinnosti-mladeze-pro-rok-2023","status":"publish","type":"post","link":"https:\/\/www.praha7.cz\/dotace-na-podporu-sportovni-cinnosti-mladeze-pro-rok-2023\/","title":{"rendered":"Dotace na podporu sportovn\u00ed \u010dinnosti ml\u00e1de\u017ee pro rok 2023"},"content":{"rendered":"<p>[perex]<\/p>\r\n<p>Praha\u00a07 vyhl\u00e1sila dota\u010dn\u00ed \u0159\u00edzen\u00ed v\u00a0programu Podpora sportovn\u00ed \u010dinnosti pro rok 2023.\u00a0\u017dadatel\u00e9 se op\u011bt obejdou bez formul\u00e1\u0159\u016f, doklad\u016f v\u00a0pap\u00edrov\u00e9 podob\u011b a\u00a0n\u00e1v\u0161t\u011bv \u00fa\u0159adu.<\/p>\r\n<p>\u017d\u00e1dosti o\u00a0dotace se pod\u00e1vaj\u00ed elektronicky prost\u0159ednictv\u00edm\u00a0<a href=\"https:\/\/www.praha7.grantys.cz\/login\" target=\"_blank\" rel=\"noopener\">dota\u010dn\u00edho port\u00e1lu M\u010c Praha\u00a07 \u2013\u00a0Grantys<\/a>. Term\u00edn pro <strong>pod\u00e1n\u00ed \u017e\u00e1dost\u00ed je\u00a0od 2.\u00a0do 5.&nbsp;kv\u011btna 2023<\/strong>,\u00a0v syst\u00e9mu dota\u010dn\u00edho port\u00e1lu je v\u0161ak \u017eadatel\u00e9 mohou zpracov\u00e1vat ji\u017e nyn\u00ed a&nbsp;v&nbsp;dan\u00e9m term\u00ednu odeslat.<\/p>\r\n<p>[\/perex]<\/p>\r\n<p>Finan\u010dn\u00ed podpora je poskytov\u00e1na na podporu \u010dinnosti realizovan\u00e9 nest\u00e1tn\u00edmi neziskov\u00fdmi organizacemi vykon\u00e1vaj\u00edc\u00edmi ve\u0159ejn\u011b prosp\u011b\u0161n\u00e9 \u010dinnosti na \u00fazem\u00ed M\u010c Praha\u00a07, kter\u00e9 zaji\u0161\u0165uj\u00ed dlouhodob\u011b organizovanou sportovn\u00ed v\u00fdchovu ml\u00e1de\u017ee registrovan\u00e9 v\u00a0jednotliv\u00fdch sportovn\u00edch organizac\u00edch v\u00a0roce 2023.<\/p>\r\n<p><strong>Ve\u0161ker\u00e9 podrobnosti se do\u010dtete <a href=\"https:\/\/www.praha7.cz\/potrebuji-zaridit\/dotace\/programove-dotace\/programove-dotace-na-podporu-sportovni-cinnosti\/\">zde<\/a>.<\/strong><\/p>\r\n<p>&nbsp;<\/p>","protected":false},"excerpt":{"rendered":"[perex] Praha\u00a07 vyhl\u00e1sila dota\u010dn\u00ed \u0159\u00edzen\u00ed v\u00a0programu Podpora sportovn\u00ed \u010dinnosti pro rok 2023.\u00a0\u017dadatel\u00e9 se op\u011bt obejdou bez formul\u00e1\u0159\u016f, doklad\u016f v\u00a0pap\u00edrov\u00e9 podob\u011b a\u00a0n\u00e1v\u0161t\u011bv \u00fa\u0159adu. \u017d\u00e1dosti o\u00a0dotace se pod\u00e1vaj\u00ed elektronicky prost\u0159ednictv\u00edm\u00a0dota\u010dn\u00edho port\u00e1lu M\u010c Praha\u00a07 \u2013\u00a0Grantys. Term\u00edn pro pod\u00e1n\u00ed \u017e\u00e1dost\u00ed je\u00a0od 2.\u00a0do 5.&nbsp;kv\u011btna 2023,\u00a0v syst\u00e9mu dota\u010dn\u00edho port\u00e1lu je v\u0161ak \u017eadatel\u00e9 mohou zpracov\u00e1vat ji\u017e nyn\u00ed a&nbsp;v&nbsp;dan\u00e9m term\u00ednu odeslat. [\/perex] Finan\u010dn\u00ed [&hellip;]","protected":false},"author":251,"featured_media":65299,"comment_status":"closed","ping_status":"open","sticky":false,"template":"","format":"standard","meta":[],"categories":[34],"tags":[],"_links":{"self":[{"href":"https:\/\/www.praha7.cz\/api\/wp\/v2\/posts\/65297"}],"collection":[{"href":"https:\/\/www.praha7.cz\/api\/wp\/v2\/posts"}],"about":[{"href":"https:\/\/www.praha7.cz\/api\/wp\/v2\/types\/post"}],"author":[{"embeddable":true,"href":"https:\/\/www.praha7.cz\/api\/wp\/v2\/users\/251"}],"replies":[{"embeddable":true,"href":"https:\/\/www.praha7.cz\/api\/wp\/v2\/comments?post=65297"}],"version-history":[{"count":2,"href":"https:\/\/www.praha7.cz\/api\/wp\/v2\/posts\/65297\/revisions"}],"predecessor-version":[{"id":65301,"href":"https:\/\/www.praha7.cz\/api\/wp\/v2\/posts\/65297\/revisions\/65301"}],"wp:featuredmedia":[{"embeddable":true,"href":"https:\/\/www.praha7.cz\/api\/wp\/v2\/media\/65299"}],"wp:attachment":[{"href":"https:\/\/www.praha7.cz\/api\/wp\/v2\/media?parent=65297"}],"wp:term":[{"taxonomy":"category","embeddable":true,"href":"https:\/\/www.praha7.cz\/api\/wp\/v2\/categories?post=65297"},{"taxonomy":"post_tag","embeddable":true,"href":"https:\/\/www.praha7.cz\/api\/wp\/v2\/tags?post=65297"}],"curies":[{"name":"wp","href":"https:\/\/api.w.org\/{rel}","templated":true}]}}