    
{"id":65293,"date":"2023-03-22T13:50:27","date_gmt":"2023-03-22T12:50:27","guid":{"rendered":"https:\/\/www.praha7.cz\/?p=65293"},"modified":"2023-03-22T13:50:27","modified_gmt":"2023-03-22T12:50:27","slug":"severska-chuze-senior","status":"publish","type":"post","link":"https:\/\/www.praha7.cz\/severska-chuze-senior\/","title":{"rendered":"Seversk\u00e1 ch\u016fze pro seniory"},"content":{"rendered":"<p>[perex]<\/p>\r\n<p>Srde\u010dn\u011b zveme v\u0161echny seniory z&nbsp;Prahy&nbsp;7 na tradi\u010dn\u00ed cyklus nordicwalkingov\u00fdch proch\u00e1zek pod veden\u00edm profesion\u00e1ln\u00edch instruktor\u016f.\u00a0 Za\u010d\u00edn\u00e1me v&nbsp;\u00fater\u00fd 4.&nbsp;dubna 2023 v&nbsp;10 hodin u&nbsp;planet\u00e1ria ve Stromovce.\u00a0 Vych\u00e1zkov\u00e9 hole v\u00e1m na m\u00edst\u011b p\u016fj\u010d\u00edme zdarma.<\/p>\r\n<p>[\/perex]<\/p>\r\n<p>Seversk\u00e1 ch\u016fze pro seniory z&nbsp;Prahy\u00a0 7 prob\u00edh\u00e1<\/p>\r\n<h3>od 4.&nbsp;dubna do 28.&nbsp;listopadu 2023<\/h3>\r\n<h3>ka\u017ed\u00e9 \u00fater\u00fd od 10.00 do 11.00\u00a0<\/h3>\r\n<h3>v parku Stromovka \u2013 sraz u&nbsp;planet\u00e1ria<\/h3>\r\n<p>Vstup zdarma. Rezervace nen\u00ed nutn\u00e1.<\/p>\r\n<hr \/>\r\n<p>Akce se mohou \u00fa\u010dastnit pouze osoby bez zdravotn\u00edch obt\u00ed\u017e\u00ed. V&nbsp;p\u0159\u00edpad\u011b, \u017ee m\u00e1te p\u0159\u00edznaky respira\u010dn\u00ed infekce (hore\u010dka, ka\u0161el, r\u00fdma) nebo jste byli v&nbsp;bl\u00edzk\u00e9m kontaktu s&nbsp;n\u011bk\u00fdm, kdo podobn\u00e9 p\u0159\u00edznaky m\u00e1, z\u016fsta\u0148te pros\u00edm rad\u011bji doma.\u00a0<\/p>","protected":false},"excerpt":{"rendered":"[perex] Srde\u010dn\u011b zveme v\u0161echny seniory z&nbsp;Prahy&nbsp;7 na tradi\u010dn\u00ed cyklus nordicwalkingov\u00fdch proch\u00e1zek pod veden\u00edm profesion\u00e1ln\u00edch instruktor\u016f.\u00a0 Za\u010d\u00edn\u00e1me v&nbsp;\u00fater\u00fd 4.&nbsp;dubna 2023 v&nbsp;10 hodin u&nbsp;planet\u00e1ria ve Stromovce.\u00a0 Vych\u00e1zkov\u00e9 hole v\u00e1m na m\u00edst\u011b p\u016fj\u010d\u00edme zdarma. [\/perex] Seversk\u00e1 ch\u016fze pro seniory z&nbsp;Prahy\u00a0 7 prob\u00edh\u00e1 od 4.&nbsp;dubna do 28.&nbsp;listopadu 2023 ka\u017ed\u00e9 \u00fater\u00fd od 10.00 do 11.00\u00a0 v&nbsp;parku Stromovka \u2013 sraz [&hellip;]","protected":false},"author":251,"featured_media":38513,"comment_status":"closed","ping_status":"open","sticky":false,"template":"","format":"standard","meta":[],"categories":[34],"tags":[],"_links":{"self":[{"href":"https:\/\/www.praha7.cz\/api\/wp\/v2\/posts\/65293"}],"collection":[{"href":"https:\/\/www.praha7.cz\/api\/wp\/v2\/posts"}],"about":[{"href":"https:\/\/www.praha7.cz\/api\/wp\/v2\/types\/post"}],"author":[{"embeddable":true,"href":"https:\/\/www.praha7.cz\/api\/wp\/v2\/users\/251"}],"replies":[{"embeddable":true,"href":"https:\/\/www.praha7.cz\/api\/wp\/v2\/comments?post=65293"}],"version-history":[{"count":1,"href":"https:\/\/www.praha7.cz\/api\/wp\/v2\/posts\/65293\/revisions"}],"predecessor-version":[{"id":65294,"href":"https:\/\/www.praha7.cz\/api\/wp\/v2\/posts\/65293\/revisions\/65294"}],"wp:featuredmedia":[{"embeddable":true,"href":"https:\/\/www.praha7.cz\/api\/wp\/v2\/media\/38513"}],"wp:attachment":[{"href":"https:\/\/www.praha7.cz\/api\/wp\/v2\/media?parent=65293"}],"wp:term":[{"taxonomy":"category","embeddable":true,"href":"https:\/\/www.praha7.cz\/api\/wp\/v2\/categories?post=65293"},{"taxonomy":"post_tag","embeddable":true,"href":"https:\/\/www.praha7.cz\/api\/wp\/v2\/tags?post=65293"}],"curies":[{"name":"wp","href":"https:\/\/api.w.org\/{rel}","templated":true}]}}