    
{"id":65254,"date":"2023-03-21T12:00:29","date_gmt":"2023-03-21T11:00:29","guid":{"rendered":"https:\/\/www.praha7.cz\/?p=65254"},"modified":"2023-03-29T15:47:36","modified_gmt":"2023-03-29T13:47:36","slug":"sedmicka-porada-prijimacky-nanecisto","status":"publish","type":"post","link":"https:\/\/www.praha7.cz\/sedmicka-porada-prijimacky-nanecisto\/","title":{"rendered":"Sedmi\u010dka po\u0159\u00e1d\u00e1 p\u0159ij\u00edma\u010dky nane\u010disto"},"content":{"rendered":"<p>[perex]<\/p>\r\n<p>Tak jako v\u00a0lo\u0148sk\u00e9m roce si \u017e\u00e1ci a&nbsp;\u017e\u00e1kyn\u011b 9.&nbsp;t\u0159\u00edd z\u00e1kladn\u00edch \u0161kol z\u00a0Prahy&nbsp;7 mohou zdarma vyzkou\u0161et p\u0159ij\u00edma\u010dky na st\u0159edn\u00ed \u0161kolu nane\u010disto.\u00a0<\/p>\r\n<p>P\u0159ij\u00edma\u010dky nane\u010disto nab\u00edz\u00edme ve \u010dty\u0159ech term\u00ednech 28., 29., 30.&nbsp;a\u00a0 31.&nbsp;b\u0159ezna 2023 v&nbsp;zastupitelsk\u00e9m s\u00e1le radnice Prahy&nbsp;7, U&nbsp;Pr\u016fhonu 38. V&nbsp;obou dnech prob\u011bhne test z&nbsp;\u010desk\u00e9ho jazyka v&nbsp;\u010dase 14.30\u201315.30 a&nbsp;z&nbsp;matematiky 15.45\u201316.55.<\/p>\r\n<p><strong>M\u00e1te-li z\u00e1jem o&nbsp;n\u011bkter\u00fd z\u00a0nab\u00edzen\u00fdch term\u00edn\u016f, p\u0159ihlaste sv\u00e9 d\u00edt\u011b nejpozd\u011bji do p\u00e1tku 24.&nbsp;3.&nbsp;do 15.00 prost\u0159ednictv\u00edm formul\u00e1\u0159e <a href=\"https:\/\/docs.google.com\/forms\/d\/e\/1FAIpQLSe-HgR7flcsNU00dfkinrP_qwwWdVElvObJL7_ie53fhV1vPA\/viewform?vc=0&amp;c=0&amp;w=1&amp;flr=0\">ZDE<\/a>.<\/strong><\/p>\r\n<p>Upozor\u0148ujeme, \u017ee kapacita je omezen\u00e1, o&nbsp;p\u0159ihl\u00e1\u0161en\u00ed rozhoduje po\u0159ad\u00ed \u010dasu vypln\u011bn\u00ed.\u00a0<\/p>\r\n<p>[\/perex]<\/p>\r\n<p>P\u0159ij\u00edma\u010dky nane\u010disto jsou p\u0159\u00edle\u017eitost\u00ed otestovat si sv\u00e9 znalosti, p\u0159ipravit se na nadch\u00e1zej\u00edc\u00ed p\u0159ij\u00edmac\u00ed zkou\u0161ky bez stresu a&nbsp;z\u00edskat p\u0159edstavu, jak to bude prob\u00edhat naostro.<\/p>\r\n<p><strong>Pros\u00edme, aby d\u011bti p\u0159i\u0161ly o&nbsp;10 minut d\u0159\u00edve a&nbsp;vzaly si s\u00a0sebou pero nebo propisku (ne gumovac\u00ed), r\u00fdsovac\u00ed pot\u0159eby a&nbsp;tu\u017eku.<\/strong><\/p>\r\n<p>Testy budou p\u0159ed\u00e1ny \u0161kole, kam d\u00edt\u011b doch\u00e1z\u00ed a&nbsp;kde bude tak\u00e9 test vyhodnocen. O&nbsp;term\u00ednu vyhodnocen\u00ed a&nbsp;v\u00fdsledc\u00edch bude rodi\u010de informovat \u0161kola.<\/p>\r\n<p>P\u0159ejeme mnoho \u00fasp\u011bch\u016f a&nbsp;dr\u017e\u00edme holk\u00e1m a&nbsp;kluk\u016fm palce, a\u0165 se v&nbsp;nadch\u00e1zej\u00edc\u00edch zkou\u0161k\u00e1ch dostanou na \u0161koly dle sv\u00e9ho p\u0159\u00e1n\u00ed.<\/p>","protected":false},"excerpt":{"rendered":"[perex] Tak jako v\u00a0lo\u0148sk\u00e9m roce si \u017e\u00e1ci a&nbsp;\u017e\u00e1kyn\u011b 9.&nbsp;t\u0159\u00edd z\u00e1kladn\u00edch \u0161kol z\u00a0Prahy&nbsp;7 mohou zdarma vyzkou\u0161et p\u0159ij\u00edma\u010dky na st\u0159edn\u00ed \u0161kolu nane\u010disto.\u00a0 P\u0159ij\u00edma\u010dky nane\u010disto nab\u00edz\u00edme ve \u010dty\u0159ech term\u00ednech 28., 29., 30.&nbsp;a\u00a0 31.&nbsp;b\u0159ezna 2023 v&nbsp;zastupitelsk\u00e9m s\u00e1le radnice Prahy&nbsp;7, U&nbsp;Pr\u016fhonu 38. V&nbsp;obou dnech prob\u011bhne test z&nbsp;\u010desk\u00e9ho jazyka v&nbsp;\u010dase 14.30\u201315.30 a&nbsp;z&nbsp;matematiky 15.45\u201316.55. M\u00e1te-li z\u00e1jem o&nbsp;n\u011bkter\u00fd z\u00a0nab\u00edzen\u00fdch term\u00edn\u016f, p\u0159ihlaste sv\u00e9 d\u00edt\u011b [&hellip;]","protected":false},"author":5,"featured_media":65255,"comment_status":"closed","ping_status":"open","sticky":false,"template":"","format":"standard","meta":[],"categories":[34,74],"tags":[],"_links":{"self":[{"href":"https:\/\/www.praha7.cz\/api\/wp\/v2\/posts\/65254"}],"collection":[{"href":"https:\/\/www.praha7.cz\/api\/wp\/v2\/posts"}],"about":[{"href":"https:\/\/www.praha7.cz\/api\/wp\/v2\/types\/post"}],"author":[{"embeddable":true,"href":"https:\/\/www.praha7.cz\/api\/wp\/v2\/users\/5"}],"replies":[{"embeddable":true,"href":"https:\/\/www.praha7.cz\/api\/wp\/v2\/comments?post=65254"}],"version-history":[{"count":5,"href":"https:\/\/www.praha7.cz\/api\/wp\/v2\/posts\/65254\/revisions"}],"predecessor-version":[{"id":65478,"href":"https:\/\/www.praha7.cz\/api\/wp\/v2\/posts\/65254\/revisions\/65478"}],"wp:featuredmedia":[{"embeddable":true,"href":"https:\/\/www.praha7.cz\/api\/wp\/v2\/media\/65255"}],"wp:attachment":[{"href":"https:\/\/www.praha7.cz\/api\/wp\/v2\/media?parent=65254"}],"wp:term":[{"taxonomy":"category","embeddable":true,"href":"https:\/\/www.praha7.cz\/api\/wp\/v2\/categories?post=65254"},{"taxonomy":"post_tag","embeddable":true,"href":"https:\/\/www.praha7.cz\/api\/wp\/v2\/tags?post=65254"}],"curies":[{"name":"wp","href":"https:\/\/api.w.org\/{rel}","templated":true}]}}