    
{"id":65238,"date":"2023-03-20T14:37:53","date_gmt":"2023-03-20T13:37:53","guid":{"rendered":"https:\/\/www.praha7.cz\/?p=65238"},"modified":"2023-06-06T12:54:17","modified_gmt":"2023-06-06T10:54:17","slug":"trideni-odpadu-bude-snazsi","status":"publish","type":"post","link":"https:\/\/www.praha7.cz\/trideni-odpadu-bude-snazsi\/","title":{"rendered":"T\u0159\u00edd\u011bn\u00ed odpadu bude snaz\u0161\u00ed"},"content":{"rendered":"<p>[perex]<\/p>\r\n<p>Sedm z\u00a0deseti Pra\u017ean\u016f t\u0159\u00edd\u00ed odpad. A&nbsp;aby bylo t\u0159\u00edd\u011bn\u00ed je\u0161t\u011b jednodu\u0161\u0161\u00ed, pr\u00e1v\u011b se rozb\u00edh\u00e1 multikomoditn\u00ed sb\u011br. Do jednoho \u017elut\u00e9ho kontejneru ozna\u010den\u00e9ho samolepkou \u0160E3VEC (\u010dt\u011bte \u201e\u0161et\u0159ivec\u201c) lze odlo\u017eit plasty, n\u00e1pojov\u00e9 kartony a&nbsp;kovov\u00e9 obaly.<\/p>\r\n<p>[\/perex]<\/p>\r\n<p>\u0160e3vec u\u017e se objevuje v&nbsp;dom\u00e1c\u00edch stanovi\u0161t\u00edch t\u0159\u00edd\u011bn\u00e9ho odpadu (pokud je nem\u00e1te, <a href=\"http:\/\/www.praha7.cz\/kontejnery-do-domu\" target=\"_blank\" rel=\"noopener\">m\u016f\u017eete si o&nbsp;n\u011b po\u017e\u00e1dat<\/a>), pozd\u011bji p\u0159ibude i&nbsp;na kontejnerech v&nbsp;ulic\u00edch. Toto usnadn\u011bn\u00ed je mo\u017en\u00e9 d\u00edky <a href=\"https:\/\/portalzp.praha.eu\/jnp\/cz\/tiskove_zpravy_z_mesta\/praha_ma_novou_moderni_tridici_linku_na.xhtml\">nov\u00e9 optick\u00e9 t\u0159\u00eddic\u00ed lince<\/a> v&nbsp;Chr\u00e1\u0161\u0165anech u&nbsp;Prahy. Modern\u00ed za\u0159\u00edzen\u00ed dok\u00e1\u017ee t\u0159\u00edd\u011bn\u00fd odpad rozd\u011blit na 15 druh\u016f materi\u00e1l\u016f, tak\u017ee t\u0159\u00edd\u011bn\u00ed bude jednodu\u0161\u0161\u00ed a&nbsp;kvalitn\u011bj\u0161\u00ed.\u00a0<\/p>\r\n<p>\u00a0<a href=\"https:\/\/www.praha7.cz\/wp-content\/uploads\/2023\/03\/multikomod-sb\u011br-.jpg\"><img loading=\"lazy\" src=\"https:\/\/www.praha7.cz\/wp-content\/uploads\/2023\/03\/multikomod-sb\u011br-.jpg\" alt=\"\" width=\"557\" height=\"486\" class=\"alignnone size-full wp-image-65240\" srcset=\"https:\/\/www.praha7.cz\/wp-content\/uploads\/2023\/03\/multikomod-sb\u011br-.jpg 557w, https:\/\/www.praha7.cz\/wp-content\/uploads\/2023\/03\/multikomod-sb\u011br--458x400.jpg 458w\" sizes=\"(max-width: 557px) 100vw, 557px\" \/><\/a><\/p>\r\n<p>V\u00edce se dozv\u00edte na <a href=\"https:\/\/prahatridi.eu\/\">prahatridi.eu<\/a><\/p>","protected":false},"excerpt":{"rendered":"[perex] Sedm z\u00a0deseti Pra\u017ean\u016f t\u0159\u00edd\u00ed odpad. A&nbsp;aby bylo t\u0159\u00edd\u011bn\u00ed je\u0161t\u011b jednodu\u0161\u0161\u00ed, pr\u00e1v\u011b se rozb\u00edh\u00e1 multikomoditn\u00ed sb\u011br. Do jednoho \u017elut\u00e9ho kontejneru ozna\u010den\u00e9ho samolepkou \u0160E3VEC (\u010dt\u011bte \u201e\u0161et\u0159ivec\u201c) lze odlo\u017eit plasty, n\u00e1pojov\u00e9 kartony a&nbsp;kovov\u00e9 obaly. [\/perex] \u0160e3vec u\u017e se objevuje v&nbsp;dom\u00e1c\u00edch stanovi\u0161t\u00edch t\u0159\u00edd\u011bn\u00e9ho odpadu (pokud je nem\u00e1te, m\u016f\u017eete si o&nbsp;n\u011b po\u017e\u00e1dat), pozd\u011bji p\u0159ibude i&nbsp;na kontejnerech v&nbsp;ulic\u00edch. Toto usnadn\u011bn\u00ed [&hellip;]","protected":false},"author":251,"featured_media":65239,"comment_status":"closed","ping_status":"open","sticky":false,"template":"","format":"standard","meta":[],"categories":[34],"tags":[],"_links":{"self":[{"href":"https:\/\/www.praha7.cz\/api\/wp\/v2\/posts\/65238"}],"collection":[{"href":"https:\/\/www.praha7.cz\/api\/wp\/v2\/posts"}],"about":[{"href":"https:\/\/www.praha7.cz\/api\/wp\/v2\/types\/post"}],"author":[{"embeddable":true,"href":"https:\/\/www.praha7.cz\/api\/wp\/v2\/users\/251"}],"replies":[{"embeddable":true,"href":"https:\/\/www.praha7.cz\/api\/wp\/v2\/comments?post=65238"}],"version-history":[{"count":4,"href":"https:\/\/www.praha7.cz\/api\/wp\/v2\/posts\/65238\/revisions"}],"predecessor-version":[{"id":67299,"href":"https:\/\/www.praha7.cz\/api\/wp\/v2\/posts\/65238\/revisions\/67299"}],"wp:featuredmedia":[{"embeddable":true,"href":"https:\/\/www.praha7.cz\/api\/wp\/v2\/media\/65239"}],"wp:attachment":[{"href":"https:\/\/www.praha7.cz\/api\/wp\/v2\/media?parent=65238"}],"wp:term":[{"taxonomy":"category","embeddable":true,"href":"https:\/\/www.praha7.cz\/api\/wp\/v2\/categories?post=65238"},{"taxonomy":"post_tag","embeddable":true,"href":"https:\/\/www.praha7.cz\/api\/wp\/v2\/tags?post=65238"}],"curies":[{"name":"wp","href":"https:\/\/api.w.org\/{rel}","templated":true}]}}