    
{"id":65202,"date":"2023-03-16T16:57:22","date_gmt":"2023-03-16T15:57:22","guid":{"rendered":"https:\/\/www.praha7.cz\/?p=65202"},"modified":"2023-03-17T13:32:49","modified_gmt":"2023-03-17T12:32:49","slug":"dopravni-omezeni-v-ulici-strojnicka","status":"publish","type":"post","link":"https:\/\/www.praha7.cz\/dopravni-omezeni-v-ulici-strojnicka\/","title":{"rendered":"Modernizace \u017eeleznice: omezen\u00ed v&nbsp;ulici Strojnick\u00e1"},"content":{"rendered":"<p>[perex]<\/p>\r\n<p>Spr\u00e1va \u017eeleznic informuje obyvatele ulice Strojnick\u00e1 o&nbsp;pr\u016fb\u011bhu prac\u00ed souvisej\u00edc\u00edch s&nbsp;modernizac\u00ed trati Praha\u2013Kladno. Od pond\u011bl\u00ed 20.&nbsp;b\u0159ezna 2023 je v&nbsp;ulici omezeno parkov\u00e1n\u00ed na stran\u011b u&nbsp;valu. Zhruba do konce b\u0159ezna dojde k&nbsp;odstran\u011bn\u00ed d\u0159evin a&nbsp;k&nbsp;oplocen\u00ed dr\u00e1\u017en\u00edho pozemku. Pot\u00e9 bude \u010d\u00e1st parkovac\u00edch st\u00e1n\u00ed u&nbsp;valu op\u011bt k&nbsp;dispozici. N\u00e1sledn\u011b prob\u011bhne odt\u011b\u017eov\u00e1n\u00ed nejd\u0159\u00edve \u0161t\u011brkov\u00e9ho lo\u017ee a&nbsp;pot\u00e9 \u017eelezni\u010dn\u00edho n\u00e1spu. Tyto pr\u00e1ce by m\u011bly b\u00fdt dokon\u010deny do 9.&nbsp;kv\u011btna 2023.\u00a0<\/p>\r\n<p>[\/perex]<\/p>\r\n<p>Z\u00e1jemci o\u00a0bli\u017e\u0161\u00ed informace o\u00a0pr\u016fb\u011bhu stavby se mohou obracet na Spr\u00e1vu \u017eeleznic prost\u0159ednictv\u00edm e-mailu: <a href=\"mailto:Schreierova@spravazeleznic.cz\">Schreierova@spravazeleznic.cz<\/a><\/p>\r\n<p><em>Souhrnn\u00e9 informace o&nbsp;stavebn\u00edch prac\u00edch a&nbsp;omezen\u00edch\u00a0souvisej\u00edc\u00edch s&nbsp;modernizac\u00ed trati Praha\u2013Kladno najdete <a href=\"https:\/\/www.praha7.cz\/modernizace-zeleznice-stavebni-prace-a-opatreni\/\">v tomto \u010dl\u00e1nku<\/a>.\u00a0 \u00a0<\/em><\/p>\r\n<p>&nbsp;<\/p>\r\n<p><img loading=\"lazy\" src=\"https:\/\/www.praha7.cz\/wp-content\/uploads\/2023\/03\/strojnick\u00e1_k\u00e1cen\u00ed-zna\u010dka-1500x844.jpg\" alt=\"\" width=\"640\" height=\"360\" class=\"alignnone size-large wp-image-65223\" srcset=\"https:\/\/www.praha7.cz\/wp-content\/uploads\/2023\/03\/strojnick\u00e1_k\u00e1cen\u00ed-zna\u010dka-1500x844.jpg 1500w, https:\/\/www.praha7.cz\/wp-content\/uploads\/2023\/03\/strojnick\u00e1_k\u00e1cen\u00ed-zna\u010dka-600x338.jpg 600w, https:\/\/www.praha7.cz\/wp-content\/uploads\/2023\/03\/strojnick\u00e1_k\u00e1cen\u00ed-zna\u010dka-768x432.jpg 768w\" sizes=\"(max-width: 640px) 100vw, 640px\" \/><\/p>","protected":false},"excerpt":{"rendered":"[perex] Spr\u00e1va \u017eeleznic informuje obyvatele ulice Strojnick\u00e1 o&nbsp;pr\u016fb\u011bhu prac\u00ed souvisej\u00edc\u00edch s&nbsp;modernizac\u00ed trati Praha\u2013Kladno. Od pond\u011bl\u00ed 20.&nbsp;b\u0159ezna 2023 je v&nbsp;ulici omezeno parkov\u00e1n\u00ed na stran\u011b u&nbsp;valu. Zhruba do konce b\u0159ezna dojde k&nbsp;odstran\u011bn\u00ed d\u0159evin a&nbsp;k&nbsp;oplocen\u00ed dr\u00e1\u017en\u00edho pozemku. Pot\u00e9 bude \u010d\u00e1st parkovac\u00edch st\u00e1n\u00ed u&nbsp;valu op\u011bt k&nbsp;dispozici. N\u00e1sledn\u011b prob\u011bhne odt\u011b\u017eov\u00e1n\u00ed nejd\u0159\u00edve \u0161t\u011brkov\u00e9ho lo\u017ee a&nbsp;pot\u00e9 \u017eelezni\u010dn\u00edho n\u00e1spu. Tyto pr\u00e1ce by m\u011bly [&hellip;]","protected":false},"author":251,"featured_media":65203,"comment_status":"closed","ping_status":"open","sticky":false,"template":"","format":"standard","meta":[],"categories":[34],"tags":[],"_links":{"self":[{"href":"https:\/\/www.praha7.cz\/api\/wp\/v2\/posts\/65202"}],"collection":[{"href":"https:\/\/www.praha7.cz\/api\/wp\/v2\/posts"}],"about":[{"href":"https:\/\/www.praha7.cz\/api\/wp\/v2\/types\/post"}],"author":[{"embeddable":true,"href":"https:\/\/www.praha7.cz\/api\/wp\/v2\/users\/251"}],"replies":[{"embeddable":true,"href":"https:\/\/www.praha7.cz\/api\/wp\/v2\/comments?post=65202"}],"version-history":[{"count":6,"href":"https:\/\/www.praha7.cz\/api\/wp\/v2\/posts\/65202\/revisions"}],"predecessor-version":[{"id":65224,"href":"https:\/\/www.praha7.cz\/api\/wp\/v2\/posts\/65202\/revisions\/65224"}],"wp:featuredmedia":[{"embeddable":true,"href":"https:\/\/www.praha7.cz\/api\/wp\/v2\/media\/65203"}],"wp:attachment":[{"href":"https:\/\/www.praha7.cz\/api\/wp\/v2\/media?parent=65202"}],"wp:term":[{"taxonomy":"category","embeddable":true,"href":"https:\/\/www.praha7.cz\/api\/wp\/v2\/categories?post=65202"},{"taxonomy":"post_tag","embeddable":true,"href":"https:\/\/www.praha7.cz\/api\/wp\/v2\/tags?post=65202"}],"curies":[{"name":"wp","href":"https:\/\/api.w.org\/{rel}","templated":true}]}}