    
{"id":65190,"date":"2023-03-16T13:10:12","date_gmt":"2023-03-16T12:10:12","guid":{"rendered":"https:\/\/www.praha7.cz\/?p=65190"},"modified":"2023-03-16T13:23:59","modified_gmt":"2023-03-16T12:23:59","slug":"poskozene-stromy-na-sedmicce","status":"publish","type":"post","link":"https:\/\/www.praha7.cz\/poskozene-stromy-na-sedmicce\/","title":{"rendered":"Po\u0161kozen\u00e9 stromy na Sedmi\u010dce"},"content":{"rendered":"<p>[perex]<\/p>\r\n<p>V posledn\u00ed dob\u011b zaznamenali pracovn\u00edci\u00a0Odboru p\u00e9\u010de o\u00a0ve\u0159ejn\u00fd prostor po\u0161kozen\u00ed n\u011bkolika strom\u016f v&nbsp;parku Tusarova. Pros\u00edme proto n\u00e1v\u0161t\u011bvn\u00edky zdej\u0161\u00edch park\u016f i&nbsp;d\u011btsk\u00fdch h\u0159i\u0161\u0165, aby nebyli k\u00a0ni\u010den\u00ed strom\u016f lhostejn\u00ed, a&nbsp;pokud zaznamenaj\u00ed po\u0161kozov\u00e1n\u00ed zelen\u011b, neodkladn\u011b informovali M\u011bstskou policii na lince 156 nebo Policii \u010cR na lince 158. D\u011bkujeme, \u017ee jste v\u0161\u00edmav\u00ed a&nbsp;pozorn\u00ed!<\/p>\r\n<p>[\/perex]<\/p>\r\n<h5>U stromu v&nbsp;parku Tusarova (na sn\u00edmku n\u00ed\u017ee) jsou r\u00e1ny natolik rozs\u00e1hl\u00e9, \u017ee v&nbsp;t\u00e9to f\u00e1zi\u00a0 ji\u017e strom r\u00e1nu zcela nezacel\u00ed. Sice d\u00e1le poroste, ale za t\u0159i a\u017e p\u011bt let nebude v&nbsp;dobr\u00e9 zdravotn\u00ed kondici, v&nbsp;m\u00edst\u011b po\u0161kozen\u00ed bude hn\u00edt, a&nbsp;tak bude v\u00edce n\u00e1chyln\u00fd na zlom.\u00a0\u00a0<\/h5>\r\n<p><img loading=\"lazy\" src=\"https:\/\/www.praha7.cz\/wp-content\/uploads\/2023\/03\/po\u0161kozen\u00fd-strom_1-750x1000.jpg\" alt=\"\" width=\"640\" height=\"853\" class=\"alignnone size-large wp-image-65193\" srcset=\"https:\/\/www.praha7.cz\/wp-content\/uploads\/2023\/03\/po\u0161kozen\u00fd-strom_1-750x1000.jpg 750w, https:\/\/www.praha7.cz\/wp-content\/uploads\/2023\/03\/po\u0161kozen\u00fd-strom_1-300x400.jpg 300w, https:\/\/www.praha7.cz\/wp-content\/uploads\/2023\/03\/po\u0161kozen\u00fd-strom_1-768x1024.jpg 768w\" sizes=\"(max-width: 640px) 100vw, 640px\" \/><\/p>\r\n<p>&nbsp;<\/p>\r\n<h5>Po\u0161kozen\u00fd platan javorolist\u00fd v\u00a0parku Tusarova<\/h5>\r\n<p><img loading=\"lazy\" src=\"https:\/\/www.praha7.cz\/wp-content\/uploads\/2023\/03\/po\u0159ezan\u00fd-strom_1-1319x1000.jpg\" alt=\"\" width=\"640\" height=\"485\" class=\"alignnone size-large wp-image-65194\" srcset=\"https:\/\/www.praha7.cz\/wp-content\/uploads\/2023\/03\/po\u0159ezan\u00fd-strom_1-1319x1000.jpg 1319w, https:\/\/www.praha7.cz\/wp-content\/uploads\/2023\/03\/po\u0159ezan\u00fd-strom_1-527x400.jpg 527w, https:\/\/www.praha7.cz\/wp-content\/uploads\/2023\/03\/po\u0159ezan\u00fd-strom_1-768x582.jpg 768w, https:\/\/www.praha7.cz\/wp-content\/uploads\/2023\/03\/po\u0159ezan\u00fd-strom_1.jpg 1370w\" sizes=\"(max-width: 640px) 100vw, 640px\" \/><\/p>\r\n<p>&nbsp;<\/p>\r\n<h5>Po\u0161kozen\u00fd j\u00edrovec ma\u010fal na d\u011btsk\u00e9m h\u0159i\u0161ti Sedmikr\u00e1ska \u2013 r\u00e1na po 3,5 letech<\/h5>\r\n<p><img loading=\"lazy\" src=\"https:\/\/www.praha7.cz\/wp-content\/uploads\/2023\/03\/po\u0161kozen\u00fd-strom_2-750x1000.jpg\" alt=\"\" width=\"640\" height=\"853\" class=\"alignnone size-large wp-image-65192\" srcset=\"https:\/\/www.praha7.cz\/wp-content\/uploads\/2023\/03\/po\u0161kozen\u00fd-strom_2-750x1000.jpg 750w, https:\/\/www.praha7.cz\/wp-content\/uploads\/2023\/03\/po\u0161kozen\u00fd-strom_2-300x400.jpg 300w, https:\/\/www.praha7.cz\/wp-content\/uploads\/2023\/03\/po\u0161kozen\u00fd-strom_2-768x1024.jpg 768w, https:\/\/www.praha7.cz\/wp-content\/uploads\/2023\/03\/po\u0161kozen\u00fd-strom_2.jpg 1512w\" sizes=\"(max-width: 640px) 100vw, 640px\" \/><\/p>\r\n<p>&nbsp;<\/p>\r\n<h5>Buk lesn\u00ed na Ortenov\u011b n\u00e1m\u011bst\u00ed \u2013 po\u0161kozen\u00ed z&nbsp;roku 2021<\/h5>\r\n<p><img loading=\"lazy\" src=\"https:\/\/www.praha7.cz\/wp-content\/uploads\/2023\/03\/po\u0159ezan\u00fd-strom_2-750x1000.jpg\" alt=\"\" width=\"640\" height=\"853\" class=\"alignnone size-large wp-image-65191\" srcset=\"https:\/\/www.praha7.cz\/wp-content\/uploads\/2023\/03\/po\u0159ezan\u00fd-strom_2-750x1000.jpg 750w, https:\/\/www.praha7.cz\/wp-content\/uploads\/2023\/03\/po\u0159ezan\u00fd-strom_2-300x400.jpg 300w, https:\/\/www.praha7.cz\/wp-content\/uploads\/2023\/03\/po\u0159ezan\u00fd-strom_2-768x1024.jpg 768w, https:\/\/www.praha7.cz\/wp-content\/uploads\/2023\/03\/po\u0159ezan\u00fd-strom_2.jpg 1512w\" sizes=\"(max-width: 640px) 100vw, 640px\" \/><\/p>","protected":false},"excerpt":{"rendered":"[perex] V&nbsp;posledn\u00ed dob\u011b zaznamenali pracovn\u00edci\u00a0Odboru p\u00e9\u010de o\u00a0ve\u0159ejn\u00fd prostor po\u0161kozen\u00ed n\u011bkolika strom\u016f v&nbsp;parku Tusarova. Pros\u00edme proto n\u00e1v\u0161t\u011bvn\u00edky zdej\u0161\u00edch park\u016f i&nbsp;d\u011btsk\u00fdch h\u0159i\u0161\u0165, aby nebyli k\u00a0ni\u010den\u00ed strom\u016f lhostejn\u00ed, a&nbsp;pokud zaznamenaj\u00ed po\u0161kozov\u00e1n\u00ed zelen\u011b, neodkladn\u011b informovali M\u011bstskou policii na lince 156 nebo Policii \u010cR na lince 158. D\u011bkujeme, \u017ee jste v\u0161\u00edmav\u00ed a&nbsp;pozorn\u00ed! [\/perex] U&nbsp;stromu v&nbsp;parku Tusarova (na sn\u00edmku [&hellip;]","protected":false},"author":251,"featured_media":65194,"comment_status":"closed","ping_status":"open","sticky":false,"template":"","format":"standard","meta":[],"categories":[34],"tags":[],"_links":{"self":[{"href":"https:\/\/www.praha7.cz\/api\/wp\/v2\/posts\/65190"}],"collection":[{"href":"https:\/\/www.praha7.cz\/api\/wp\/v2\/posts"}],"about":[{"href":"https:\/\/www.praha7.cz\/api\/wp\/v2\/types\/post"}],"author":[{"embeddable":true,"href":"https:\/\/www.praha7.cz\/api\/wp\/v2\/users\/251"}],"replies":[{"embeddable":true,"href":"https:\/\/www.praha7.cz\/api\/wp\/v2\/comments?post=65190"}],"version-history":[{"count":5,"href":"https:\/\/www.praha7.cz\/api\/wp\/v2\/posts\/65190\/revisions"}],"predecessor-version":[{"id":65201,"href":"https:\/\/www.praha7.cz\/api\/wp\/v2\/posts\/65190\/revisions\/65201"}],"wp:featuredmedia":[{"embeddable":true,"href":"https:\/\/www.praha7.cz\/api\/wp\/v2\/media\/65194"}],"wp:attachment":[{"href":"https:\/\/www.praha7.cz\/api\/wp\/v2\/media?parent=65190"}],"wp:term":[{"taxonomy":"category","embeddable":true,"href":"https:\/\/www.praha7.cz\/api\/wp\/v2\/categories?post=65190"},{"taxonomy":"post_tag","embeddable":true,"href":"https:\/\/www.praha7.cz\/api\/wp\/v2\/tags?post=65190"}],"curies":[{"name":"wp","href":"https:\/\/api.w.org\/{rel}","templated":true}]}}