    
{"id":65162,"date":"2023-03-15T14:53:03","date_gmt":"2023-03-15T13:53:03","guid":{"rendered":"https:\/\/www.praha7.cz\/?p=65162"},"modified":"2023-03-15T14:59:31","modified_gmt":"2023-03-15T13:59:31","slug":"jak-zrusit-zivnostenske-opravneni","status":"publish","type":"post","link":"https:\/\/www.praha7.cz\/jak-zrusit-zivnostenske-opravneni\/","title":{"rendered":"Jak zru\u0161it \u017eivnostensk\u00e9 opr\u00e1vn\u011bn\u00ed"},"content":{"rendered":"<p>[perex]<\/p>\r\n<p>V roce 2023 se v\u0161em podnikaj\u00edc\u00edm fyzick\u00fdm osob\u00e1m automaticky z\u0159izuje datov\u00e1 schr\u00e1nka. P\u0159i t\u00e9to p\u0159\u00edle\u017eitosti \u0159ada ob\u010dan\u016f zji\u0161\u0165uje, \u017ee m\u00e1 st\u00e1le platn\u00e9 \u017eivnostensk\u00e9 opr\u00e1vn\u011bn\u00ed, kter\u00e9 nevyu\u017e\u00edv\u00e1.\u00a0Vzhledem k&nbsp;v\u00fdrazn\u011b zv\u00fd\u0161en\u00e9mu z\u00e1jmu o&nbsp;zru\u0161en\u00ed \u017eivnostensk\u00fdch opr\u00e1vn\u011bn\u00ed p\u0159ipom\u00edn\u00e1me zp\u016fsoby, jak lze tento \u00fakon prov\u00e9st.<\/p>\r\n<p>[\/perex]<\/p>\r\n<h3>Osobn\u011b:<\/h3>\r\n<p>\u00b7\u00a0\u00a0\u00a0\u00a0\u00a0\u00a0\u00a0\u00a0 Lze tak u\u010dinit na kter\u00e9mkoli \u017eivnostensk\u00e9m \u00fa\u0159ad\u011b v\u00a0\u010cR bez ohledu na trval\u00e9 bydli\u0161t\u011b<\/p>\r\n<p>\u00b7\u00a0\u00a0\u00a0\u00a0\u00a0\u00a0\u00a0\u00a0 Na \u00da\u0159ad\u011b M\u010c Praha&nbsp;7 lze \u017eivnostensk\u00e9 opr\u00e1vn\u011bn\u00ed zru\u0161it:<\/p>\r\n<p>&#8211; <a href=\"https:\/\/www.praha7.cz\/radnice\/organizacni-struktura\/odbor-zivnostensky\/\">Na \u017eivnostensk\u00e9m odboru<\/a>, p\u0159i osobn\u00ed n\u00e1v\u0161t\u011bv\u011b s&nbsp;v\u00e1mi referent vypln\u00ed formul\u00e1\u0159 Zm\u011bnov\u00fd list v&nbsp;elektronick\u00e9 podob\u011b p\u0159\u00edmo na m\u00edst\u011b<\/p>\r\n<p>&#8211; Vyu\u017eijte mo\u017enost objednat se prost\u0159ednictv\u00edm\u00a0<a href=\"https:\/\/www.praha7.cz\/objednat-online\/\">rezerva\u010dn\u00edho syst\u00e9mu<\/a> na konkr\u00e9tn\u00ed den a\u00a0hodinu<\/p>\r\n<p>&#8211; Prost\u0159ednictv\u00edm slu\u017eby <a href=\"https:\/\/www.praha7.cz\/potrebuji-zaridit\/egovernment\/czech-point\/\">Czech POINT<\/a>, formul\u00e1\u0159 <a href=\"https:\/\/www.praha7.cz\/wp-content\/uploads\/2023\/03\/Zm\u011bnov\u00fd-list.pdf\">Zm\u011bnov\u00fd list<\/a> m\u016f\u017eete v\u00a0ti\u0161t\u011bn\u00e9 podob\u011b vyplnit p\u0159edem nebo jej s\u00a0v\u00e1mi referent vypln\u00ed na m\u00edst\u011b, hrad\u00ed se poplatek 50&nbsp;K\u010d za p\u0159ijet\u00ed.\u00a0<\/p>\r\n<p>&#8211; <a href=\"https:\/\/www.praha7.cz\/zruseni-zivnostenskeho-opravneni-pro-imobilni-obcany\/\">Zru\u0161en\u00ed \u017eivnostensk\u00e9ho opr\u00e1vn\u011bn\u00ed pro imobiln\u00ed ob\u010dany<\/a><\/p>\r\n<p>&nbsp;<\/p>\r\n<h3>Vzd\u00e1len\u011b<\/h3>\r\n<p>\u00b7\u00a0\u00a0\u00a0\u00a0\u00a0\u00a0\u00a0\u00a0 Pod\u00e1n\u00ed lze podat na formul\u00e1\u0159i <a href=\"https:\/\/www.praha7.cz\/wp-content\/uploads\/2023\/03\/Zm\u011bnov\u00fd-list.pdf\">Zm\u011bnov\u00fd list<\/a> p\u0159\u00edmo do <a href=\"https:\/\/www.praha7.cz\/radnice\/\">podatelny \u00da\u0159adu m\u011bstsk\u00e9 \u010d\u00e1sti Praha\u00a07<\/a><\/p>\r\n<p>\u00b7\u00a0\u00a0\u00a0\u00a0\u00a0\u00a0\u00a0\u00a0 Zaslat prost\u0159ednictv\u00edm dr\u017eitele po\u0161tovn\u00ed licence<\/p>\r\n<p>\u00b7\u00a0\u00a0\u00a0\u00a0\u00a0\u00a0\u00a0\u00a0 Zaslat elektronicky prost\u0159ednictv\u00edm datov\u00e9 schr\u00e1nky (ID r44b2x7)<\/p>\r\n<p>\u00b7\u00a0\u00a0\u00a0\u00a0\u00a0\u00a0\u00a0\u00a0 Zaslat elektronicky do podatelny \u00da\u0159adu m\u011bstsk\u00e9 \u010d\u00e1sti Praha\u00a07 se zaru\u010den\u00fdm elektronick\u00fdm podpisem (e-mail:\u00a0<a href=\"mailto:podatelna@praha7.cz\">podatelna@praha7.cz<\/a>) nebo vyu\u017e\u00edt aplikace\u00a0<a href=\"https:\/\/www.rzp.cz\/jrf\/cs\/zmena-zivnosti\/fyzicka-osoba\/-\/podnikatel\">elektronick\u00e9 pod\u00e1n\u00ed<\/a><\/p>","protected":false},"excerpt":{"rendered":"[perex] V&nbsp;roce 2023 se v\u0161em podnikaj\u00edc\u00edm fyzick\u00fdm osob\u00e1m automaticky z\u0159izuje datov\u00e1 schr\u00e1nka. P\u0159i t\u00e9to p\u0159\u00edle\u017eitosti \u0159ada ob\u010dan\u016f zji\u0161\u0165uje, \u017ee m\u00e1 st\u00e1le platn\u00e9 \u017eivnostensk\u00e9 opr\u00e1vn\u011bn\u00ed, kter\u00e9 nevyu\u017e\u00edv\u00e1.\u00a0Vzhledem k&nbsp;v\u00fdrazn\u011b zv\u00fd\u0161en\u00e9mu z\u00e1jmu o&nbsp;zru\u0161en\u00ed \u017eivnostensk\u00fdch opr\u00e1vn\u011bn\u00ed p\u0159ipom\u00edn\u00e1me zp\u016fsoby, jak lze tento \u00fakon prov\u00e9st. [\/perex] Osobn\u011b: \u00b7\u00a0\u00a0\u00a0\u00a0\u00a0\u00a0\u00a0\u00a0 Lze tak u\u010dinit na kter\u00e9mkoli \u017eivnostensk\u00e9m \u00fa\u0159ad\u011b v\u00a0\u010cR bez ohledu na trval\u00e9 [&hellip;]","protected":false},"author":5,"featured_media":65170,"comment_status":"closed","ping_status":"open","sticky":false,"template":"","format":"standard","meta":[],"categories":[34],"tags":[],"_links":{"self":[{"href":"https:\/\/www.praha7.cz\/api\/wp\/v2\/posts\/65162"}],"collection":[{"href":"https:\/\/www.praha7.cz\/api\/wp\/v2\/posts"}],"about":[{"href":"https:\/\/www.praha7.cz\/api\/wp\/v2\/types\/post"}],"author":[{"embeddable":true,"href":"https:\/\/www.praha7.cz\/api\/wp\/v2\/users\/5"}],"replies":[{"embeddable":true,"href":"https:\/\/www.praha7.cz\/api\/wp\/v2\/comments?post=65162"}],"version-history":[{"count":1,"href":"https:\/\/www.praha7.cz\/api\/wp\/v2\/posts\/65162\/revisions"}],"predecessor-version":[{"id":65167,"href":"https:\/\/www.praha7.cz\/api\/wp\/v2\/posts\/65162\/revisions\/65167"}],"wp:featuredmedia":[{"embeddable":true,"href":"https:\/\/www.praha7.cz\/api\/wp\/v2\/media\/65170"}],"wp:attachment":[{"href":"https:\/\/www.praha7.cz\/api\/wp\/v2\/media?parent=65162"}],"wp:term":[{"taxonomy":"category","embeddable":true,"href":"https:\/\/www.praha7.cz\/api\/wp\/v2\/categories?post=65162"},{"taxonomy":"post_tag","embeddable":true,"href":"https:\/\/www.praha7.cz\/api\/wp\/v2\/tags?post=65162"}],"curies":[{"name":"wp","href":"https:\/\/api.w.org\/{rel}","templated":true}]}}